{"id":16530,"date":"2013-02-23T16:13:54","date_gmt":"2013-02-23T19:13:54","guid":{"rendered":"http:\/\/www.24baires.com\/?p=16530"},"modified":"2013-02-23T16:13:54","modified_gmt":"2013-02-23T19:13:54","slug":"paro-de-24-horas-para-el-lunes-y-movilizacion-el-6-de-marzo-de-la-ctera","status":"publish","type":"post","link":"https:\/\/www.24baires.com\/?p=16530","title":{"rendered":"Paro de 24 horas para el lunes y movilizaci\u00f3n el 6 de marzo de la Ctera"},"content":{"rendered":"<p>Los docentes agrupados en la Confederaci\u00f3n de Trabajadores de la Argentina (Ctera) dispusieron \u00abun paro de actividades de 24 horas para el lunes pr\u00f3ximo\u00bb, y \u00abuna jornada de protesta y movilizaci\u00f3n para el 6 marzo\u00bb.<!--more--><\/p>\n<p>La secretaria general del gremio, Stella Maldonado, inform\u00f3 en conferencia de prensa que adem\u00e1s pedir\u00e1n a las autoridades que \u00abse eleve al 8 por ciento del PBI el presupuesto educativo, as\u00ed como la modificaci\u00f3n del impuesto a las ganancias, la universalizacion de las asignacioes familiares y que el Ministerio de Trabajo intervenga en la negociaci\u00f3n paritaria\u00bb.<\/p>\n","protected":false},"excerpt":{"rendered":"<p>Los docentes agrupados en la Confederaci\u00f3n de Trabajadores de la Argentina (Ctera) dispusieron \u00abun paro de actividades de 24 horas para el lunes pr\u00f3ximo\u00bb, y \u00abuna jornada de protesta y movilizaci\u00f3n para el 6 marzo\u00bb.<\/p>\n","protected":false},"author":11,"featured_media":0,"comment_status":"open","ping_status":"open","sticky":false,"template":"","format":"standard","meta":{"_jetpack_newsletter_access":"","_jetpack_dont_email_post_to_subs":false,"_jetpack_newsletter_tier_id":0,"_jetpack_memberships_contains_paywalled_content":false,"_jetpack_memberships_contains_paid_content":false,"footnotes":""},"categories":[1],"tags":[],"class_list":["post-16530","post","type-post","status-publish","format-standard","hentry","category-sociedad"],"jetpack_featured_media_url":"","jetpack_shortlink":"https:\/\/wp.me\/p2JWE0-4iC","jetpack-related-posts":[{"id":107083,"url":"https:\/\/www.24baires.com\/?p=107083","url_meta":{"origin":16530,"position":0},"title":"Docentes inician el ciclo lectivo con un paro por 72 horas y marchar\u00e1n a Plaza de Mayo","author":"GB","date":"06\/03\/2019","format":false,"excerpt":"Mientras la paritaria no arroja resultados favorables tanto para los gremios como para el gobierno, esta semana las aulas permanecer\u00e1n vac\u00edas. Todos los gremios que componen el Frente de Unidad Docentes Bonaerense resolvieron declarar un paro de 72 horas, en paralelo con la convocatoria de la huelga nacional llevada a\u2026","rel":"","context":"En \u00abSociedad\u00bb","block_context":{"text":"Sociedad","link":"https:\/\/www.24baires.com\/?cat=1"},"img":{"alt_text":"","src":"https:\/\/i0.wp.com\/www.24baires.com\/wp-content\/uploads\/2019\/03\/docentes.jpg?resize=350%2C200","width":350,"height":200,"srcset":"https:\/\/i0.wp.com\/www.24baires.com\/wp-content\/uploads\/2019\/03\/docentes.jpg?resize=350%2C200 1x, https:\/\/i0.wp.com\/www.24baires.com\/wp-content\/uploads\/2019\/03\/docentes.jpg?resize=525%2C300 1.5x"},"classes":[]},{"id":103122,"url":"https:\/\/www.24baires.com\/?p=103122","url_meta":{"origin":16530,"position":1},"title":"Comenz\u00f3 el paro nacional docente convocado por CTERA","author":"GB","date":"03\/07\/2018","format":false,"excerpt":"La Confederaci\u00f3n de Trabajadores de la Educaci\u00f3n realiza la medida de fuerza por 24 horas a ra\u00edz de la represi\u00f3n que sufrieron sus pares en Chubut. Adem\u00e1s exigen la reapertura de la paritaria nacional y la resoluci\u00f3n de los reclamos salariales. La Confederaci\u00f3n de Trabajadores de la Educaci\u00f3n (CTERA) convoc\u00f3\u2026","rel":"","context":"En \u00abPol\u00edtica\u00bb","block_context":{"text":"Pol\u00edtica","link":"https:\/\/www.24baires.com\/?cat=51"},"img":{"alt_text":"","src":"https:\/\/i0.wp.com\/www.24baires.com\/wp-content\/uploads\/2016\/03\/ctera-paro.jpg?resize=350%2C200","width":350,"height":200,"srcset":"https:\/\/i0.wp.com\/www.24baires.com\/wp-content\/uploads\/2016\/03\/ctera-paro.jpg?resize=350%2C200 1x, https:\/\/i0.wp.com\/www.24baires.com\/wp-content\/uploads\/2016\/03\/ctera-paro.jpg?resize=525%2C300 1.5x"},"classes":[]},{"id":107033,"url":"https:\/\/www.24baires.com\/?p=107033","url_meta":{"origin":16530,"position":2},"title":"Fracas\u00f3 la nueva paritaria docente y no comenzar\u00e1n las clases","author":"AF","date":"28\/02\/2019","format":false,"excerpt":"En este contexto, CTERA anunci\u00f3 un paro de 72 horas para los pr\u00f3ximos mi\u00e9rcoles, jueves y viernes. El ciclo lectivo comenzar\u00eda reci\u00e9n el lunes 11. Sin acuerdo salarial en varias provincias, el sindicato de docentes nacionales mayoritario, la CTERA, anunci\u00f3 un paro de 72 horas. La medida de fuerza se\u2026","rel":"","context":"En \u00abSociedad\u00bb","block_context":{"text":"Sociedad","link":"https:\/\/www.24baires.com\/?cat=1"},"img":{"alt_text":"","src":"https:\/\/i0.wp.com\/www.24baires.com\/wp-content\/uploads\/2019\/01\/docentes-educacion.jpg?resize=350%2C200","width":350,"height":200,"srcset":"https:\/\/i0.wp.com\/www.24baires.com\/wp-content\/uploads\/2019\/01\/docentes-educacion.jpg?resize=350%2C200 1x, https:\/\/i0.wp.com\/www.24baires.com\/wp-content\/uploads\/2019\/01\/docentes-educacion.jpg?resize=525%2C300 1.5x"},"classes":[]},{"id":2634,"url":"https:\/\/www.24baires.com\/?p=2634","url_meta":{"origin":16530,"position":3},"title":"Docentes dudan de la fecha de inicio de clases y hablan de \u00abdecisi\u00f3n unilateral\u00bb de Scioli","author":"Grupo Sierra","date":"19\/10\/2012","format":false,"excerpt":"Desde CTERA advirtieron que la fecha del comienzo del ciclo escolar \u201cdebi\u00f3 tratarse en paritarias y no haberse resuelto en forma unilateral por el gobierno\u201d. En tanto, la CTA bonaerense confirm\u00f3 el paro de 48 horas para la semana pr\u00f3xima. Frente al anuncio del Ministerio de Educaci\u00f3n sobre el comienzo\u2026","rel":"","context":"En \u00abProvincia\u00bb","block_context":{"text":"Provincia","link":"https:\/\/www.24baires.com\/?cat=40"},"img":{"alt_text":"","src":"https:\/\/i0.wp.com\/www.24baires.com\/wp-content\/uploads\/2012\/10\/SUTEBA-BARADEL.jpg?resize=350%2C200","width":350,"height":200},"classes":[]},{"id":92853,"url":"https:\/\/www.24baires.com\/?p=92853","url_meta":{"origin":16530,"position":4},"title":"Multitudinaria marcha docente, en reclamo por una paritaria nacional","author":"GB","date":"06\/03\/2017","format":false,"excerpt":"M\u00e1s de 50 mil personas marcharon este lunes desde el Congreso hasta el Ministerio de Educaci\u00f3n en el primero de los dos d\u00edas de paro convocados por gremios docentes en reclamo de la apertura de la paritaria nacional.Mir\u00e1 las mejores im\u00e1genes. En el primer d\u00eda de una semana cargada de\u2026","rel":"","context":"En \u00abPol\u00edtica\u00bb","block_context":{"text":"Pol\u00edtica","link":"https:\/\/www.24baires.com\/?cat=51"},"img":{"alt_text":"","src":"https:\/\/i0.wp.com\/www.24baires.com\/wp-content\/uploads\/2017\/03\/marcha-docente.jpg?resize=350%2C200","width":350,"height":200,"srcset":"https:\/\/i0.wp.com\/www.24baires.com\/wp-content\/uploads\/2017\/03\/marcha-docente.jpg?resize=350%2C200 1x, https:\/\/i0.wp.com\/www.24baires.com\/wp-content\/uploads\/2017\/03\/marcha-docente.jpg?resize=525%2C300 1.5x"},"classes":[]},{"id":99041,"url":"https:\/\/www.24baires.com\/?p=99041","url_meta":{"origin":16530,"position":5},"title":"Suteba marchar\u00e1 este mi\u00e9rcoles \u00abcontra la reforma y el ajuste\u00bb y no habr\u00e1 clases","author":"Grupo Sierra","date":"28\/11\/2017","format":false,"excerpt":"El Sindicato Unificado de Trabajadores de la Educaci\u00f3n de Buenos Aires (Suteba) se suma al paro nacional y la movilizaci\u00f3n al Congreso de ma\u00f1ana convocado por Ctera contra la reforma laboral, previsional e impositiva que impulsa el Gobierno nacional. De esta manera, el gremio mayoritario de los docentes bonaerenses realizar\u00e1\u2026","rel":"","context":"En \u00abSindicales\u00bb","block_context":{"text":"Sindicales","link":"https:\/\/www.24baires.com\/?cat=326"},"img":{"alt_text":"","src":"https:\/\/i0.wp.com\/www.24baires.com\/wp-content\/uploads\/2012\/10\/suteba.jpg?resize=350%2C200","width":350,"height":200,"srcset":"https:\/\/i0.wp.com\/www.24baires.com\/wp-content\/uploads\/2012\/10\/suteba.jpg?resize=350%2C200 1x, https:\/\/i0.wp.com\/www.24baires.com\/wp-content\/uploads\/2012\/10\/suteba.jpg?resize=525%2C300 1.5x"},"classes":[]}],"jetpack_sharing_enabled":true,"jetpack_likes_enabled":true,"_links":{"self":[{"href":"https:\/\/www.24baires.com\/index.php?rest_route=\/wp\/v2\/posts\/16530","targetHints":{"allow":["GET"]}}],"collection":[{"href":"https:\/\/www.24baires.com\/index.php?rest_route=\/wp\/v2\/posts"}],"about":[{"href":"https:\/\/www.24baires.com\/index.php?rest_route=\/wp\/v2\/types\/post"}],"author":[{"embeddable":true,"href":"https:\/\/www.24baires.com\/index.php?rest_route=\/wp\/v2\/users\/11"}],"replies":[{"embeddable":true,"href":"https:\/\/www.24baires.com\/index.php?rest_route=%2Fwp%2Fv2%2Fcomments&post=16530"}],"version-history":[{"count":2,"href":"https:\/\/www.24baires.com\/index.php?rest_route=\/wp\/v2\/posts\/16530\/revisions"}],"predecessor-version":[{"id":16533,"href":"https:\/\/www.24baires.com\/index.php?rest_route=\/wp\/v2\/posts\/16530\/revisions\/16533"}],"wp:attachment":[{"href":"https:\/\/www.24baires.com\/index.php?rest_route=%2Fwp%2Fv2%2Fmedia&parent=16530"}],"wp:term":[{"taxonomy":"category","embeddable":true,"href":"https:\/\/www.24baires.com\/index.php?rest_route=%2Fwp%2Fv2%2Fcategories&post=16530"},{"taxonomy":"post_tag","embeddable":true,"href":"https:\/\/www.24baires.com\/index.php?rest_route=%2Fwp%2Fv2%2Ftags&post=16530"}],"curies":[{"name":"wp","href":"https:\/\/api.w.org\/{rel}","templated":true}]}}