{"id":16528,"date":"2013-02-23T16:30:53","date_gmt":"2013-02-23T19:30:53","guid":{"rendered":"http:\/\/www.24baires.com\/?p=16528"},"modified":"2013-02-23T17:05:44","modified_gmt":"2013-02-23T20:05:44","slug":"comenzo-en-villa-gesell-el-enduro-del-verano-2013","status":"publish","type":"post","link":"https:\/\/www.24baires.com\/?p=16528","title":{"rendered":"Comenz\u00f3 en Villa Gesell el Enduro del Verano 2013"},"content":{"rendered":"<p><img data-recalc-dims=\"1\" loading=\"lazy\" decoding=\"async\" class=\"alignleft size-medium wp-image-3513\" alt=\"enduro\" src=\"https:\/\/i0.wp.com\/www.24baires.com\/wp-content\/uploads\/2012\/10\/enduro.jpg?resize=300%2C199\" width=\"300\" height=\"199\" srcset=\"https:\/\/i0.wp.com\/www.24baires.com\/wp-content\/uploads\/2012\/10\/enduro.jpg?resize=300%2C199&amp;ssl=1 300w, https:\/\/i0.wp.com\/www.24baires.com\/wp-content\/uploads\/2012\/10\/enduro.jpg?w=475&amp;ssl=1 475w\" sizes=\"auto, (max-width: 300px) 100vw, 300px\" \/>Es la 20\u00b0 Edici\u00f3n de esta tradicional carrera que re\u00fane m\u00e1s de 200 motociclistas de diferentes partes del continente. Es la segunda competencia motocicl\u00edstica m\u00e1s grande del planeta.<!--more--><br \/>\nEste viernes fue llevada a cabo una largada simb\u00f3lica de motos y cuatriciclos, dando apertura a la 20\u00b0 edici\u00f3n del \u00abEnduro del Verano \u2013 Le Touquet \u2013 Villa Gesell 2013\u00bb. Se trata de la segunda competencia motocicl\u00edstica m\u00e1s grande del planeta.<\/p>\n<p>Este s\u00e1bado, el p\u00fablico podr\u00e1 acceder de manera gratuita al predio del Circuito Municipal, ubicado en el kil\u00f3metro 408 de la Ruta 11, en el cual podr\u00e1n disfrutar los entrenamientos de las distintas categor\u00edas, adem\u00e1s de exhibiciones y los atractivos que ofrecen los stands all\u00ed instalados.<\/p>\n<p>Uno de los competidores se\u00f1al\u00f3 \u00abme prepare muy duro, en la arena y es bastante distinto a lo que estamos acostumbrados, pero por eso estuvimos entrenando en la arena para acostumbrarnos a este recorrido. Esta carrera es la que todo pilto quiere correr, ya que viene gente de todas parte del mundo y todo corredor de motor cross quiere estar ac\u00e1, sobre todo por lo que significa competir co ontras 200 motos.\u00bb<\/p>\n<p>Adem\u00e1s, el competidor destac\u00f3 \u00abLa carrera tiene dos largadas de motos, la primera es para la categor\u00eda amateur y promocional y la segunda salida, es para los master, seniors, donde corren los mas experimentados\u00bb.<\/p>\n<p>&nbsp;<\/p>\n<p>&nbsp;<\/p>\n<p>&nbsp;<\/p>\n<p>&nbsp;<\/p>\n<p>&nbsp;<\/p>\n<p>&nbsp;<\/p>\n<p>&nbsp;<\/p>\n<p>&nbsp;<\/p>\n<p>&nbsp;<\/p>\n<p>&nbsp;<\/p>\n<p>&nbsp;<\/p>\n<p>&nbsp;<\/p>\n<p>&nbsp;<\/p>\n<p>&nbsp;<\/p>\n<p>&nbsp;<\/p>\n<p>&nbsp;<\/p>\n","protected":false},"excerpt":{"rendered":"<p>Es la 20\u00b0 Edici\u00f3n de esta tradicional carrera que re\u00fane m\u00e1s de 200 motociclistas de diferentes partes del continente. Es la segunda competencia motocicl\u00edstica m\u00e1s grande del planeta.<\/p>\n","protected":false},"author":4,"featured_media":0,"comment_status":"open","ping_status":"open","sticky":false,"template":"","format":"standard","meta":{"_jetpack_newsletter_access":"","_jetpack_dont_email_post_to_subs":false,"_jetpack_newsletter_tier_id":0,"_jetpack_memberships_contains_paywalled_content":false,"_jetpack_memberships_contains_paid_content":false,"footnotes":""},"categories":[1],"tags":[],"class_list":["post-16528","post","type-post","status-publish","format-standard","hentry","category-sociedad"],"jetpack_featured_media_url":"","jetpack_shortlink":"https:\/\/wp.me\/p2JWE0-4iA","jetpack-related-posts":[{"id":16039,"url":"https:\/\/www.24baires.com\/?p=16039","url_meta":{"origin":16528,"position":0},"title":"Llega a Villa Gesell la carrera Enduro del Verano 2013","author":"AF","date":"18\/02\/2013","format":false,"excerpt":"Los m\u00e9danos de Villa Gesell ser\u00e1n sede del circuito de la tradicional competencia de motos y cuatriciclos m\u00e1s importante de Latinoam\u00e9rica. M\u00e1s de mil motos y cuatriciclos participar\u00e1n este fin de semana de la carrera Enduro del Verano 2013, competencia que se realiza en los m\u00e9danos de Villa Gesell. El\u2026","rel":"","context":"En \u00abLocales\u00bb","block_context":{"text":"Locales","link":"https:\/\/www.24baires.com\/?cat=38"},"img":{"alt_text":"enduro 2013","src":"https:\/\/i0.wp.com\/www.24baires.com\/wp-content\/uploads\/2013\/02\/enduro-2013.jpg?resize=350%2C200","width":350,"height":200,"srcset":"https:\/\/i0.wp.com\/www.24baires.com\/wp-content\/uploads\/2013\/02\/enduro-2013.jpg?resize=350%2C200 1x, https:\/\/i0.wp.com\/www.24baires.com\/wp-content\/uploads\/2013\/02\/enduro-2013.jpg?resize=525%2C300 1.5x"},"classes":[]},{"id":41032,"url":"https:\/\/www.24baires.com\/?p=41032","url_meta":{"origin":16528,"position":1},"title":"Con r\u00e9cord Guinnes, estall\u00f3 el Enduro del Verano en Villa Gesell","author":"Grupo Sierra","date":"24\/02\/2014","format":false,"excerpt":"VILLA GESELL- En cuatriciclos, el triunfador fue Javier Altieri. El veterano piloto de Pinamar, hijo del exintendente Blas Altieri y especialista de esta competencia, se llev\u00f3 su cuarto triunfo en este Enduro. En motos, Felipe Ellis retuvo el 1 en la Argentina con su Kawasaki. El corredor de Bah\u00eda Blanca\u2026","rel":"","context":"En \u00abLocales\u00bb","block_context":{"text":"Locales","link":"https:\/\/www.24baires.com\/?cat=38"},"img":{"alt_text":"enduro","src":"https:\/\/i0.wp.com\/www.24baires.com\/wp-content\/uploads\/2014\/02\/enduro.jpg?resize=350%2C200","width":350,"height":200,"srcset":"https:\/\/i0.wp.com\/www.24baires.com\/wp-content\/uploads\/2014\/02\/enduro.jpg?resize=350%2C200 1x, https:\/\/i0.wp.com\/www.24baires.com\/wp-content\/uploads\/2014\/02\/enduro.jpg?resize=525%2C300 1.5x"},"classes":[]},{"id":40120,"url":"https:\/\/www.24baires.com\/?p=40120","url_meta":{"origin":16528,"position":2},"title":"Llega el Enduro del Verano, el evento con m\u00e1s adrenalina de Villa Gesell","author":"Grupo Sierra","date":"09\/02\/2014","format":false,"excerpt":"VILLA GESELL- Ser\u00e1 la 21\u00b0 edici\u00f3n de la carrera que re\u00fane a los mejores pilotos de todo el mundo. Se trata de la 2\u00b0 competencia de motos y cuatris m\u00e1s importante a nivel mundial. Es \u00fanica en el planeta por su multitudinaria convocatoria. La ciudad bonaerense de Villa Gesell se\u2026","rel":"","context":"En \u00abLocales\u00bb","block_context":{"text":"Locales","link":"https:\/\/www.24baires.com\/?cat=38"},"img":{"alt_text":"enduro gesell","src":"https:\/\/i0.wp.com\/www.24baires.com\/wp-content\/uploads\/2014\/02\/enduro-gesell.jpg?resize=350%2C200","width":350,"height":200,"srcset":"https:\/\/i0.wp.com\/www.24baires.com\/wp-content\/uploads\/2014\/02\/enduro-gesell.jpg?resize=350%2C200 1x, https:\/\/i0.wp.com\/www.24baires.com\/wp-content\/uploads\/2014\/02\/enduro-gesell.jpg?resize=525%2C300 1.5x"},"classes":[]},{"id":54257,"url":"https:\/\/www.24baires.com\/?p=54257","url_meta":{"origin":16528,"position":3},"title":"El pr\u00f3ximo fin de semana largo llega el Enduro a Monte Hermoso","author":"AF","date":"25\/09\/2014","format":false,"excerpt":"El anuncio se realiz\u00f3 durante la Fiesta de la Primavera, con la presencia de Marcos Patronelli y el \u00faltimo ganador de las competencias, Felipe Ellis. \u201cNosotros somos un municipio netamente tur\u00edstico que planificamos y organizamos distintas actividades a lo largo del a\u00f1o y en este evento encontramos hito muy importante\u2026","rel":"","context":"En \u00abLocales\u00bb","block_context":{"text":"Locales","link":"https:\/\/www.24baires.com\/?cat=38"},"img":{"alt_text":"enduro gesell","src":"https:\/\/i0.wp.com\/www.24baires.com\/wp-content\/uploads\/2014\/02\/enduro-gesell.jpg?resize=350%2C200","width":350,"height":200,"srcset":"https:\/\/i0.wp.com\/www.24baires.com\/wp-content\/uploads\/2014\/02\/enduro-gesell.jpg?resize=350%2C200 1x, https:\/\/i0.wp.com\/www.24baires.com\/wp-content\/uploads\/2014\/02\/enduro-gesell.jpg?resize=525%2C300 1.5x"},"classes":[]},{"id":62190,"url":"https:\/\/www.24baires.com\/?p=62190","url_meta":{"origin":16528,"position":4},"title":"Turismo apoy\u00f3 la realizaci\u00f3n de fiestas populares en la Provincia","author":"AF","date":"24\/02\/2015","format":false,"excerpt":"La Secretar\u00eda de Turismo, a cargo de Ignacio Crotto, acompa\u00f1\u00f3 las fiestas populares y actividades deportivas que se realizaron durante el fin de semana en diferentes ciudades de la Provincia. El subsecretario de la cartera, Roberto D\u00edaz, estuvo presente en la primera edici\u00f3n de la Fiesta de la Mariposa Bandera\u2026","rel":"","context":"En \u00abProvincia\u00bb","block_context":{"text":"Provincia","link":"https:\/\/www.24baires.com\/?cat=40"},"img":{"alt_text":"crotto ra\u00edz","src":"https:\/\/i0.wp.com\/www.24baires.com\/wp-content\/uploads\/2014\/11\/crotto-ra%C3%ADz.png?resize=350%2C200","width":350,"height":200},"classes":[]},{"id":32428,"url":"https:\/\/www.24baires.com\/?p=32428","url_meta":{"origin":16528,"position":5},"title":"Llega a Monte Hermoso la 3\u00aa edici\u00f3n del Enduro","author":"AF","date":"25\/09\/2013","format":false,"excerpt":"La tercera edici\u00f3n del enduro arenero de primavera se realizar\u00e1 los d\u00edas 11, 12 y 13 de Octubre, con la presencia de los mejores exponentes del ATV y MX del pa\u00eds. Aunque la competencia se desarrollar\u00e1 el domingo 13, los d\u00edas anteriores los pilotos deber\u00e1n acreditarse y realizar los entrenamientos\u2026","rel":"","context":"En \u00abLocales\u00bb","block_context":{"text":"Locales","link":"https:\/\/www.24baires.com\/?cat=38"},"img":{"alt_text":"","src":"","width":0,"height":0},"classes":[]}],"jetpack_sharing_enabled":true,"jetpack_likes_enabled":true,"_links":{"self":[{"href":"https:\/\/www.24baires.com\/index.php?rest_route=\/wp\/v2\/posts\/16528","targetHints":{"allow":["GET"]}}],"collection":[{"href":"https:\/\/www.24baires.com\/index.php?rest_route=\/wp\/v2\/posts"}],"about":[{"href":"https:\/\/www.24baires.com\/index.php?rest_route=\/wp\/v2\/types\/post"}],"author":[{"embeddable":true,"href":"https:\/\/www.24baires.com\/index.php?rest_route=\/wp\/v2\/users\/4"}],"replies":[{"embeddable":true,"href":"https:\/\/www.24baires.com\/index.php?rest_route=%2Fwp%2Fv2%2Fcomments&post=16528"}],"version-history":[{"count":3,"href":"https:\/\/www.24baires.com\/index.php?rest_route=\/wp\/v2\/posts\/16528\/revisions"}],"predecessor-version":[{"id":16531,"href":"https:\/\/www.24baires.com\/index.php?rest_route=\/wp\/v2\/posts\/16528\/revisions\/16531"}],"wp:attachment":[{"href":"https:\/\/www.24baires.com\/index.php?rest_route=%2Fwp%2Fv2%2Fmedia&parent=16528"}],"wp:term":[{"taxonomy":"category","embeddable":true,"href":"https:\/\/www.24baires.com\/index.php?rest_route=%2Fwp%2Fv2%2Fcategories&post=16528"},{"taxonomy":"post_tag","embeddable":true,"href":"https:\/\/www.24baires.com\/index.php?rest_route=%2Fwp%2Fv2%2Ftags&post=16528"}],"curies":[{"name":"wp","href":"https:\/\/api.w.org\/{rel}","templated":true}]}}