{"id":16506,"date":"2013-02-23T14:02:05","date_gmt":"2013-02-23T17:02:05","guid":{"rendered":"http:\/\/www.24baires.com\/?p=16506"},"modified":"2013-02-23T14:02:05","modified_gmt":"2013-02-23T17:02:05","slug":"aliverti-no-hizo-hoy-su-programa-y-aseguro-grabado-que-es-el-peor-momento-de-mi-vida","status":"publish","type":"post","link":"https:\/\/www.24baires.com\/?p=16506","title":{"rendered":"Aliverti no hizo hoy su programa y asegur\u00f3 grabado que \u00abes el peor momento de mi vida\u00bb"},"content":{"rendered":"<p>El periodista y locutor Eduardo Aliverti, \u00a0no concurri\u00f3 hoy al programa que conduce los s\u00e1bados por radio La Red y, a trav\u00e9s de un mensaje grabado se refiri\u00f3 al accidente automovil\u00edstico que protagoniz\u00f3 su hijo, Pablo Garc\u00eda, el domingo pasado.<!--more--><\/p>\n<p>\u00abMe ayudaron a pensar los que me quieren si deb\u00eda estar al frente del programa de hoy. Fue un\u00e1nime decidir que no porque no estoy seguro de afrontar con la atenci\u00f3n que se debe una audici\u00f3n de tres horas\u00bb, fueron las palabras del locutor en la grabaci\u00f3n con que inici\u00f3 hoy a las 10 su programa \u00abMarca de radio\u00bb, por AM 910.<\/p>\n<p>Con respecto al accidente en que Garc\u00eda, tambi\u00e9n periodista y conductor radial, embisti\u00f3 y mat\u00f3 a un ciclista en la autopista Panamericana, Eduardo Aliverti dijo: \u00abNo puedo y no debo decir mucho m\u00e1s que lo expresado en esas palabras que sub\u00ed al muro de `Marca\u00b4\u00bb, luego de lo cual repiti\u00f3 el comunicado que el mi\u00e9rcoles \u00faltimo emiti\u00f3 a trav\u00e9s de la p\u00e1gina de Facebook de su programa.<\/p>\n<p>All\u00ed, el locutor reconoc\u00eda que Garc\u00eda era su hijo y afirmaba que sus sentimientos y los de su familia acompa\u00f1aban \u00abprincipalmente a los familiares de la v\u00edctima (Reinaldo Rodas, 53)\u00bb.<\/p>\n<p>\u00abSencillamente no me da para andar hablando de macropol\u00edtica, y si me diera, ser\u00eda una falta de respeto hacia el dolor de las v\u00edctimas. M\u00e1s tarde la vida seguir\u00e1, no s\u00e9 c\u00f3mo\u00bb, continu\u00f3 hoy Aliverti en el mensaje grabado para sus oyentes, y agreg\u00f3: \u00abNo es uno de los momentos m\u00e1s dolorosos de mi vida, es el peor\u00bb.<\/p>\n<p>El hecho ocurri\u00f3 el domingo, alrededor de las 6, cuando Rodas, como todos los d\u00edas, se dirig\u00eda esa ma\u00f1ana en su bicicleta rumbo a su trabajo como vigilador de la empresa Watchman en el country \u00abMapuche\u00bb de Pilar.<\/p>\n<p>De acuerdo a lo que pudo reconstruir la polic\u00eda y la fiscal\u00eda interviniente, el accidente ocurri\u00f3 entre el kil\u00f3metro 53 y 52 de la autopista Panamericana, mano a Capital Federal, cuando Rodas circulaba en su bicicleta y fue embestido de atr\u00e1s por un Peugeot 504 color celeste metalizado conducido por Garc\u00eda.<\/p>\n<p>A ra\u00edz del impacto, Rodas vol\u00f3 sobre el veh\u00edculo y qued\u00f3 incrustado en el parabrisas con el torso y la cabeza dentro del habit\u00e1culo, del lado del acompa\u00f1ante, y con las piernas sobresaliendo sobre el cap\u00f3.<\/p>\n<p>Garc\u00eda manej\u00f3 con la v\u00edctima a su lado los 17 kil\u00f3metros que hay desde el lugar del accidente hasta las cabinas de peaje de Pablo Nogu\u00e9s, donde fue detenido y los m\u00e9dicos constataron que el vigilador estaba muerto.<\/p>\n<p>Los resultados preliminares de la autopsia revelaron que Rodas falleci\u00f3 en el acto a ra\u00edz de un traumatismo de cr\u00e1neo encef\u00e1lico y cervical que sufri\u00f3 al momento del impacto.<\/p>\n<p>&nbsp;<\/p>\n<p>&nbsp;<\/p>\n<p>&nbsp;<\/p>\n<p>&nbsp;<\/p>\n<p>&nbsp;<\/p>\n<p>&nbsp;<\/p>\n<p>&nbsp;<\/p>\n<p>&nbsp;<\/p>\n<p>&nbsp;<\/p>\n<p>&nbsp;<\/p>\n<p>&nbsp;<\/p>\n<p>&nbsp;<\/p>\n<p>&nbsp;<\/p>\n<p>&nbsp;<\/p>\n<p>&nbsp;<\/p>\n<p>&nbsp;<\/p>\n<p>&nbsp;<\/p>\n<p>&nbsp;<\/p>\n<p>&nbsp;<\/p>\n","protected":false},"excerpt":{"rendered":"<p>El periodista y locutor Eduardo Aliverti, \u00a0no concurri\u00f3 hoy al programa que conduce los s\u00e1bados por radio La Red y, a trav\u00e9s de un mensaje grabado se refiri\u00f3 al accidente automovil\u00edstico que protagoniz\u00f3 su hijo, Pablo Garc\u00eda, el domingo pasado.<\/p>\n","protected":false},"author":11,"featured_media":0,"comment_status":"open","ping_status":"open","sticky":false,"template":"","format":"standard","meta":{"_jetpack_newsletter_access":"","_jetpack_dont_email_post_to_subs":false,"_jetpack_newsletter_tier_id":0,"_jetpack_memberships_contains_paywalled_content":false,"_jetpack_memberships_contains_paid_content":false,"footnotes":""},"categories":[54,1],"tags":[],"class_list":["post-16506","post","type-post","status-publish","format-standard","hentry","category-medios","category-sociedad"],"jetpack_featured_media_url":"","jetpack_shortlink":"https:\/\/wp.me\/p2JWE0-4ie","jetpack-related-posts":[{"id":17194,"url":"https:\/\/www.24baires.com\/?p=17194","url_meta":{"origin":16506,"position":0},"title":"Aliverti pidi\u00f3 \u00abQue no se agregue dolor, que se haga estricta justicia\u00bb","author":"AF","date":"02\/03\/2013","format":false,"excerpt":"As\u00ed lo manifest\u00f3 el periodista Eduardo Aliverti, que volvi\u00f3 a conducir su programa radial, luego del accidente que protagoniz\u00f3 su hijo alcoholizado en la autopista Panamericana. El periodista Eduardo Aliverti volvi\u00f3 a la radio, luego de que la semana pasada decidiera no salir al aire, sino dejar un comunicado grabado\u2026","rel":"","context":"En \u00abSociedad\u00bb","block_context":{"text":"Sociedad","link":"https:\/\/www.24baires.com\/?cat=1"},"img":{"alt_text":"aliverti garc\u00eda","src":"https:\/\/i0.wp.com\/www.24baires.com\/wp-content\/uploads\/2013\/03\/aliverti-garc%C3%ADa.jpg?resize=350%2C200","width":350,"height":200,"srcset":"https:\/\/i0.wp.com\/www.24baires.com\/wp-content\/uploads\/2013\/03\/aliverti-garc%C3%ADa.jpg?resize=350%2C200 1x, https:\/\/i0.wp.com\/www.24baires.com\/wp-content\/uploads\/2013\/03\/aliverti-garc%C3%ADa.jpg?resize=525%2C300 1.5x"},"classes":[]},{"id":41468,"url":"https:\/\/www.24baires.com\/?p=41468","url_meta":{"origin":16506,"position":1},"title":"Recrean el pol\u00e9mico accidente de Pablo Garc\u00eda Aliverti","author":"Grupo Sierra","date":"03\/03\/2014","format":false,"excerpt":"Este viernes se realizar\u00e1 la reconstrucci\u00f3n del hecho por el que muri\u00f3 el vigilador Reinaldo Rodas. Tendr\u00e1 car\u00e1cter de indagatoria y es un paso previo a la elevaci\u00f3n a juicio de la causa. Para el proceso se cortar\u00e1n dos carriles en el kil\u00f3metro 52 de la autopista Panamericana, a la\u2026","rel":"","context":"En \u00abJUDICIALES\u00bb","block_context":{"text":"JUDICIALES","link":"https:\/\/www.24baires.com\/?cat=68"},"img":{"alt_text":"aliverti peugeot","src":"https:\/\/i0.wp.com\/www.24baires.com\/wp-content\/uploads\/2013\/02\/aliverti-peugeot-300x200.jpg?resize=350%2C200","width":350,"height":200},"classes":[]},{"id":21914,"url":"https:\/\/www.24baires.com\/?p=21914","url_meta":{"origin":16506,"position":2},"title":"El hijo de Aliverti declara en indagatoria la semana pr\u00f3xima","author":"Grupo Sierra","date":"25\/04\/2013","format":false,"excerpt":"PILAR.- El locutor Pablo Garc\u00eda \u2013hijo del periodista Eduardo Aliverti- fue citado a declaraci\u00f3n indagatoria para el 2 de mayo pr\u00f3ximo en el marco de la causa en la que est\u00e1 acusado de haber atropellado y matado a un vigilador privado, hace dos meses, en la autopista Panamericana. El locutor\u2026","rel":"","context":"En \u00abPoliciales\u00bb","block_context":{"text":"Policiales","link":"https:\/\/www.24baires.com\/?cat=49"},"img":{"alt_text":"","src":"","width":0,"height":0},"classes":[]},{"id":16211,"url":"https:\/\/www.24baires.com\/?p=16211","url_meta":{"origin":16506,"position":3},"title":"Aliverti reconoci\u00f3 que el conductor que mat\u00f3 y llev\u00f3 en su auto a un ciclista es su hijo","author":"AF","date":"20\/02\/2013","format":false,"excerpt":"El periodista radial Eduardo Aliverti reconoci\u00f3 que Pablo Garc\u00eda, el conductor que atropell\u00f3 y mat\u00f3 a un ciclista sobre la Panamericana y luego lo traslad\u00f3 durante 17 kil\u00f3metros sobre su autom\u00f3vil, es su hijo. En un escrito que public\u00f3 en la cuenta de Facebook de su programa \"Marca de Radio\"\u2026","rel":"","context":"En \u00abPoliciales\u00bb","block_context":{"text":"Policiales","link":"https:\/\/www.24baires.com\/?cat=49"},"img":{"alt_text":"","src":"","width":0,"height":0},"classes":[]},{"id":16257,"url":"https:\/\/www.24baires.com\/?p=16257","url_meta":{"origin":16506,"position":4},"title":"Los compa\u00f1eros de trabajo del hijo de Aliverti se solidarizaron con la familia de la v\u00edctima","author":"Grupo Sierra","date":"21\/02\/2013","format":false,"excerpt":"El equipo del programa \"Uno Nunca Sabe\" de radio AM750, en el cual trabaja Pablo Garc\u00eda, el joven que atropell\u00f3 a un hombre al que llev\u00f3 17 kil\u00f3metros en su auto por la Panamericana, manifest\u00f3 estar \"conmocionado\" por el hecho. Como se sabe Garc\u00eda es hijo del\u00a0periodista radial Eduardo Aliverti.\u00a0\u2026","rel":"","context":"En \u00abMedios\u00bb","block_context":{"text":"Medios","link":"https:\/\/www.24baires.com\/?cat=54"},"img":{"alt_text":"aliverti peugeot","src":"https:\/\/i0.wp.com\/www.24baires.com\/wp-content\/uploads\/2013\/02\/aliverti-peugeot-300x200.jpg?resize=350%2C200","width":350,"height":200},"classes":[]},{"id":22409,"url":"https:\/\/www.24baires.com\/?p=22409","url_meta":{"origin":16506,"position":5},"title":"Pablo Garc\u00eda asegur\u00f3 que se comunic\u00f3 en privado con la familia del vigilador","author":"AF","date":"02\/05\/2013","format":false,"excerpt":"El locutor asegur\u00f3 hoy que ya habl\u00f3 con la familia del vigilador privado Reinaldo Rodas, a quien atropell\u00f3 y mat\u00f3 cuando manejaba alcoholizado por la autopista Panamericana, a la altura de Pilar. Al salir de su casa esta ma\u00f1ana para dirigirse a declarar ante la fiscal de la causa, Mar\u00eda\u2026","rel":"","context":"En \u00abSociedad\u00bb","block_context":{"text":"Sociedad","link":"https:\/\/www.24baires.com\/?cat=1"},"img":{"alt_text":"504 p garcia","src":"https:\/\/i0.wp.com\/www.24baires.com\/wp-content\/uploads\/2013\/02\/504-p-garcia.jpg?resize=350%2C200","width":350,"height":200,"srcset":"https:\/\/i0.wp.com\/www.24baires.com\/wp-content\/uploads\/2013\/02\/504-p-garcia.jpg?resize=350%2C200 1x, https:\/\/i0.wp.com\/www.24baires.com\/wp-content\/uploads\/2013\/02\/504-p-garcia.jpg?resize=525%2C300 1.5x"},"classes":[]}],"jetpack_sharing_enabled":true,"jetpack_likes_enabled":true,"_links":{"self":[{"href":"https:\/\/www.24baires.com\/index.php?rest_route=\/wp\/v2\/posts\/16506","targetHints":{"allow":["GET"]}}],"collection":[{"href":"https:\/\/www.24baires.com\/index.php?rest_route=\/wp\/v2\/posts"}],"about":[{"href":"https:\/\/www.24baires.com\/index.php?rest_route=\/wp\/v2\/types\/post"}],"author":[{"embeddable":true,"href":"https:\/\/www.24baires.com\/index.php?rest_route=\/wp\/v2\/users\/11"}],"replies":[{"embeddable":true,"href":"https:\/\/www.24baires.com\/index.php?rest_route=%2Fwp%2Fv2%2Fcomments&post=16506"}],"version-history":[{"count":3,"href":"https:\/\/www.24baires.com\/index.php?rest_route=\/wp\/v2\/posts\/16506\/revisions"}],"predecessor-version":[{"id":16511,"href":"https:\/\/www.24baires.com\/index.php?rest_route=\/wp\/v2\/posts\/16506\/revisions\/16511"}],"wp:attachment":[{"href":"https:\/\/www.24baires.com\/index.php?rest_route=%2Fwp%2Fv2%2Fmedia&parent=16506"}],"wp:term":[{"taxonomy":"category","embeddable":true,"href":"https:\/\/www.24baires.com\/index.php?rest_route=%2Fwp%2Fv2%2Fcategories&post=16506"},{"taxonomy":"post_tag","embeddable":true,"href":"https:\/\/www.24baires.com\/index.php?rest_route=%2Fwp%2Fv2%2Ftags&post=16506"}],"curies":[{"name":"wp","href":"https:\/\/api.w.org\/{rel}","templated":true}]}}