{"id":16458,"date":"2013-02-22T08:30:05","date_gmt":"2013-02-22T11:30:05","guid":{"rendered":"http:\/\/www.24baires.com\/?p=16458"},"modified":"2013-02-22T20:29:34","modified_gmt":"2013-02-22T23:29:34","slug":"un-patrulla-municipal-de-la-matanza-rescato-a-un-nene-que-se-habia-tragado-un-tornillo","status":"publish","type":"post","link":"https:\/\/www.24baires.com\/?p=16458","title":{"rendered":"Un Patrulla Municipal de La Matanza rescat\u00f3 a un nene que se hab\u00eda tragado un tornillo"},"content":{"rendered":"<p><img data-recalc-dims=\"1\" loading=\"lazy\" decoding=\"async\" class=\"alignleft size-medium wp-image-16459\" alt=\"matanza nene tornillo\" src=\"https:\/\/i0.wp.com\/www.24baires.com\/wp-content\/uploads\/2013\/02\/matanza-nene-tornillo.jpg?resize=300%2C191\" width=\"300\" height=\"191\" srcset=\"https:\/\/i0.wp.com\/www.24baires.com\/wp-content\/uploads\/2013\/02\/matanza-nene-tornillo.jpg?resize=300%2C191&amp;ssl=1 300w, https:\/\/i0.wp.com\/www.24baires.com\/wp-content\/uploads\/2013\/02\/matanza-nene-tornillo.jpg?w=560&amp;ssl=1 560w\" sizes=\"auto, (max-width: 300px) 100vw, 300px\" \/>Agentes municipales trasladaron a un nene de dos a\u00f1os que se hab\u00eda tragado un tornillo y consecuencia de esto sufri\u00f3 una importante hemorragia. El chico fue dado de alta.\u00a0<!--more--><\/p>\n<p>&nbsp;<\/p>\n<p>&nbsp;<\/p>\n<p>&nbsp;<\/p>\n<p>&nbsp;<\/p>\n<p>L\u00e1zaro Contreras, un nene de 2 a\u00f1os y 5 meses se trag\u00f3 un tornillo mientras jugaba con su hermana. Esto le produjo, adem\u00e1s de dificultad para respirar una importante hemorragia, y empez\u00f3 a escupir sangre. Su padre, Dar\u00edo Contreras, se acerc\u00f3 a la base n\u00ba 3 de la Patrulla Municipal desesperado, temiendo por la vida de su hijo.<\/p>\n<p>Los agentes Nestares y San Nicol\u00e1s decidieron trasladarlo de manera urgente a la Sala \u201cDomingo Roca\u201d en un m\u00f3vil municipal, donde pudieron controlar la hemorragia. Debido a la gravedad del hecho el paciente tuvo que ser luego trasladado al Hospital Guti\u00e9rrez, de Capital Federal, donde le extrajeron un tornillo de 7cm de longitud.<\/p>\n<p>Despu\u00e9s de permanecer tres d\u00edas en observaci\u00f3n, el nene fue dado de alta y la familia Contreras se acerc\u00f3 a la Base Tres de la Patrulla Municipal para expresar su agradecimiento.<\/p>\n<p>&nbsp;<\/p>\n<p>&nbsp;<\/p>\n<p>&nbsp;<\/p>\n<p>&nbsp;<\/p>\n<p>&nbsp;<\/p>\n","protected":false},"excerpt":{"rendered":"<p>Agentes municipales trasladaron a un nene de dos a\u00f1os que se hab\u00eda tragado un tornillo y consecuencia de esto sufri\u00f3 una importante hemorragia. El chico fue dado de alta.\u00a0<\/p>\n","protected":false},"author":11,"featured_media":0,"comment_status":"open","ping_status":"open","sticky":false,"template":"","format":"standard","meta":{"_jetpack_newsletter_access":"","_jetpack_dont_email_post_to_subs":false,"_jetpack_newsletter_tier_id":0,"_jetpack_memberships_contains_paywalled_content":false,"_jetpack_memberships_contains_paid_content":false,"footnotes":""},"categories":[1],"tags":[],"class_list":["post-16458","post","type-post","status-publish","format-standard","hentry","category-sociedad"],"jetpack_featured_media_url":"","jetpack_shortlink":"https:\/\/wp.me\/p2JWE0-4hs","jetpack-related-posts":[{"id":10410,"url":"https:\/\/www.24baires.com\/?p=10410","url_meta":{"origin":16458,"position":0},"title":"Bah\u00eda Blanca: alumna se trag\u00f3 dos alfileres para evitar rendir una materia","author":"AF","date":"26\/12\/2012","format":false,"excerpt":"La adolescente de 15 a\u00f1os, que acude al San Vicente de Paul, intent\u00f3 provocarse una hemorragia en la boca para no rendir. Sin embargo, termin\u00f3 internada y con los alfileres en el interior de su cuerpo. Una adolescente de 15 a\u00f1os que acude al colegio San Vicente de Paul se\u2026","rel":"","context":"En \u00abSociedad\u00bb","block_context":{"text":"Sociedad","link":"https:\/\/www.24baires.com\/?cat=1"},"img":{"alt_text":"","src":"","width":0,"height":0},"classes":[]},{"id":67208,"url":"https:\/\/www.24baires.com\/?p=67208","url_meta":{"origin":16458,"position":1},"title":"Le hac\u00edan bullying y termin\u00f3 internado con una hemorragia cerebral","author":"GB","date":"08\/06\/2015","format":false,"excerpt":"Un chico de 9 a\u00f1os que concurre a la escuela primaria n\u00famero 4 del barrio de Flores y es v\u00edctima de bullying fue internado por una hemorragia cerebral despu\u00e9s de que lo atacara un compa\u00f1ero. Seg\u00fan se inform\u00f3, el menor est\u00e1 internado en el hospital Pi\u00f1ero. \"Mis hijos por suerte\u2026","rel":"","context":"En \u00abSociedad\u00bb","block_context":{"text":"Sociedad","link":"https:\/\/www.24baires.com\/?cat=1"},"img":{"alt_text":"bullyng flores","src":"https:\/\/i0.wp.com\/www.24baires.com\/wp-content\/uploads\/2015\/06\/bullyng-flores.jpg?resize=350%2C200","width":350,"height":200,"srcset":"https:\/\/i0.wp.com\/www.24baires.com\/wp-content\/uploads\/2015\/06\/bullyng-flores.jpg?resize=350%2C200 1x, https:\/\/i0.wp.com\/www.24baires.com\/wp-content\/uploads\/2015\/06\/bullyng-flores.jpg?resize=525%2C300 1.5x"},"classes":[]},{"id":106672,"url":"https:\/\/www.24baires.com\/?p=106672","url_meta":{"origin":16458,"position":2},"title":"Miramar: muri\u00f3 un nene de dos a\u00f1os luego de que se le cayera un TV encima","author":"AF","date":"04\/02\/2019","format":false,"excerpt":"Un nene de 2 a\u00f1os que estaba internado en grave estado en el hospital Materno Infantil de Mar del Plata muri\u00f3 esta tarde a ra\u00edz de las heridas que sufri\u00f3 luego que se le cayera un televisor encima en su vivienda de la localidad bonaerense de Miramar. El hecho ocurri\u00f3\u2026","rel":"","context":"En \u00abLocales\u00bb","block_context":{"text":"Locales","link":"https:\/\/www.24baires.com\/?cat=38"},"img":{"alt_text":"","src":"https:\/\/i0.wp.com\/www.24baires.com\/wp-content\/uploads\/2016\/06\/materno.jpg?resize=350%2C200","width":350,"height":200,"srcset":"https:\/\/i0.wp.com\/www.24baires.com\/wp-content\/uploads\/2016\/06\/materno.jpg?resize=350%2C200 1x, https:\/\/i0.wp.com\/www.24baires.com\/wp-content\/uploads\/2016\/06\/materno.jpg?resize=525%2C300 1.5x"},"classes":[]},{"id":52319,"url":"https:\/\/www.24baires.com\/?p=52319","url_meta":{"origin":16458,"position":3},"title":"La ni\u00f1a golpeada y abusada en La Plata contin\u00faa grave y sus padres se negaron a declarar","author":"GB","date":"23\/08\/2014","format":false,"excerpt":"La nena de 3 a\u00f1os, golpeada y abusada sexualmente, se encuentra internada en La Plata en grave estado con asistencia respiratoria y en coma farmacol\u00f3gico a ra\u00edz de las m\u00faltiples lesiones, fracturas y hemorragias internas que padece, mientras que su madre y padrasto, acusados por los graves delitos, se negaron\u2026","rel":"","context":"En \u00abPoliciales\u00bb","block_context":{"text":"Policiales","link":"https:\/\/www.24baires.com\/?cat=49"},"img":{"alt_text":"","src":"","width":0,"height":0},"classes":[]},{"id":46577,"url":"https:\/\/www.24baires.com\/?p=46577","url_meta":{"origin":16458,"position":4},"title":"Ensenada: detuvieron a una pareja acusada de golpear a sus hijos de tres meses","author":"GB","date":"23\/05\/2014","format":false,"excerpt":"Los beb\u00e9s gemelos, un nene y una nena, llegaron al hospital de Ni\u00f1os de La Plata derivados del hospital Cestino de Ensenada, por las m\u00faltiples quebraduras que presentaban en distintas partes del cuerpo. La nena presentaba una \"hemorragia subaracnoidea en el cerebro y fracturas de f\u00e9mur derecho, costales, tibia, peron\u00e9,\u2026","rel":"","context":"En \u00abPoliciales\u00bb","block_context":{"text":"Policiales","link":"https:\/\/www.24baires.com\/?cat=49"},"img":{"alt_text":"","src":"","width":0,"height":0},"classes":[]},{"id":53779,"url":"https:\/\/www.24baires.com\/?p=53779","url_meta":{"origin":16458,"position":5},"title":"Encontraron a un nene de tres a\u00f1os desaparecido, dentro de un pozo","author":"Grupo Sierra","date":"16\/09\/2014","format":false,"excerpt":"BAH\u00cdA BLANCA- Camin\u00f3 varias cuadras, se perdi\u00f3 y qued\u00f3 atrapado en un hueco de una obra en construcci\u00f3n. Fue trasladado hasta la guardia del Hospital Municipal donde permanecer\u00e1 24 horas en observaci\u00f3n. Tras un intenso rastrillaje la polic\u00eda logr\u00f3 hallar esta tarde dentro de un pozo profundo en una obra\u2026","rel":"","context":"En \u00abLocales\u00bb","block_context":{"text":"Locales","link":"https:\/\/www.24baires.com\/?cat=38"},"img":{"alt_text":"poli","src":"https:\/\/i0.wp.com\/www.24baires.com\/wp-content\/uploads\/2013\/09\/poli.jpg?resize=350%2C200","width":350,"height":200,"srcset":"https:\/\/i0.wp.com\/www.24baires.com\/wp-content\/uploads\/2013\/09\/poli.jpg?resize=350%2C200 1x, https:\/\/i0.wp.com\/www.24baires.com\/wp-content\/uploads\/2013\/09\/poli.jpg?resize=525%2C300 1.5x"},"classes":[]}],"jetpack_sharing_enabled":true,"jetpack_likes_enabled":true,"_links":{"self":[{"href":"https:\/\/www.24baires.com\/index.php?rest_route=\/wp\/v2\/posts\/16458","targetHints":{"allow":["GET"]}}],"collection":[{"href":"https:\/\/www.24baires.com\/index.php?rest_route=\/wp\/v2\/posts"}],"about":[{"href":"https:\/\/www.24baires.com\/index.php?rest_route=\/wp\/v2\/types\/post"}],"author":[{"embeddable":true,"href":"https:\/\/www.24baires.com\/index.php?rest_route=\/wp\/v2\/users\/11"}],"replies":[{"embeddable":true,"href":"https:\/\/www.24baires.com\/index.php?rest_route=%2Fwp%2Fv2%2Fcomments&post=16458"}],"version-history":[{"count":3,"href":"https:\/\/www.24baires.com\/index.php?rest_route=\/wp\/v2\/posts\/16458\/revisions"}],"predecessor-version":[{"id":16464,"href":"https:\/\/www.24baires.com\/index.php?rest_route=\/wp\/v2\/posts\/16458\/revisions\/16464"}],"wp:attachment":[{"href":"https:\/\/www.24baires.com\/index.php?rest_route=%2Fwp%2Fv2%2Fmedia&parent=16458"}],"wp:term":[{"taxonomy":"category","embeddable":true,"href":"https:\/\/www.24baires.com\/index.php?rest_route=%2Fwp%2Fv2%2Fcategories&post=16458"},{"taxonomy":"post_tag","embeddable":true,"href":"https:\/\/www.24baires.com\/index.php?rest_route=%2Fwp%2Fv2%2Ftags&post=16458"}],"curies":[{"name":"wp","href":"https:\/\/api.w.org\/{rel}","templated":true}]}}