{"id":16454,"date":"2013-02-22T19:58:12","date_gmt":"2013-02-22T22:58:12","guid":{"rendered":"http:\/\/www.24baires.com\/?p=16454"},"modified":"2013-02-22T19:58:43","modified_gmt":"2013-02-22T22:58:43","slug":"el-lunes-paran-los-medicos-de-todos-los-hospitales-publicos-de-la-provincia","status":"publish","type":"post","link":"https:\/\/www.24baires.com\/?p=16454","title":{"rendered":"El lunes paran los m\u00e9dicos de todos los Hospitales P\u00fablicos de la Provincia"},"content":{"rendered":"<p>Sesion\u00f3 el congreso de delegados de la Asociaci\u00f3n Sindical de Profesionales de la Salud de la provincia de Buenos Aires (CICOP) y resolvi\u00f3 parar en todos hospitales p\u00fablicos y centros de salud bonaerenses el 25 de febrero junto a ATE y el resto de Estatales y la CTA y movilizar a las 11 desde Plaza Congreso a la Casa de la Provincia de Buenos Aires. \u00abAnte la terrible situaci\u00f3n que viven los hospitales p\u00fablicos bonaerenses, para denunciar el abandono de la Salud P\u00fablica en la Provincia y reclamar la apertura de la paritaria\u00bb explicaron desde un comunicado de prensa.<!--more--><\/p>\n<p>Adem\u00e1s el lunes 4 de marzo a las 11 se brindar\u00e1 una conferencia de prensa en el Hospital Fiorito de Avellaneda, donde los dirigentes del gremio denunciar\u00e1n la crisis sanitaria que atraviesa tanto Provincia como Naci\u00f3n, y se anunciar\u00e1 el lanzamiento de una consulta en base a plebiscito en todos los hospitales y centros de salud para profundizar con medidas de fuerza progresivas con el fin de lograr el aumento salarial, mejorar las condiciones de trabajo, la calidad de atenci\u00f3n y reclamar el fin del ajuste implementado por parte del Gobierno Nacional y Provincial.<\/p>\n","protected":false},"excerpt":{"rendered":"<p>Sesion\u00f3 el congreso de delegados de la Asociaci\u00f3n Sindical de Profesionales de la Salud de la provincia de Buenos Aires (CICOP) y resolvi\u00f3 parar en todos hospitales p\u00fablicos y centros de salud bonaerenses el 25 de febrero junto a ATE y el resto de Estatales y la CTA y movilizar a las 11 desde Plaza Congreso a la Casa de [&#8230;]<\/p>\n","protected":false},"author":11,"featured_media":0,"comment_status":"open","ping_status":"open","sticky":false,"template":"","format":"standard","meta":{"_jetpack_newsletter_access":"","_jetpack_dont_email_post_to_subs":false,"_jetpack_newsletter_tier_id":0,"_jetpack_memberships_contains_paywalled_content":false,"_jetpack_memberships_contains_paid_content":false,"footnotes":""},"categories":[1],"tags":[],"class_list":["post-16454","post","type-post","status-publish","format-standard","hentry","category-sociedad"],"jetpack_featured_media_url":"","jetpack_shortlink":"https:\/\/wp.me\/p2JWE0-4ho","jetpack-related-posts":[{"id":104054,"url":"https:\/\/www.24baires.com\/?p=104054","url_meta":{"origin":16454,"position":0},"title":"El Ministro de Salud bonaerense se reunir\u00e1 con representantes de Cicop","author":"GB","date":"23\/08\/2018","format":false,"excerpt":"Luego de varios meses de reclamo por parte de los trabajadores, el titular de la cartera Andr\u00e9s Scarsi mantendr\u00e1 un encuentro con ellos. Al margen del pedido de aumento de sueldos, se abordar\u00e1n cuestiones vinculadas a la infraestructura de hospitales. Finalmente el ministro de Salud de la provincia de Buenos\u2026","rel":"","context":"En \u00abProvincia\u00bb","block_context":{"text":"Provincia","link":"https:\/\/www.24baires.com\/?cat=40"},"img":{"alt_text":"","src":"https:\/\/i0.wp.com\/www.24baires.com\/wp-content\/uploads\/2018\/08\/min-salud.jpg?resize=350%2C200","width":350,"height":200,"srcset":"https:\/\/i0.wp.com\/www.24baires.com\/wp-content\/uploads\/2018\/08\/min-salud.jpg?resize=350%2C200 1x, https:\/\/i0.wp.com\/www.24baires.com\/wp-content\/uploads\/2018\/08\/min-salud.jpg?resize=525%2C300 1.5x"},"classes":[]},{"id":108562,"url":"https:\/\/www.24baires.com\/?p=108562","url_meta":{"origin":16454,"position":1},"title":"Los m\u00e9dicos paran mi\u00e9rcoles y jueves en los hospitales bonaerenses","author":"GB","date":"04\/06\/2019","format":false,"excerpt":"Reclaman apertura de paritarias, mejora de condiciones de trabajo y un mayor presupuesto para el sector. Este mi\u00e9rcoles 5 y jueves 6 de junio los trabajadores agrupados en la Asociaci\u00f3n Sindical de Profesionales de la Salud de la Provincia de Buenos Aires (CICOP) llevar\u00e1n adelante un paro. El s\u00e1bado 8\u2026","rel":"","context":"En \u00abProvincia\u00bb","block_context":{"text":"Provincia","link":"https:\/\/www.24baires.com\/?cat=40"},"img":{"alt_text":"","src":"https:\/\/i0.wp.com\/www.24baires.com\/wp-content\/uploads\/2019\/04\/cicop-salud.jpg?resize=350%2C200","width":350,"height":200,"srcset":"https:\/\/i0.wp.com\/www.24baires.com\/wp-content\/uploads\/2019\/04\/cicop-salud.jpg?resize=350%2C200 1x, https:\/\/i0.wp.com\/www.24baires.com\/wp-content\/uploads\/2019\/04\/cicop-salud.jpg?resize=525%2C300 1.5x"},"classes":[]},{"id":119990,"url":"https:\/\/www.24baires.com\/?p=119990","url_meta":{"origin":16454,"position":2},"title":"Kicillof: \u201cEstamos transformando los hospitales de la Provincia\u201d","author":"GB","date":"10\/04\/2023","format":false,"excerpt":"El gobernador de la provincia de Buenos Aires, Axel Kicillof, se refiri\u00f3 a la gran inversi\u00f3n que su gesti\u00f3n destin\u00f3 para mejorar los hospitales p\u00fablicos. Este domingo, Axel Kicillof manifest\u00f3 que su gesti\u00f3n est\u00e1 \u201ctransformado los hospitales de la Provincia\u201d, haciendo referencia a la gran inversi\u00f3n que su gobierno est\u00e1\u2026","rel":"","context":"En \u00abProvincia\u00bb","block_context":{"text":"Provincia","link":"https:\/\/www.24baires.com\/?cat=40"},"img":{"alt_text":"","src":"https:\/\/i0.wp.com\/www.24baires.com\/wp-content\/uploads\/2022\/07\/kicillof.jpg?resize=350%2C200","width":350,"height":200,"srcset":"https:\/\/i0.wp.com\/www.24baires.com\/wp-content\/uploads\/2022\/07\/kicillof.jpg?resize=350%2C200 1x, https:\/\/i0.wp.com\/www.24baires.com\/wp-content\/uploads\/2022\/07\/kicillof.jpg?resize=525%2C300 1.5x, https:\/\/i0.wp.com\/www.24baires.com\/wp-content\/uploads\/2022\/07\/kicillof.jpg?resize=700%2C400 2x"},"classes":[]},{"id":103892,"url":"https:\/\/www.24baires.com\/?p=103892","url_meta":{"origin":16454,"position":3},"title":"Pacagnini: \u00abVidal form\u00f3 un Gabinete anti-derechos\u00bb","author":"GB","date":"15\/08\/2018","format":false,"excerpt":"El Secretario General de Cicop le apunt\u00f3 a la Gobernadora tras la muerte de la mujer de 24 a\u00f1os por un aborto clandestino. La Asociaci\u00f3n de Profesionales de la Salud bonaerense (Cicop) le apunt\u00f3 a la gobernadora Mar\u00eda Eugenia Vidal tras la muerte de una mujer de 24 a\u00f1os por\u2026","rel":"","context":"En \u00abProvincia\u00bb","block_context":{"text":"Provincia","link":"https:\/\/www.24baires.com\/?cat=40"},"img":{"alt_text":"","src":"https:\/\/i0.wp.com\/www.24baires.com\/wp-content\/uploads\/2014\/02\/Paro-Cicop.jpg?resize=350%2C200","width":350,"height":200,"srcset":"https:\/\/i0.wp.com\/www.24baires.com\/wp-content\/uploads\/2014\/02\/Paro-Cicop.jpg?resize=350%2C200 1x, https:\/\/i0.wp.com\/www.24baires.com\/wp-content\/uploads\/2014\/02\/Paro-Cicop.jpg?resize=525%2C300 1.5x"},"classes":[]},{"id":113473,"url":"https:\/\/www.24baires.com\/?p=113473","url_meta":{"origin":16454,"position":4},"title":"Ya son 64 los casos de sarampi\u00f3n en la provincia de Buenos Aires","author":"AF","date":"17\/12\/2019","format":false,"excerpt":"As\u00ed lo denunci\u00f3 el ministro de Salud bonaerense, Daniel Goll\u00e1n, qui\u00e9n anunci\u00f3 operativos en varios municipios. \"Hab\u00eda 320 mil dosis que estaban en Aduana hace mucho tiempo\", denunci\u00f3. El ministro de Salud de la provincia de Buenos Aires, Daniel Goll\u00e1n, confirm\u00f3 este martes otro caso de sarampi\u00f3n, ubicado en el\u2026","rel":"","context":"En \u00abSociedad\u00bb","block_context":{"text":"Sociedad","link":"https:\/\/www.24baires.com\/?cat=1"},"img":{"alt_text":"","src":"https:\/\/i0.wp.com\/www.24baires.com\/wp-content\/uploads\/2014\/01\/vacuna.jpg?resize=350%2C200","width":350,"height":200,"srcset":"https:\/\/i0.wp.com\/www.24baires.com\/wp-content\/uploads\/2014\/01\/vacuna.jpg?resize=350%2C200 1x, https:\/\/i0.wp.com\/www.24baires.com\/wp-content\/uploads\/2014\/01\/vacuna.jpg?resize=525%2C300 1.5x"},"classes":[]},{"id":113155,"url":"https:\/\/www.24baires.com\/?p=113155","url_meta":{"origin":16454,"position":5},"title":"\u00abLe vamos a hacer paro al que sea si se va a seguir ajustando en salud\u00bb, advierte Cicop","author":"GB","date":"27\/11\/2019","format":false,"excerpt":"El gremio que nuclea a trabajadores y profesionales del sector sanitario bonaerense expres\u00f3 cr\u00edticas hacia la gesti\u00f3n de la gobernadora Vidal. La crisis que atraviesa la salud p\u00fablica en la provincia de Buenos Aires es denunciada por Cicop y apunta sus ca\u00f1ones hacia la gesti\u00f3n de la gobernadora, Mar\u00eda Eugenia\u2026","rel":"","context":"En \u00abProvincia\u00bb","block_context":{"text":"Provincia","link":"https:\/\/www.24baires.com\/?cat=40"},"img":{"alt_text":"","src":"https:\/\/i0.wp.com\/www.24baires.com\/wp-content\/uploads\/2019\/04\/cicop-salud.jpg?resize=350%2C200","width":350,"height":200,"srcset":"https:\/\/i0.wp.com\/www.24baires.com\/wp-content\/uploads\/2019\/04\/cicop-salud.jpg?resize=350%2C200 1x, https:\/\/i0.wp.com\/www.24baires.com\/wp-content\/uploads\/2019\/04\/cicop-salud.jpg?resize=525%2C300 1.5x"},"classes":[]}],"jetpack_sharing_enabled":true,"jetpack_likes_enabled":true,"_links":{"self":[{"href":"https:\/\/www.24baires.com\/index.php?rest_route=\/wp\/v2\/posts\/16454","targetHints":{"allow":["GET"]}}],"collection":[{"href":"https:\/\/www.24baires.com\/index.php?rest_route=\/wp\/v2\/posts"}],"about":[{"href":"https:\/\/www.24baires.com\/index.php?rest_route=\/wp\/v2\/types\/post"}],"author":[{"embeddable":true,"href":"https:\/\/www.24baires.com\/index.php?rest_route=\/wp\/v2\/users\/11"}],"replies":[{"embeddable":true,"href":"https:\/\/www.24baires.com\/index.php?rest_route=%2Fwp%2Fv2%2Fcomments&post=16454"}],"version-history":[{"count":3,"href":"https:\/\/www.24baires.com\/index.php?rest_route=\/wp\/v2\/posts\/16454\/revisions"}],"predecessor-version":[{"id":16457,"href":"https:\/\/www.24baires.com\/index.php?rest_route=\/wp\/v2\/posts\/16454\/revisions\/16457"}],"wp:attachment":[{"href":"https:\/\/www.24baires.com\/index.php?rest_route=%2Fwp%2Fv2%2Fmedia&parent=16454"}],"wp:term":[{"taxonomy":"category","embeddable":true,"href":"https:\/\/www.24baires.com\/index.php?rest_route=%2Fwp%2Fv2%2Fcategories&post=16454"},{"taxonomy":"post_tag","embeddable":true,"href":"https:\/\/www.24baires.com\/index.php?rest_route=%2Fwp%2Fv2%2Ftags&post=16454"}],"curies":[{"name":"wp","href":"https:\/\/api.w.org\/{rel}","templated":true}]}}