{"id":16445,"date":"2013-02-22T18:22:58","date_gmt":"2013-02-22T21:22:58","guid":{"rendered":"http:\/\/www.24baires.com\/?p=16445"},"modified":"2013-02-22T18:22:58","modified_gmt":"2013-02-22T21:22:58","slug":"pichetto-pidio-disculpas-a-la-daia-por-sus-dichos-en-el-recinto","status":"publish","type":"post","link":"https:\/\/www.24baires.com\/?p=16445","title":{"rendered":"Pichetto pidi\u00f3 disculpas a la DAIA por sus dichos en el recinto"},"content":{"rendered":"<p><img data-recalc-dims=\"1\" loading=\"lazy\" decoding=\"async\" class=\"alignleft size-medium wp-image-16446\" alt=\"pichetto daia\" src=\"https:\/\/i0.wp.com\/www.24baires.com\/wp-content\/uploads\/2013\/02\/pichetto-daia.jpg?resize=300%2C199\" width=\"300\" height=\"199\" srcset=\"https:\/\/i0.wp.com\/www.24baires.com\/wp-content\/uploads\/2013\/02\/pichetto-daia.jpg?resize=300%2C199&amp;ssl=1 300w, https:\/\/i0.wp.com\/www.24baires.com\/wp-content\/uploads\/2013\/02\/pichetto-daia.jpg?w=510&amp;ssl=1 510w\" sizes=\"auto, (max-width: 300px) 100vw, 300px\" \/>El jefe del bloque de senadores del Frente para la Victoria manifest\u00f3 sus disculpas a la DAIA, por sus dichos en los que hizo referencia a que en el atentado en la AMIA hab\u00edan muerto <strong>\u00abargentinos de religi\u00f3n jud\u00eda y argentinos argentinos que estaban en el lugar\u00bb.<\/strong><!--more--><\/p>\n<p>\u00abIndudablemente comet\u00ed un error, en virtud del calor del debate. Es mi deseo pedir disculpas a usted, y por su intermedio a toda la colectividad jud\u00eda, por esta desafortunada frase\u00bb, se\u00f1ala Pichetto en el documento enviado hoy al presidente de la DAIA, Julio Schlosser.<\/p>\n<p>La DAIA, representaci\u00f3n pol\u00edtica de la comunidad jud\u00eda argentina, manifest\u00f3 su \u00abrepudio\u00bb a las expresiones de Pichetto, quien anoche durante el final del debate del Senado, en el que la c\u00e1mara alta sancion\u00f3 el acuerdo con Ir\u00e1n, afirm\u00f3 que \u00abel atentado a la AMIA les cost\u00f3 la vida a argentinos de religi\u00f3n jud\u00eda y argentinos argentinos que estaban en ese lugar\u00bb.<\/p>\n<p>\u00abEstas expresiones, tan disvaliosas, tienden a propagar una visi\u00f3n que divide a los argentinos en distintas categor\u00edas, afirmando que los jud\u00edos nacidos en la Argentina, no ser\u00edan suficientemente argentinos\u00bb, sostuvo la DAIA en un comunicado de prensa.<\/p>\n<p>Tras perdir disculpas, el senador rionegrino tambi\u00e9n destac\u00f3 que \u00abesas palabras no tuvieron como objetivo agraviar ni descalificar a las personas que profesan la religi\u00f3n jud\u00eda\u00bb.<\/p>\n<p>\u00abMi intenci\u00f3n, que evidentemente no pude plasmar en el discurso, fue plantear que las v\u00edctimas del atentado fueron argentinos, sin ning\u00fan tipo de diferenciaci\u00f3n\u00bb, indic\u00f3 finalmente el senador.<\/p>\n<p>&nbsp;<\/p>\n<p>&nbsp;<\/p>\n<p>&nbsp;<\/p>\n<p>&nbsp;<\/p>\n<p>&nbsp;<\/p>\n","protected":false},"excerpt":{"rendered":"<p>El jefe del bloque de senadores del Frente para la Victoria manifest\u00f3 sus disculpas a la DAIA, por sus dichos en los que hizo referencia a que en el atentado en la AMIA hab\u00edan muerto \u00abargentinos de religi\u00f3n jud\u00eda y argentinos argentinos que estaban en el lugar\u00bb.<\/p>\n","protected":false},"author":11,"featured_media":0,"comment_status":"open","ping_status":"open","sticky":false,"template":"","format":"standard","meta":{"_jetpack_newsletter_access":"","_jetpack_dont_email_post_to_subs":false,"_jetpack_newsletter_tier_id":0,"_jetpack_memberships_contains_paywalled_content":false,"_jetpack_memberships_contains_paid_content":false,"footnotes":""},"categories":[1],"tags":[],"class_list":["post-16445","post","type-post","status-publish","format-standard","hentry","category-sociedad"],"jetpack_featured_media_url":"","jetpack_shortlink":"https:\/\/wp.me\/p2JWE0-4hf","jetpack-related-posts":[{"id":34152,"url":"https:\/\/www.24baires.com\/?p=34152","url_meta":{"origin":16445,"position":0},"title":"La DAIA repudi\u00f3 los dichos de Pino Solanas","author":"AF","date":"26\/10\/2013","format":false,"excerpt":"El vicepresidente de la entidad jud\u00eda, Waldo Wolf, expres\u00f3 su \"profundo malestar\" con respecto a los dichos del candidato a senador por el frente UNEN, quien hab\u00eda considerado que la entidad \"no hab\u00eda exigido en estos a\u00f1os la apertura de los archivos de la SIDE\" para esclarecer el atentado a\u2026","rel":"","context":"En \u00abSociedad\u00bb","block_context":{"text":"Sociedad","link":"https:\/\/www.24baires.com\/?cat=1"},"img":{"alt_text":"","src":"","width":0,"height":0},"classes":[]},{"id":106628,"url":"https:\/\/www.24baires.com\/?p=106628","url_meta":{"origin":16445,"position":1},"title":"La AMIA busca retirarse de la querella contra Cristina por el Memor\u00e1ndum con Ir\u00e1n","author":"AF","date":"31\/01\/2019","format":false,"excerpt":"Fue un pedido a la DAIA en la causa que se origin\u00f3 con la denuncia del fiscal Alberto Nisman y busca \u201cempezar a tomar distancia de una causa que est\u00e1 en el centro de la famosa grieta\u201d. La Asociaci\u00f3n Mutual Israelita Argentina (AMIA) le reclam\u00f3 a la Delegaci\u00f3n de Asociaciones\u2026","rel":"","context":"En \u00abJUDICIALES\u00bb","block_context":{"text":"JUDICIALES","link":"https:\/\/www.24baires.com\/?cat=68"},"img":{"alt_text":"","src":"https:\/\/i0.wp.com\/www.24baires.com\/wp-content\/uploads\/2015\/04\/amia.jpg?resize=350%2C200","width":350,"height":200,"srcset":"https:\/\/i0.wp.com\/www.24baires.com\/wp-content\/uploads\/2015\/04\/amia.jpg?resize=350%2C200 1x, https:\/\/i0.wp.com\/www.24baires.com\/wp-content\/uploads\/2015\/04\/amia.jpg?resize=525%2C300 1.5x"},"classes":[]},{"id":60362,"url":"https:\/\/www.24baires.com\/?p=60362","url_meta":{"origin":16445,"position":2},"title":"Comunicado de AMIA y DAIA: \u00abQue no muera la causa\u00bb","author":"Grupo Sierra","date":"19\/01\/2015","format":false,"excerpt":"Ambas instituciones reclamaron que la Unidad Fiscal que lideraba Alberto Nisman \"contin\u00fae trabajando\", luego de manifestar su \"estupor\" por la muerte del funcionario. Los titulares fueron recibidos por el Jefe de Gabinete, el Secretario General de la Presidencia y el Ministro de Justicia. \"La AMIA y la DAIA exigen que\u2026","rel":"","context":"En \u00abJUDICIALES\u00bb","block_context":{"text":"JUDICIALES","link":"https:\/\/www.24baires.com\/?cat=68"},"img":{"alt_text":"daia","src":"https:\/\/i0.wp.com\/www.24baires.com\/wp-content\/uploads\/2015\/01\/daia.jpg?resize=350%2C200","width":350,"height":200,"srcset":"https:\/\/i0.wp.com\/www.24baires.com\/wp-content\/uploads\/2015\/01\/daia.jpg?resize=350%2C200 1x, https:\/\/i0.wp.com\/www.24baires.com\/wp-content\/uploads\/2015\/01\/daia.jpg?resize=525%2C300 1.5x"},"classes":[]},{"id":61627,"url":"https:\/\/www.24baires.com\/?p=61627","url_meta":{"origin":16445,"position":3},"title":"El pol\u00e9mico afiche de De la Sota y el rechazo de familiares de AMIA","author":"Grupo Sierra","date":"11\/02\/2015","format":false,"excerpt":"El dirigente de la Asociaci\u00f3n 18J Sergio Burstein critic\u00f3 en di\u00e1logo con INFOnews el mensaje difundido por el gobernador cordob\u00e9s. \"Lo \u00fanico que le falt\u00f3 decir es que 'hoy todos tenemos que tener un amigo jud\u00edo\", afirm\u00f3. El dirigente de la Asociaci\u00f3n 18J Sobrevivientes, Familiares y Amigos de las V\u00edctimas\u2026","rel":"","context":"En \u00abPol\u00edtica\u00bb","block_context":{"text":"Pol\u00edtica","link":"https:\/\/www.24baires.com\/?cat=51"},"img":{"alt_text":"de la sota","src":"https:\/\/i0.wp.com\/www.24baires.com\/wp-content\/uploads\/2015\/02\/de-la-sota.jpg?resize=350%2C200","width":350,"height":200,"srcset":"https:\/\/i0.wp.com\/www.24baires.com\/wp-content\/uploads\/2015\/02\/de-la-sota.jpg?resize=350%2C200 1x, https:\/\/i0.wp.com\/www.24baires.com\/wp-content\/uploads\/2015\/02\/de-la-sota.jpg?resize=525%2C300 1.5x"},"classes":[]},{"id":80277,"url":"https:\/\/www.24baires.com\/?p=80277","url_meta":{"origin":16445,"position":4},"title":"Declararon familiares de Memoria Activa en el juicio por encubrimiento por la AMIA","author":"GB","date":"17\/03\/2016","format":false,"excerpt":"\"Vivimos la imposibilidad de elaborar un duelo por la falta de justicia\", expres\u00f3 la secretaria de Memoria Activa Diana Wassner, que junto con la presidenta de la asociaci\u00f3n Adriana Reisfeld denunciaron a la dirigencia de la comunidad jud\u00eda (AMIA\/DAIA) en la complicidad con la justicia de encubrir a los responsables\u2026","rel":"","context":"En \u00abPol\u00edtica\u00bb","block_context":{"text":"Pol\u00edtica","link":"https:\/\/www.24baires.com\/?cat=51"},"img":{"alt_text":"memoria activa amia","src":"https:\/\/i0.wp.com\/www.24baires.com\/wp-content\/uploads\/2016\/03\/memoria-activa-amia.jpg?resize=350%2C200","width":350,"height":200,"srcset":"https:\/\/i0.wp.com\/www.24baires.com\/wp-content\/uploads\/2016\/03\/memoria-activa-amia.jpg?resize=350%2C200 1x, https:\/\/i0.wp.com\/www.24baires.com\/wp-content\/uploads\/2016\/03\/memoria-activa-amia.jpg?resize=525%2C300 1.5x"},"classes":[]},{"id":46188,"url":"https:\/\/www.24baires.com\/?p=46188","url_meta":{"origin":16445,"position":5},"title":"\u00abEl fallo contra el memor\u00e1ndum es un desprop\u00f3sito y provoca bronca\u00bb","author":"AF","date":"17\/05\/2014","format":false,"excerpt":"La presidenta de Memoria Activa, Adriana Reisfeld, consider\u00f3 que el fallo que declar\u00f3 la inconstitucionalidad del memor\u00e1ndum de entendimiento con Ir\u00e1n por la causa AMIA es \"un desprop\u00f3sito\", a la vez que afirm\u00f3 que lo que m\u00e1s le provoc\u00f3 fue \"tristeza\". La titular de Memoria Activa asegur\u00f3 que los familiares\u2026","rel":"","context":"En \u00abSociedad\u00bb","block_context":{"text":"Sociedad","link":"https:\/\/www.24baires.com\/?cat=1"},"img":{"alt_text":"Atentado_AMIA","src":"https:\/\/i0.wp.com\/www.24baires.com\/wp-content\/uploads\/2014\/05\/Atentado_AMIA.jpg?resize=350%2C200","width":350,"height":200,"srcset":"https:\/\/i0.wp.com\/www.24baires.com\/wp-content\/uploads\/2014\/05\/Atentado_AMIA.jpg?resize=350%2C200 1x, https:\/\/i0.wp.com\/www.24baires.com\/wp-content\/uploads\/2014\/05\/Atentado_AMIA.jpg?resize=525%2C300 1.5x"},"classes":[]}],"jetpack_sharing_enabled":true,"jetpack_likes_enabled":true,"_links":{"self":[{"href":"https:\/\/www.24baires.com\/index.php?rest_route=\/wp\/v2\/posts\/16445","targetHints":{"allow":["GET"]}}],"collection":[{"href":"https:\/\/www.24baires.com\/index.php?rest_route=\/wp\/v2\/posts"}],"about":[{"href":"https:\/\/www.24baires.com\/index.php?rest_route=\/wp\/v2\/types\/post"}],"author":[{"embeddable":true,"href":"https:\/\/www.24baires.com\/index.php?rest_route=\/wp\/v2\/users\/11"}],"replies":[{"embeddable":true,"href":"https:\/\/www.24baires.com\/index.php?rest_route=%2Fwp%2Fv2%2Fcomments&post=16445"}],"version-history":[{"count":2,"href":"https:\/\/www.24baires.com\/index.php?rest_route=\/wp\/v2\/posts\/16445\/revisions"}],"predecessor-version":[{"id":16448,"href":"https:\/\/www.24baires.com\/index.php?rest_route=\/wp\/v2\/posts\/16445\/revisions\/16448"}],"wp:attachment":[{"href":"https:\/\/www.24baires.com\/index.php?rest_route=%2Fwp%2Fv2%2Fmedia&parent=16445"}],"wp:term":[{"taxonomy":"category","embeddable":true,"href":"https:\/\/www.24baires.com\/index.php?rest_route=%2Fwp%2Fv2%2Fcategories&post=16445"},{"taxonomy":"post_tag","embeddable":true,"href":"https:\/\/www.24baires.com\/index.php?rest_route=%2Fwp%2Fv2%2Ftags&post=16445"}],"curies":[{"name":"wp","href":"https:\/\/api.w.org\/{rel}","templated":true}]}}