{"id":16428,"date":"2013-02-22T16:00:11","date_gmt":"2013-02-22T19:00:11","guid":{"rendered":"http:\/\/www.24baires.com\/?p=16428"},"modified":"2013-02-22T14:23:13","modified_gmt":"2013-02-22T17:23:13","slug":"la-feb-impulsa-un-paro-por-96-horas","status":"publish","type":"post","link":"https:\/\/www.24baires.com\/?p=16428","title":{"rendered":"La FEB impulsa un paro por 96 horas"},"content":{"rendered":"<p><img data-recalc-dims=\"1\" loading=\"lazy\" decoding=\"async\" class=\"aligncenter size-full wp-image-16429\" alt=\"aula vac\u00eda\" src=\"https:\/\/i0.wp.com\/www.24baires.com\/wp-content\/uploads\/2013\/02\/aula-vac%C3%ADa.jpg?resize=560%2C449\" width=\"560\" height=\"449\" srcset=\"https:\/\/i0.wp.com\/www.24baires.com\/wp-content\/uploads\/2013\/02\/aula-vac%C3%ADa.jpg?w=560&amp;ssl=1 560w, https:\/\/i0.wp.com\/www.24baires.com\/wp-content\/uploads\/2013\/02\/aula-vac%C3%ADa.jpg?resize=300%2C240&amp;ssl=1 300w\" sizes=\"auto, (max-width: 560px) 100vw, 560px\" \/>La Federaci\u00f3n de Educadores Bonaerenses (FEB) vot\u00f3 en un congreso extraordinario el no inicio del ciclo lectivo el pr\u00f3ximo lunes y decret\u00f3 un paro de cuatro d\u00edas que deber\u00e1 consensuarse esta tarde con el Frente Gremial. El encuentro se desarrollar\u00e1 a partir de las 18 en Capital Federal.<!--more--><br \/>\nLuego del pedido de una tregua de 15 d\u00edas para elaborar una propuesta de aumento salarial de parte del Ejecutivo bonaerense, los gremios que integran el Frente Gremial Docente Bonaerense debaten en asambleas las acciones a seguir.<\/p>\n<p>La Federaci\u00f3n de Educadores Bonaerenses, a trav\u00e9s de un congreso extraordinario, decidi\u00f3 no comenzar las clases el lunes y plantearon la realizaci\u00f3n de un paro de 96 horas.<\/p>\n<p>En tanto, desde Suteba adelantaron, pese a que la asamblea a\u00fan se desarrolla, que \u00abes casi un hecho que no iniciar\u00e1n el ciclo lectivo\u00bb.<\/p>\n<p>Por la tarde, el Frente Gremial se reunir\u00e1 en Capital Federal para determinar las acciones a seguir y se estima que para las 19 se enviar\u00e1 un comunicado con la decisi\u00f3n final.<\/p>\n<p>&nbsp;<\/p>\n<p>&nbsp;<\/p>\n<p>&nbsp;<\/p>\n<p>&nbsp;<\/p>\n<p>&nbsp;<\/p>\n<p>&nbsp;<\/p>\n<p>&nbsp;<\/p>\n<p>&nbsp;<\/p>\n<p>&nbsp;<\/p>\n<p>&nbsp;<\/p>\n<p>&nbsp;<\/p>\n<p>&nbsp;<\/p>\n<p>&nbsp;<\/p>\n<p>&nbsp;<\/p>\n<p>&nbsp;<\/p>\n<p>&nbsp;<\/p>\n<p>&nbsp;<\/p>\n<p>&nbsp;<\/p>\n","protected":false},"excerpt":{"rendered":"<p>La Federaci\u00f3n de Educadores Bonaerenses (FEB) vot\u00f3 en un congreso extraordinario el no inicio del ciclo lectivo el pr\u00f3ximo lunes y decret\u00f3 un paro de cuatro d\u00edas que deber\u00e1 consensuarse esta tarde con el Frente Gremial. El encuentro se desarrollar\u00e1 a partir de las 18 en Capital Federal.<\/p>\n","protected":false},"author":4,"featured_media":0,"comment_status":"open","ping_status":"open","sticky":false,"template":"","format":"standard","meta":{"_jetpack_newsletter_access":"","_jetpack_dont_email_post_to_subs":false,"_jetpack_newsletter_tier_id":0,"_jetpack_memberships_contains_paywalled_content":false,"_jetpack_memberships_contains_paid_content":false,"footnotes":""},"categories":[1],"tags":[],"class_list":["post-16428","post","type-post","status-publish","format-standard","hentry","category-sociedad"],"jetpack_featured_media_url":"","jetpack_shortlink":"https:\/\/wp.me\/p2JWE0-4gY","jetpack-related-posts":[{"id":7157,"url":"https:\/\/www.24baires.com\/?p=7157","url_meta":{"origin":16428,"position":0},"title":"Docentes anunciaron que las clases no comenzar\u00e1n el 25 de febrero","author":"AF","date":"28\/11\/2012","format":false,"excerpt":"La presidente de la Federaci\u00f3n de Educadores Bonaerenses (FEB), Mirta Petrocini, explic\u00f3 que la medida de fuerza se llevar\u00e1 a cabo en caso de que las autoridades educativas, encabezadas por la ministra Nora De Luc\u00eda, sigan evitando dar \u201crespuestas concretas\u201d a los reclamos del sector. En un congreso extraordinario, los\u2026","rel":"","context":"En \u00abSociedad\u00bb","block_context":{"text":"Sociedad","link":"https:\/\/www.24baires.com\/?cat=1"},"img":{"alt_text":"","src":"","width":0,"height":0},"classes":[]},{"id":56532,"url":"https:\/\/www.24baires.com\/?p=56532","url_meta":{"origin":16428,"position":1},"title":"El Gobierno se re\u00fane con docentes para evitar un nuevo paro","author":"AF","date":"04\/11\/2014","format":false,"excerpt":"El jefe de Gabinete bonaerense, Alberto P\u00e9rez, y la directora general de Cultura y Educaci\u00f3n, Nora de Luc\u00eda, se reunir\u00e1n hoy con los gremios docentes en el marco del tratamiento del proyecto de Ley del Presupuesto provincial y ante el anuncio de paro realizado por los maestros. El objetivo del\u2026","rel":"","context":"En \u00abProvincia\u00bb","block_context":{"text":"Provincia","link":"https:\/\/www.24baires.com\/?cat=40"},"img":{"alt_text":"baradel denuncia inspectores","src":"https:\/\/i0.wp.com\/www.24baires.com\/wp-content\/uploads\/2013\/05\/baradel-denuncia-inspectores.jpg?resize=350%2C200","width":350,"height":200,"srcset":"https:\/\/i0.wp.com\/www.24baires.com\/wp-content\/uploads\/2013\/05\/baradel-denuncia-inspectores.jpg?resize=350%2C200 1x, https:\/\/i0.wp.com\/www.24baires.com\/wp-content\/uploads\/2013\/05\/baradel-denuncia-inspectores.jpg?resize=525%2C300 1.5x"},"classes":[]},{"id":24645,"url":"https:\/\/www.24baires.com\/?p=24645","url_meta":{"origin":16428,"position":2},"title":"Cuartango habla de imposiblidad de \u00abmejorar la oferta\u00bb y docentes analizan seguir el paro","author":"Grupo Sierra","date":"29\/05\/2013","format":false,"excerpt":"El ministro de Trabajo bonaerense se refiri\u00f3 al conflicto docente y afirm\u00f3 que \"no hay posibilidad de mejorar la oferta salarial en t\u00e9rminos sustantivos\". Desde la Federaci\u00f3n de Educadores Bonaerenses pidieron que se los vuelva a convocar y evaluaron extender la medida. \u00a0 El ministro de Trabajo bonaerense, Oscar Cuartango,\u2026","rel":"","context":"En \u00abLocales\u00bb","block_context":{"text":"Locales","link":"https:\/\/www.24baires.com\/?cat=38"},"img":{"alt_text":"CUARTAGNO","src":"https:\/\/i0.wp.com\/www.24baires.com\/wp-content\/uploads\/2012\/10\/CUARTAGNO.jpg?resize=350%2C200","width":350,"height":200},"classes":[]},{"id":19327,"url":"https:\/\/www.24baires.com\/?p=19327","url_meta":{"origin":16428,"position":3},"title":"Los docentes bonaerenses consensuaron 72 horas de paro desde el 8 de abril","author":"Grupo Sierra","date":"25\/03\/2013","format":false,"excerpt":"El Frente Gremial Docente prev\u00e9 la medida \"si el gobierno provincial no los convoca antes a una nueva reuni\u00f3n paritaria\", inform\u00f3 la titular de la Federaci\u00f3n de Educadores Bonaerense, Mirta Petrocini. La medida se consensu\u00f3 esta tarde en una reuni\u00f3n que mantuvieron los representantes de los cinco gremios que conforman\u2026","rel":"","context":"En \u00abProvincia\u00bb","block_context":{"text":"Provincia","link":"https:\/\/www.24baires.com\/?cat=40"},"img":{"alt_text":"","src":"","width":0,"height":0},"classes":[]},{"id":4404,"url":"https:\/\/www.24baires.com\/?p=4404","url_meta":{"origin":16428,"position":4},"title":"Esta semana Scioli retoma las negociaciones con el gremio docente","author":"Grupo Sierra","date":"04\/11\/2012","format":false,"excerpt":"El Ejecutivo provincial y los gremios docentes retoman las negociaciones el pr\u00f3ximo martes. La Federaci\u00f3n de Educadores Bonaerenses defini\u00f3 un nuevo paro y lo at\u00f3 al resultado de la reuni\u00f3n. Amenaza con votar el no inicio de clases para el a\u00f1o pr\u00f3ximo. En medio de amenazas de nuevos paros en\u2026","rel":"","context":"En \u00abProvincia\u00bb","block_context":{"text":"Provincia","link":"https:\/\/www.24baires.com\/?cat=40"},"img":{"alt_text":"","src":"https:\/\/i0.wp.com\/www.24baires.com\/wp-content\/uploads\/2012\/11\/Scioli-clima-politico-300x214.jpg?resize=350%2C200","width":350,"height":200},"classes":[]},{"id":17746,"url":"https:\/\/www.24baires.com\/?p=17746","url_meta":{"origin":16428,"position":5},"title":"Conflicto docente: la FEB anunci\u00f3 96 horas de paro y movilizaciones","author":"AF","date":"07\/03\/2013","format":false,"excerpt":"Lo definieron en un congreso extraordinario. Esperan consensuar la medida de fuerza con el resto de los representantes del Frente Gremial. La dirigente Mirta Petrocini acus\u00f3 al Gobierno provincial de \u201cdilatar los tiempos y ofrecer sumas que son inadmisibles\u201d y advirti\u00f3 que \u201cel plan de lucha podr\u00eda ser a\u00fan m\u00e1s\u2026","rel":"","context":"En \u00abSociedad\u00bb","block_context":{"text":"Sociedad","link":"https:\/\/www.24baires.com\/?cat=1"},"img":{"alt_text":"petrocini","src":"https:\/\/i0.wp.com\/www.24baires.com\/wp-content\/uploads\/2012\/10\/petrocini.png?resize=350%2C200","width":350,"height":200},"classes":[]}],"jetpack_sharing_enabled":true,"jetpack_likes_enabled":true,"_links":{"self":[{"href":"https:\/\/www.24baires.com\/index.php?rest_route=\/wp\/v2\/posts\/16428","targetHints":{"allow":["GET"]}}],"collection":[{"href":"https:\/\/www.24baires.com\/index.php?rest_route=\/wp\/v2\/posts"}],"about":[{"href":"https:\/\/www.24baires.com\/index.php?rest_route=\/wp\/v2\/types\/post"}],"author":[{"embeddable":true,"href":"https:\/\/www.24baires.com\/index.php?rest_route=\/wp\/v2\/users\/4"}],"replies":[{"embeddable":true,"href":"https:\/\/www.24baires.com\/index.php?rest_route=%2Fwp%2Fv2%2Fcomments&post=16428"}],"version-history":[{"count":1,"href":"https:\/\/www.24baires.com\/index.php?rest_route=\/wp\/v2\/posts\/16428\/revisions"}],"predecessor-version":[{"id":16430,"href":"https:\/\/www.24baires.com\/index.php?rest_route=\/wp\/v2\/posts\/16428\/revisions\/16430"}],"wp:attachment":[{"href":"https:\/\/www.24baires.com\/index.php?rest_route=%2Fwp%2Fv2%2Fmedia&parent=16428"}],"wp:term":[{"taxonomy":"category","embeddable":true,"href":"https:\/\/www.24baires.com\/index.php?rest_route=%2Fwp%2Fv2%2Fcategories&post=16428"},{"taxonomy":"post_tag","embeddable":true,"href":"https:\/\/www.24baires.com\/index.php?rest_route=%2Fwp%2Fv2%2Ftags&post=16428"}],"curies":[{"name":"wp","href":"https:\/\/api.w.org\/{rel}","templated":true}]}}