{"id":16416,"date":"2013-02-22T13:30:21","date_gmt":"2013-02-22T16:30:21","guid":{"rendered":"http:\/\/www.24baires.com\/?p=16416"},"modified":"2013-02-22T13:19:57","modified_gmt":"2013-02-22T16:19:57","slug":"bonicatto-cablevision-es-una-empresa-acostumbrada-a-manejarse-con-impunidad-absoluta","status":"publish","type":"post","link":"https:\/\/www.24baires.com\/?p=16416","title":{"rendered":"Bonicatto: \u201cCablevisi\u00f3n es una empresa acostumbrada a manejarse con impunidad absoluta\u201d"},"content":{"rendered":"<p><img data-recalc-dims=\"1\" loading=\"lazy\" decoding=\"async\" class=\"alignleft size-medium wp-image-10382\" alt=\"cablevisi\u00f3n\" src=\"https:\/\/i0.wp.com\/www.24baires.com\/wp-content\/uploads\/2012\/12\/cablevisi%C3%B3n1.jpg?resize=300%2C199\" width=\"300\" height=\"199\" srcset=\"https:\/\/i0.wp.com\/www.24baires.com\/wp-content\/uploads\/2012\/12\/cablevisi%C3%B3n1.jpg?resize=300%2C199&amp;ssl=1 300w, https:\/\/i0.wp.com\/www.24baires.com\/wp-content\/uploads\/2012\/12\/cablevisi%C3%B3n1.jpg?w=560&amp;ssl=1 560w\" sizes=\"auto, (max-width: 300px) 100vw, 300px\" \/>El defensor del pueblo de la provincia de Buenos Aires, Carlos Bonicatto, quien present\u00f3 un amparo para que la empresa fije en 123 pesos el abono, insisti\u00f3 as\u00ed en la necesidad de \u00abdefender al usuario, que es la parte m\u00e1s d\u00e9bil\u00bb.<!--more--><br \/>\nEs una empresa \u00abacostumbrada a evadir todo tipo de responsabilidades y manejarse con impunidad absoluta\u00bb, recalc\u00f3.<\/p>\n<p>\u00abEstamos convencidos de que hay que defender al usuario, que es la parte m\u00e1s d\u00e9bil\u00bb, dijo a radio Continental Bonicatto, quien present\u00f3 un amparo ante la justicia para que Cablevisi\u00f3n fije en 123 pesos el valor del abono b\u00e1sico, y reintegre los montos cobrados en exceso desde que aplic\u00f3 el reajuste, en enero de 2011.<\/p>\n<p>Para el Defensor del pueblo, Cablevisi\u00f3n \u00abha dado una clara demostraci\u00f3n de soberbia de una empresa acostumbrada a evadir todo tipo de responsabilidades y manejarse con impunidad absoluta\u00bb.<\/p>\n<p>\u00abSe trata de una empresa que informa y forma tambi\u00e9n y lo hace en una situaci\u00f3n de monopolio, ya que la gente est\u00e1 en una situaci\u00f3n d\u00e9bil de contratar o no, porque cuando deja de pagar le cortan el servicio\u00bb, a\u00f1adi\u00f3.<\/p>\n<p>Bonicatto explic\u00f3 que durante esta ma\u00f1ana realiz\u00f3 una nueva presentaci\u00f3n ante la justicia federal para que \u00abse haga cumplir con la resoluci\u00f3n\u00bb que insta a Cablevisi\u00f3n a modificar la tarifa, y \u00abdar paso a la justicia penal para analizar si est\u00e1 incurriendo en desobediencia y se apliquen multas diarias de 100 mil pesos\u00bb.<\/p>\n<p>\u00abHay 500 mil usuarios en la provincia y cobra 75 pesos de m\u00e1s por cada usuario, con lo que est\u00e1 percibiendo unos 40 millones de pesos mensuales m\u00e1s de lo que deber\u00eda cobrar\u00bb, detall\u00f3.<\/p>\n<p>Por \u00faltimo, dijo tener \u00abesperanza\u00bb en que finalmente la justicia le de la raz\u00f3n. \u00abEn un estado moderno, no puede haber un sector que no tenga ning\u00fan tipo de regulaci\u00f3n\u00bb, concluy\u00f3.<\/p>\n<p>&nbsp;<\/p>\n<p>&nbsp;<\/p>\n<p>&nbsp;<\/p>\n<p>&nbsp;<\/p>\n<p>&nbsp;<\/p>\n<p>&nbsp;<\/p>\n<p>&nbsp;<\/p>\n<p>&nbsp;<\/p>\n<p>&nbsp;<\/p>\n<p>&nbsp;<\/p>\n<p>&nbsp;<\/p>\n","protected":false},"excerpt":{"rendered":"<p>El defensor del pueblo de la provincia de Buenos Aires, Carlos Bonicatto, quien present\u00f3 un amparo para que la empresa fije en 123 pesos el abono, insisti\u00f3 as\u00ed en la necesidad de \u00abdefender al usuario, que es la parte m\u00e1s d\u00e9bil\u00bb.<\/p>\n","protected":false},"author":4,"featured_media":0,"comment_status":"open","ping_status":"open","sticky":false,"template":"","format":"standard","meta":{"_jetpack_newsletter_access":"","_jetpack_dont_email_post_to_subs":false,"_jetpack_newsletter_tier_id":0,"_jetpack_memberships_contains_paywalled_content":false,"_jetpack_memberships_contains_paid_content":false,"footnotes":""},"categories":[54],"tags":[],"class_list":["post-16416","post","type-post","status-publish","format-standard","hentry","category-medios"],"jetpack_featured_media_url":"","jetpack_shortlink":"https:\/\/wp.me\/p2JWE0-4gM","jetpack-related-posts":[{"id":20564,"url":"https:\/\/www.24baires.com\/?p=20564","url_meta":{"origin":16416,"position":0},"title":"Cablevisi\u00f3n \u201cNo quiere cumplir con lo que se le ordena\u00bb advirti\u00f3 Bonicatto","author":"AF","date":"09\/04\/2013","format":false,"excerpt":"El Defensor del Pueblo bonaerense, Carlos Bonicatto, dialog\u00f3 sobre la causa contra la empresa del Grupo Clar\u00edn por el cobro indebido de sus servicio en la Provincia. Adelant\u00f3 que en los pr\u00f3ximos d\u00edas podr\u00eda haber novedades de la Justicia, ya que eval\u00faa un nuevo pedido para que la cableoperadora se\u2026","rel":"","context":"En \u00abMedios\u00bb","block_context":{"text":"Medios","link":"https:\/\/www.24baires.com\/?cat=54"},"img":{"alt_text":"bonicatto","src":"https:\/\/i0.wp.com\/www.24baires.com\/wp-content\/uploads\/2013\/04\/bonicatto.jpg?resize=350%2C200","width":350,"height":200,"srcset":"https:\/\/i0.wp.com\/www.24baires.com\/wp-content\/uploads\/2013\/04\/bonicatto.jpg?resize=350%2C200 1x, https:\/\/i0.wp.com\/www.24baires.com\/wp-content\/uploads\/2013\/04\/bonicatto.jpg?resize=525%2C300 1.5x"},"classes":[]},{"id":30722,"url":"https:\/\/www.24baires.com\/?p=30722","url_meta":{"origin":16416,"position":1},"title":"El Defensor del Pueblo de la Provincia afirm\u00f3 que \u00abCablevisi\u00f3n presiona a la Justicia\u00bb","author":"Grupo Sierra","date":"24\/08\/2013","format":false,"excerpt":"Carlos Bonicatto acus\u00f3 a la empresa Cablevisi\u00f3n, del Grupo Clar\u00edn, de \u201cagraviar a las instituciones y presionar a la Justicia\u201d para que ese organismo sea apartado de la causa por sobrefacturaci\u00f3n en la tarifa de televisi\u00f3n por cable a los usuarios. El Defensor del Pueblo bonaerense Carlos Bonicatto, acus\u00f3 hoy\u2026","rel":"","context":"En \u00abMedios\u00bb","block_context":{"text":"Medios","link":"https:\/\/www.24baires.com\/?cat=54"},"img":{"alt_text":"","src":"","width":0,"height":0},"classes":[]},{"id":7260,"url":"https:\/\/www.24baires.com\/?p=7260","url_meta":{"origin":16416,"position":2},"title":"La Defensor\u00eda Bonaerense present\u00f3 una acci\u00f3n judicial para adecuar las tarifas de Cablevisi\u00f3n","author":"Grupo Sierra","date":"29\/11\/2012","format":false,"excerpt":"La Defensor\u00eda del Pueblo de la Provincia de Buenos Aires present\u00f3 un amparo para exigir la nulidad del aumento del servicio que aplic\u00f3 Cablevisi\u00f3n en enero de 2011 y la devoluci\u00f3n de los montos cobrados en exceso desde entonces. En el marco de una conferencia de prensa, el onmbusman bonaerense,\u2026","rel":"","context":"En \u00abEconom\u00eda\u00bb","block_context":{"text":"Econom\u00eda","link":"https:\/\/www.24baires.com\/?cat=45"},"img":{"alt_text":"","src":"","width":0,"height":0},"classes":[]},{"id":13638,"url":"https:\/\/www.24baires.com\/?p=13638","url_meta":{"origin":16416,"position":3},"title":"Cablevisi\u00f3n deber\u00e1 bajar la tarifa b\u00e1sica por una medida cautelar","author":"AF","date":"26\/01\/2013","format":false,"excerpt":"La justicia convalid\u00f3 la medida cautelar contra Cablevisi\u00f3n que present\u00f3 la Defensor\u00eda del Pueblo bonaerense y confirm\u00f3 que la empresa debe cobrar su abono de TV por cable a 130 pesos. El tratamiento de este caso en feria judicial surge del pedido del Defensor del Pueblo, Carlos Bonicatto, quien solicit\u00f3\u2026","rel":"","context":"En \u00abMedios\u00bb","block_context":{"text":"Medios","link":"https:\/\/www.24baires.com\/?cat=54"},"img":{"alt_text":"cablevisi\u00f3n","src":"https:\/\/i0.wp.com\/www.24baires.com\/wp-content\/uploads\/2013\/01\/cablevisi%C3%B3n-300x199.jpg?resize=350%2C200","width":350,"height":200},"classes":[]},{"id":17649,"url":"https:\/\/www.24baires.com\/?p=17649","url_meta":{"origin":16416,"position":4},"title":"El Defensor del Pueblo bonaerense denuncia amenazas de Cablevisi\u00f3n","author":"AF","date":"06\/03\/2013","format":false,"excerpt":"Carlos Bonicatto, el defensor del pueblo bonaerense, denunci\u00f3 que la empresa Cablevisi\u00f3n le envi\u00f3 una carta documento \"amenazante\", por su decisi\u00f3n de reclamar ante la Justicia que el cableoperador respete el precio fijado por la Secretar\u00eda de Comercio Interior. La C\u00e1mara Federal de Apelaciones de La Plata ratific\u00f3 la medida\u2026","rel":"","context":"En \u00abMedios\u00bb","block_context":{"text":"Medios","link":"https:\/\/www.24baires.com\/?cat=54"},"img":{"alt_text":"","src":"","width":0,"height":0},"classes":[]},{"id":15048,"url":"https:\/\/www.24baires.com\/?p=15048","url_meta":{"origin":16416,"position":5},"title":"Bonicatto: \u201cNo hemos hablado de aumentos pero s\u00ed de la situaci\u00f3n tarifaria de ABSA\u201d","author":"AF","date":"08\/02\/2013","format":false,"excerpt":"El Defensor del Pueblo de la Provincia de Buenos Aires, Carlos Bonicatto, repas\u00f3 los principales temas que est\u00e1n abordando desde el organismo y explic\u00f3 que \u201cvamos a trabajar la semana que viene en un an\u00e1lisis de c\u00f3mo est\u00e1 ABSA, pero hasta ahora no hemos hablado de aumentos\u201d. En di\u00e1logo con\u2026","rel":"","context":"En \u00abEconom\u00eda\u00bb","block_context":{"text":"Econom\u00eda","link":"https:\/\/www.24baires.com\/?cat=45"},"img":{"alt_text":"","src":"","width":0,"height":0},"classes":[]}],"jetpack_sharing_enabled":true,"jetpack_likes_enabled":true,"_links":{"self":[{"href":"https:\/\/www.24baires.com\/index.php?rest_route=\/wp\/v2\/posts\/16416","targetHints":{"allow":["GET"]}}],"collection":[{"href":"https:\/\/www.24baires.com\/index.php?rest_route=\/wp\/v2\/posts"}],"about":[{"href":"https:\/\/www.24baires.com\/index.php?rest_route=\/wp\/v2\/types\/post"}],"author":[{"embeddable":true,"href":"https:\/\/www.24baires.com\/index.php?rest_route=\/wp\/v2\/users\/4"}],"replies":[{"embeddable":true,"href":"https:\/\/www.24baires.com\/index.php?rest_route=%2Fwp%2Fv2%2Fcomments&post=16416"}],"version-history":[{"count":1,"href":"https:\/\/www.24baires.com\/index.php?rest_route=\/wp\/v2\/posts\/16416\/revisions"}],"predecessor-version":[{"id":16417,"href":"https:\/\/www.24baires.com\/index.php?rest_route=\/wp\/v2\/posts\/16416\/revisions\/16417"}],"wp:attachment":[{"href":"https:\/\/www.24baires.com\/index.php?rest_route=%2Fwp%2Fv2%2Fmedia&parent=16416"}],"wp:term":[{"taxonomy":"category","embeddable":true,"href":"https:\/\/www.24baires.com\/index.php?rest_route=%2Fwp%2Fv2%2Fcategories&post=16416"},{"taxonomy":"post_tag","embeddable":true,"href":"https:\/\/www.24baires.com\/index.php?rest_route=%2Fwp%2Fv2%2Ftags&post=16416"}],"curies":[{"name":"wp","href":"https:\/\/api.w.org\/{rel}","templated":true}]}}