{"id":16412,"date":"2013-02-22T12:49:30","date_gmt":"2013-02-22T15:49:30","guid":{"rendered":"http:\/\/www.24baires.com\/?p=16412"},"modified":"2013-02-22T12:49:30","modified_gmt":"2013-02-22T15:49:30","slug":"denuncian-penalmente-a-un-policia-por-pedir-una-coima-en-la-ruta","status":"publish","type":"post","link":"https:\/\/www.24baires.com\/?p=16412","title":{"rendered":"Denuncian penalmente a un polic\u00eda por pedir una coima en la ruta"},"content":{"rendered":"<p><strong>TRES ARROYOS &#8211;<\/strong> La declaraci\u00f3n penal fue efectuada por un turista de Neuqu\u00e9n al que le habr\u00edan exigido una \u00abcolaboraci\u00f3n econ\u00f3mica\u00bb para no hacerle una multa por carecer de la Verificaci\u00f3n T\u00e9cnica Vehicular (VTV), una regla inexistente fuera de la provincia de Buenos Aires. El lugar del hecho fue el cruce de la Ruta 228 y la 73.<!--more--><br \/>\nUn polic\u00eda de Bah\u00eda Blanca que hab\u00eda llegado a Tres Arroyos como refuerzo del Operativo Sol a esta jurisdicci\u00f3n, fue denunciado por un turista de Neuqu\u00e9n a ra\u00edz de un supuesto pedido de coima. El episodio se registr\u00f3 el pasado domingo en la intersecci\u00f3n de las rutas 228 y 73, cuando de acuerdo a lo denunciado por un turista nativo de la provincia de Neuqu\u00e9n e identificado como Lucas<br \/>\nMu\u00f1oz, habr\u00eda sido invitado a \u00abcolaborar econ\u00f3micamente\u00bb con las fuerzas de seguridad para evitar una multa por la falta de la Verificaci\u00f3n T\u00e9cnica Veh\u00edcular (VTV) en su auto; una medida preventiva de accidentes de tr\u00e1nsito que no existe en esa provincia patag\u00f3nica.<br \/>\nSeg\u00fan confirmaron altas fuentes policiales, ya fue requerida una copia administrativa de la denuncia por parte de la divisi\u00f3n de Asuntos Internos de la Provincia de Buenos Aires, la cual de esta manera ya confirm\u00f3 su intervenci\u00f3n en el hecho declarado el pasado domingo en la Fiscal\u00eda local por parte del indignado turista.<br \/>\nTal como indicaron los voceros consultados por este diario, el polic\u00eda denunciado es el \u00fanico efectivo con el que se reforz\u00f3 el sistema preventivo de las rutas que pasan por este distrito, \u00abya que en Tres Arroyos ten\u00edamos personal suficiente para trabajar en el resto de la zona\u00bb, coment\u00f3 la fuente. No obstante, la identidad del sospechoso se mantiene en reserva, ya que hasta que no se presenten las pruebas, \u00e9ste deber\u00e1 seguir cumpliendo funciones en las fuerzas de seguridad.<br \/>\nPor otra parte, los voceros que tomaron contacto con este diario, no dejaron de observar que, \u00abhabr\u00e1 que ver cu\u00e1les son las pruebas con las que se cuenta, ya que la sola denuncia no basta para complicar la situaci\u00f3n del polic\u00eda\u00bb.<\/p>\n<p>&nbsp;<\/p>\n<p>&nbsp;<\/p>\n<p>&nbsp;<\/p>\n<p>&nbsp;<\/p>\n<p>&nbsp;<\/p>\n<p>&nbsp;<\/p>\n<p>&nbsp;<\/p>\n<p>&nbsp;<\/p>\n<p>&nbsp;<\/p>\n<p>&nbsp;<\/p>\n<p>&nbsp;<\/p>\n<p>&nbsp;<\/p>\n<p>&nbsp;<\/p>\n<p>&nbsp;<\/p>\n<p>&nbsp;<\/p>\n","protected":false},"excerpt":{"rendered":"<p>TRES ARROYOS &#8211; La declaraci\u00f3n penal fue efectuada por un turista de Neuqu\u00e9n al que le habr\u00edan exigido una \u00abcolaboraci\u00f3n econ\u00f3mica\u00bb para no hacerle una multa por carecer de la Verificaci\u00f3n T\u00e9cnica Vehicular (VTV), una regla inexistente fuera de la provincia de Buenos Aires. El lugar del hecho fue el cruce de la Ruta 228 y la 73.<\/p>\n","protected":false},"author":4,"featured_media":0,"comment_status":"open","ping_status":"open","sticky":false,"template":"","format":"standard","meta":{"_jetpack_newsletter_access":"","_jetpack_dont_email_post_to_subs":false,"_jetpack_newsletter_tier_id":0,"_jetpack_memberships_contains_paywalled_content":false,"_jetpack_memberships_contains_paid_content":false,"footnotes":""},"categories":[1],"tags":[],"class_list":["post-16412","post","type-post","status-publish","format-standard","hentry","category-sociedad"],"jetpack_featured_media_url":"","jetpack_shortlink":"https:\/\/wp.me\/p2JWE0-4gI","jetpack-related-posts":[{"id":118810,"url":"https:\/\/www.24baires.com\/?p=118810","url_meta":{"origin":16412,"position":0},"title":"Qued\u00f3 registrada la coima cobrada por polic\u00edas mediante una app","author":"AF","date":"02\/05\/2022","format":false,"excerpt":"\u200cLa fiscal que investiga a dos polic\u00edas bonaerenses acusados de cobrar una coima a trav\u00e9s de un medio de pago digital confirm\u00f3 este lunes que la \"operaci\u00f3n il\u00edcita\" qued\u00f3 registrada y que analiza agravar la imputaci\u00f3n luego de que esta ma\u00f1ana declararan las v\u00edctimas y confirmaran que les pidieron dinero\u2026","rel":"","context":"En \u00abSociedad\u00bb","block_context":{"text":"Sociedad","link":"https:\/\/www.24baires.com\/?cat=1"},"img":{"alt_text":"","src":"https:\/\/i0.wp.com\/www.24baires.com\/wp-content\/uploads\/2022\/05\/5ecbfbda43136_900.jpg?resize=350%2C200","width":350,"height":200,"srcset":"https:\/\/i0.wp.com\/www.24baires.com\/wp-content\/uploads\/2022\/05\/5ecbfbda43136_900.jpg?resize=350%2C200 1x, https:\/\/i0.wp.com\/www.24baires.com\/wp-content\/uploads\/2022\/05\/5ecbfbda43136_900.jpg?resize=525%2C300 1.5x, https:\/\/i0.wp.com\/www.24baires.com\/wp-content\/uploads\/2022\/05\/5ecbfbda43136_900.jpg?resize=700%2C400 2x"},"classes":[]},{"id":116582,"url":"https:\/\/www.24baires.com\/?p=116582","url_meta":{"origin":16412,"position":1},"title":"Aerol\u00edneas Argentinas program\u00f3 m\u00e1s de 650 vuelos de cabotaje e internacionales para noviembre","author":"AF","date":"30\/10\/2020","format":false,"excerpt":"Abarcar\u00e1 a 22 provincias y 30 destinos con un total de 571 viajes internos. Tambi\u00e9n se retoman frecuencias con R\u00edo de Janeiro, San Pablo, Santiago, Asunci\u00f3n y Santa Cruz de la Sierra. Aerol\u00edneas Argentinas program\u00f3 m\u00e1s de 650 vuelos para noviembre, lo que significa un incremento en la cantidad de\u2026","rel":"","context":"En \u00abLocales\u00bb","block_context":{"text":"Locales","link":"https:\/\/www.24baires.com\/?cat=38"},"img":{"alt_text":"","src":"https:\/\/i0.wp.com\/www.24baires.com\/wp-content\/uploads\/2017\/04\/aerolineas-argentinas.jpg?resize=350%2C200","width":350,"height":200,"srcset":"https:\/\/i0.wp.com\/www.24baires.com\/wp-content\/uploads\/2017\/04\/aerolineas-argentinas.jpg?resize=350%2C200 1x, https:\/\/i0.wp.com\/www.24baires.com\/wp-content\/uploads\/2017\/04\/aerolineas-argentinas.jpg?resize=525%2C300 1.5x"},"classes":[]},{"id":2216,"url":"https:\/\/www.24baires.com\/?p=2216","url_meta":{"origin":16412,"position":2},"title":"Hallan m\u00e1s de 20 kilos de droga en la Ruta 228","author":"AF","date":"15\/10\/2012","format":false,"excerpt":"Un importante cargamento con m\u00e1s de 20 kilos de sustancias prohibidas (ser\u00edan marihuana y coca\u00edna) fue hallado por Gendarmer\u00eda Nacional en un micro de larga distancia que transitaba por la ruta 228, por lo cual se le dio intervenci\u00f3n en el caso al Juzgado Federal N\u00ba 1 de Necochea. En\u2026","rel":"","context":"En \u00abPoliciales\u00bb","block_context":{"text":"Policiales","link":"https:\/\/www.24baires.com\/?cat=49"},"img":{"alt_text":"","src":"","width":0,"height":0},"classes":[]},{"id":77949,"url":"https:\/\/www.24baires.com\/?p=77949","url_meta":{"origin":16412,"position":3},"title":"El intendente de Mar del Plata pide que el tren vuelva a la ciudad","author":"GB","date":"21\/01\/2016","format":false,"excerpt":"Solicit\u00f3 al ministro de Transporte bonaerense que intervenga ante Ferrobaires. Tambi\u00e9n elev\u00f3 el pedido al ministro Dietrich. El intendente Carlos Fernando Arroyo le pidi\u00f3 al ministro de Infraestructura, Servicios P\u00fablicos y Transporte de la provincia de Buenos Aires, Edgardo Cenz\u00f3n, que intervenga ante Ferrobaires para recuperar el servicio de tren\u2026","rel":"","context":"En \u00abLocales\u00bb","block_context":{"text":"Locales","link":"https:\/\/www.24baires.com\/?cat=38"},"img":{"alt_text":"arroyo","src":"https:\/\/i0.wp.com\/www.24baires.com\/wp-content\/uploads\/2015\/09\/arroyo.jpg?resize=350%2C200","width":350,"height":200,"srcset":"https:\/\/i0.wp.com\/www.24baires.com\/wp-content\/uploads\/2015\/09\/arroyo.jpg?resize=350%2C200 1x, https:\/\/i0.wp.com\/www.24baires.com\/wp-content\/uploads\/2015\/09\/arroyo.jpg?resize=525%2C300 1.5x"},"classes":[]},{"id":112265,"url":"https:\/\/www.24baires.com\/?p=112265","url_meta":{"origin":16412,"position":4},"title":"Coca\u00edna en Ezeiza: detuvieron a tres agentes de la Polic\u00eda de Seguridad Aeroportuaria","author":"GB","date":"27\/09\/2019","format":false,"excerpt":"La Justicia orden\u00f3 la detenci\u00f3n de tres efectivos e investigan su connivencia con los narcos. Ya son 16 detenidos. La Justicia orden\u00f3 la detenci\u00f3n de tres efectivos de la Polic\u00eda de Seguridad Aeron\u00e1utica (PSA), en el marco de la investigaci\u00f3n por el secuestro de m\u00e1s de 250 kilos de coca\u00edna\u2026","rel":"","context":"En \u00abSociedad\u00bb","block_context":{"text":"Sociedad","link":"https:\/\/www.24baires.com\/?cat=1"},"img":{"alt_text":"","src":"https:\/\/i0.wp.com\/www.24baires.com\/wp-content\/uploads\/2014\/09\/ezeiza.jpg?resize=350%2C200","width":350,"height":200,"srcset":"https:\/\/i0.wp.com\/www.24baires.com\/wp-content\/uploads\/2014\/09\/ezeiza.jpg?resize=350%2C200 1x, https:\/\/i0.wp.com\/www.24baires.com\/wp-content\/uploads\/2014\/09\/ezeiza.jpg?resize=525%2C300 1.5x"},"classes":[]},{"id":106128,"url":"https:\/\/www.24baires.com\/?p=106128","url_meta":{"origin":16412,"position":5},"title":"Vidal lanz\u00f3 en Mar del Plata el Operativo Sol","author":"AF","date":"27\/12\/2018","format":false,"excerpt":"\"Vamos a estar trabajando para ustedes, para que puedan disfrutar de unos d\u00edas de merecido descanso\", asegur\u00f3 la mandataria provincial desde Mar del Plata junto al ministro de Seguridad, Cristian Ritondo; el secretario general del Gobierno, Fabi\u00e1n Perechodnik. La gobernadora de la provincia de Buenos Aires, Mar\u00eda Eugenia Vidal, lanz\u00f3\u2026","rel":"","context":"En \u00abSociedad\u00bb","block_context":{"text":"Sociedad","link":"https:\/\/www.24baires.com\/?cat=1"},"img":{"alt_text":"","src":"https:\/\/i0.wp.com\/www.24baires.com\/wp-content\/uploads\/2018\/12\/vidal-operativo-sol.jpeg?resize=350%2C200","width":350,"height":200,"srcset":"https:\/\/i0.wp.com\/www.24baires.com\/wp-content\/uploads\/2018\/12\/vidal-operativo-sol.jpeg?resize=350%2C200 1x, https:\/\/i0.wp.com\/www.24baires.com\/wp-content\/uploads\/2018\/12\/vidal-operativo-sol.jpeg?resize=525%2C300 1.5x"},"classes":[]}],"jetpack_sharing_enabled":true,"jetpack_likes_enabled":true,"_links":{"self":[{"href":"https:\/\/www.24baires.com\/index.php?rest_route=\/wp\/v2\/posts\/16412","targetHints":{"allow":["GET"]}}],"collection":[{"href":"https:\/\/www.24baires.com\/index.php?rest_route=\/wp\/v2\/posts"}],"about":[{"href":"https:\/\/www.24baires.com\/index.php?rest_route=\/wp\/v2\/types\/post"}],"author":[{"embeddable":true,"href":"https:\/\/www.24baires.com\/index.php?rest_route=\/wp\/v2\/users\/4"}],"replies":[{"embeddable":true,"href":"https:\/\/www.24baires.com\/index.php?rest_route=%2Fwp%2Fv2%2Fcomments&post=16412"}],"version-history":[{"count":2,"href":"https:\/\/www.24baires.com\/index.php?rest_route=\/wp\/v2\/posts\/16412\/revisions"}],"predecessor-version":[{"id":16414,"href":"https:\/\/www.24baires.com\/index.php?rest_route=\/wp\/v2\/posts\/16412\/revisions\/16414"}],"wp:attachment":[{"href":"https:\/\/www.24baires.com\/index.php?rest_route=%2Fwp%2Fv2%2Fmedia&parent=16412"}],"wp:term":[{"taxonomy":"category","embeddable":true,"href":"https:\/\/www.24baires.com\/index.php?rest_route=%2Fwp%2Fv2%2Fcategories&post=16412"},{"taxonomy":"post_tag","embeddable":true,"href":"https:\/\/www.24baires.com\/index.php?rest_route=%2Fwp%2Fv2%2Ftags&post=16412"}],"curies":[{"name":"wp","href":"https:\/\/api.w.org\/{rel}","templated":true}]}}