{"id":16407,"date":"2013-02-22T12:18:50","date_gmt":"2013-02-22T15:18:50","guid":{"rendered":"http:\/\/www.24baires.com\/?p=16407"},"modified":"2013-02-23T11:24:14","modified_gmt":"2013-02-23T14:24:14","slug":"sileoni-llegara-un-dia-en-que-estas-discusiones-las-demos-con-mas-racionalidad","status":"publish","type":"post","link":"https:\/\/www.24baires.com\/?p=16407","title":{"rendered":"Sileoni: \u00abllegar\u00e1 un d\u00eda en que estas discusiones las demos con m\u00e1s racionalidad\u00bb"},"content":{"rendered":"<p><img data-recalc-dims=\"1\" loading=\"lazy\" decoding=\"async\" class=\"alignleft size-medium wp-image-16408\" alt=\"sileoni\" src=\"https:\/\/i0.wp.com\/www.24baires.com\/wp-content\/uploads\/2013\/02\/sileoni.jpg?resize=300%2C171\" width=\"300\" height=\"171\" srcset=\"https:\/\/i0.wp.com\/www.24baires.com\/wp-content\/uploads\/2013\/02\/sileoni.jpg?resize=300%2C171&amp;ssl=1 300w, https:\/\/i0.wp.com\/www.24baires.com\/wp-content\/uploads\/2013\/02\/sileoni.jpg?w=356&amp;ssl=1 356w\" sizes=\"auto, (max-width: 300px) 100vw, 300px\" \/>El ministro de Educaci\u00f3n se refiri\u00f3 a la decisi\u00f3n de los gremios UDA, AMET, CEA y Sadop, que anunciaron la realizaci\u00f3n de una medida de fuerza para el lunes, en rechazo al 22 por ciento de aumento otorgado por el gobierno nacional.<!--more-->\u00abLamento el paro y espero que en los primeros dos d\u00edas se acomode esta situaci\u00f3n y podamos empezar las clases. Hemos superado los 180 d\u00edas y vamos por los 190. Nos va a costar pero vamos a llegar. Llegar\u00e1 un d\u00eda en que estas discusiones las daremos con m\u00e1s racionalidad\u00bb, dijo el ministro en declaraciones a radio Mitre.<\/p>\n<p>Sileoni se refiri\u00f3 as\u00ed a la decisi\u00f3n de los gremios UDA, AMET, CEA y Sadop, que anunciaron ayer la realizaci\u00f3n de un paro para el pr\u00f3ximo lunes, en el primer d\u00eda de clases, en rechazo al 22 por ciento de aumento otorgado por el gobierno nacional.<\/p>\n<p>No obstante,Sileoni celebr\u00f3 que varias provincias \u00abest\u00e1n arreglando\u00bb la situaci\u00f3n y aclar\u00f3 que \u00ab\u00e9sta es una discusi\u00f3n salarial, cuya responsabilidad primaria est\u00e1 radicada en cada una de las 24 jurisdicciones\u00bb.<\/p>\n<p>En ese marco, destac\u00f3 el hecho de que \u00abC\u00f3rdoba haya dado el 25 por ciento de aumento en tramos, que San Luis tambi\u00e9n haya arreglado, que La Pampa est\u00e1 cerca, que Formosa y Misiones hayan arreglado y que Salta haya dado el 23 por ciento en 3 tramos\u00bb.<\/p>\n<p>\u00abAs\u00ed se van a ir acomodando otras provincias, y otras tendr\u00e1n una dificultad mayor\u00bb, estim\u00f3.<\/p>\n<p>Asimismo reiter\u00f3 que del ministerio de Educaci\u00f3n \u00abno depende una sola escuela de las 45 mil ni depende uno solo de 960 mil docentes\u00bb que hay en el pa\u00eds y que la cartera a su cargo no tiene la \u00abcompetencia de construir el salario\u00bb, sino que \u00ablo hacen los 110 gremios educativos con las 24 administraciones provinciales\u00bb.<\/p>\n<p>&nbsp;<\/p>\n<p>&nbsp;<\/p>\n<p>&nbsp;<\/p>\n<p>&nbsp;<\/p>\n<p>&nbsp;<\/p>\n<p>&nbsp;<\/p>\n<p>&nbsp;<\/p>\n<p>&nbsp;<\/p>\n<p>&nbsp;<\/p>\n<p>&nbsp;<\/p>\n<p>&nbsp;<\/p>\n<p>&nbsp;<\/p>\n<p>&nbsp;<\/p>\n<p>&nbsp;<\/p>\n<p>&nbsp;<\/p>\n","protected":false},"excerpt":{"rendered":"<p>El ministro de Educaci\u00f3n se refiri\u00f3 a la decisi\u00f3n de los gremios UDA, AMET, CEA y Sadop, que anunciaron la realizaci\u00f3n de una medida de fuerza para el lunes, en rechazo al 22 por ciento de aumento otorgado por el gobierno nacional.<\/p>\n","protected":false},"author":4,"featured_media":0,"comment_status":"open","ping_status":"open","sticky":false,"template":"","format":"standard","meta":{"_jetpack_newsletter_access":"","_jetpack_dont_email_post_to_subs":false,"_jetpack_newsletter_tier_id":0,"_jetpack_memberships_contains_paywalled_content":false,"_jetpack_memberships_contains_paid_content":false,"footnotes":""},"categories":[1],"tags":[],"class_list":["post-16407","post","type-post","status-publish","format-standard","hentry","category-sociedad"],"jetpack_featured_media_url":"","jetpack_shortlink":"https:\/\/wp.me\/p2JWE0-4gD","jetpack-related-posts":[{"id":50171,"url":"https:\/\/www.24baires.com\/?p=50171","url_meta":{"origin":16407,"position":0},"title":"Sileoni duro con los docentes: \u00abYa est\u00e1 bien de perder d\u00edas de clases\u00bb","author":"GB","date":"18\/07\/2014","format":false,"excerpt":"\"Si hay alguna reflexi\u00f3n que hacer, que se discuta, pero no a costa de seguir perdiendo d\u00edas \", sostuvo el titular de Educaci\u00f3n, ante la amenaza de los sindicatos de no reiniciar el ciclo lectivo. El ministro de Educaci\u00f3n de la Naci\u00f3n, Alberto Sileoni, advirti\u00f3 a los gremios docentes que\u2026","rel":"","context":"En \u00abSociedad\u00bb","block_context":{"text":"Sociedad","link":"https:\/\/www.24baires.com\/?cat=1"},"img":{"alt_text":"sileoni","src":"https:\/\/i0.wp.com\/www.24baires.com\/wp-content\/uploads\/2014\/07\/sileoni.jpg?resize=350%2C200","width":350,"height":200,"srcset":"https:\/\/i0.wp.com\/www.24baires.com\/wp-content\/uploads\/2014\/07\/sileoni.jpg?resize=350%2C200 1x, https:\/\/i0.wp.com\/www.24baires.com\/wp-content\/uploads\/2014\/07\/sileoni.jpg?resize=525%2C300 1.5x"},"classes":[]},{"id":61875,"url":"https:\/\/www.24baires.com\/?p=61875","url_meta":{"origin":16407,"position":1},"title":"Docentes y Gobierno vuelven a la discusi\u00f3n","author":"Grupo Sierra","date":"17\/02\/2015","format":false,"excerpt":"Los maestros intentar\u00e1n alcanzar un acuerdo sobre el incremento salarial de este a\u00f1o, luego de que los gremios rechazaran una propuesta de 25% de aumento que absorbe el 8% otorgado para enero y febrero. La reanudaci\u00f3n de las negociaciones est\u00e1 prevista desde las 11 con los docentes del Frente Gremial\u2026","rel":"","context":"En \u00abProvincia\u00bb","block_context":{"text":"Provincia","link":"https:\/\/www.24baires.com\/?cat=40"},"img":{"alt_text":"scioli_docentes_270313_2_ef_70368","src":"https:\/\/i0.wp.com\/www.24baires.com\/wp-content\/uploads\/2013\/03\/scioli_docentes_270313_2_ef_70368.jpg?resize=350%2C200","width":350,"height":200,"srcset":"https:\/\/i0.wp.com\/www.24baires.com\/wp-content\/uploads\/2013\/03\/scioli_docentes_270313_2_ef_70368.jpg?resize=350%2C200 1x, https:\/\/i0.wp.com\/www.24baires.com\/wp-content\/uploads\/2013\/03\/scioli_docentes_270313_2_ef_70368.jpg?resize=525%2C300 1.5x"},"classes":[]},{"id":41588,"url":"https:\/\/www.24baires.com\/?p=41588","url_meta":{"origin":16407,"position":2},"title":"Cuatro gremios docentes levantaron el paro y acataron la conciliaci\u00f3n","author":"Grupo Sierra","date":"05\/03\/2014","format":false,"excerpt":"Confirmaron la medida y asistir\u00e1n a la audiencia convocada para el mi\u00e9rcoles pr\u00f3ximo en Trabajo. Resta saber la decisi\u00f3n de CTERA. Los cuatro gremios docentes de alcance nacional enrolados en la Confederaci\u00f3n General del Trabajo (CGT) adelantaron que acatar\u00e1n la conciliaci\u00f3n obligatoria decretada por el Gobierno nacional en el marco\u2026","rel":"","context":"En \u00abPol\u00edtica\u00bb","block_context":{"text":"Pol\u00edtica","link":"https:\/\/www.24baires.com\/?cat=51"},"img":{"alt_text":"","src":"","width":0,"height":0},"classes":[]},{"id":121047,"url":"https:\/\/www.24baires.com\/?p=121047","url_meta":{"origin":16407,"position":3},"title":"Ctera rechaz\u00f3 sumarse al paro docente convocado para el lunes","author":"GB","date":"29\/02\/2024","format":false,"excerpt":"El gremio m\u00e1s importante que nuclea a los maestros de todo el pa\u00eds no se plegar\u00e1 a la huelga nacional convocada para este lunes por otros sindicatos del sector tras el fracaso en la reuni\u00f3n paritaria con el Gobierno. Despu\u00e9s de que los gremios docentes pertenecientes a la CGT (SADOP,\u2026","rel":"","context":"En \u00abPol\u00edtica\u00bb","block_context":{"text":"Pol\u00edtica","link":"https:\/\/www.24baires.com\/?cat=51"},"img":{"alt_text":"","src":"https:\/\/i0.wp.com\/www.24baires.com\/wp-content\/uploads\/2024\/02\/ctera.jpg?resize=350%2C200","width":350,"height":200,"srcset":"https:\/\/i0.wp.com\/www.24baires.com\/wp-content\/uploads\/2024\/02\/ctera.jpg?resize=350%2C200 1x, https:\/\/i0.wp.com\/www.24baires.com\/wp-content\/uploads\/2024\/02\/ctera.jpg?resize=525%2C300 1.5x, https:\/\/i0.wp.com\/www.24baires.com\/wp-content\/uploads\/2024\/02\/ctera.jpg?resize=700%2C400 2x"},"classes":[]},{"id":61644,"url":"https:\/\/www.24baires.com\/?p=61644","url_meta":{"origin":16407,"position":4},"title":"El Gobierno nacional recibe hoy a docentes para discutir paritarias","author":"AF","date":"12\/02\/2015","format":false,"excerpt":"El ministro de Educaci\u00f3n de la Naci\u00f3n, Alberto Sileoni, llam\u00f3 a los dirigentes de los cinco gremios con representaci\u00f3n en todo el pa\u00eds a un nuevo encuentro. Ser\u00e1 a las 16 en el Palacio Sarmiento. El encuentro tendr\u00e1 lugar a las 16 en el Palacio Sarmiento, sede de la cartera\u2026","rel":"","context":"En \u00abSociedad\u00bb","block_context":{"text":"Sociedad","link":"https:\/\/www.24baires.com\/?cat=1"},"img":{"alt_text":"","src":"","width":0,"height":0},"classes":[]},{"id":40043,"url":"https:\/\/www.24baires.com\/?p=40043","url_meta":{"origin":16407,"position":5},"title":"Docentes no llegaron a un acuerdo en la primera reuni\u00f3n paritaria en Casa Rosada","author":"GB","date":"07\/02\/2014","format":false,"excerpt":"En el primer encuentro participaron los cuartro gremios enrolados en la CGT, el jefe de Gabinete y los ministros de Econom\u00eda y Educaci\u00f3n. La primera reuni\u00f3n de la paritaria docente federal termin\u00f3 sin un acuerdo, pero marc\u00f3 cu\u00e1l ser\u00e1 el camino que recorrer\u00e1 la negociaci\u00f3n que determinar\u00e1 la pauta salarial\u2026","rel":"","context":"En \u00abPol\u00edtica\u00bb","block_context":{"text":"Pol\u00edtica","link":"https:\/\/www.24baires.com\/?cat=51"},"img":{"alt_text":"","src":"","width":0,"height":0},"classes":[]}],"jetpack_sharing_enabled":true,"jetpack_likes_enabled":true,"_links":{"self":[{"href":"https:\/\/www.24baires.com\/index.php?rest_route=\/wp\/v2\/posts\/16407","targetHints":{"allow":["GET"]}}],"collection":[{"href":"https:\/\/www.24baires.com\/index.php?rest_route=\/wp\/v2\/posts"}],"about":[{"href":"https:\/\/www.24baires.com\/index.php?rest_route=\/wp\/v2\/types\/post"}],"author":[{"embeddable":true,"href":"https:\/\/www.24baires.com\/index.php?rest_route=\/wp\/v2\/users\/4"}],"replies":[{"embeddable":true,"href":"https:\/\/www.24baires.com\/index.php?rest_route=%2Fwp%2Fv2%2Fcomments&post=16407"}],"version-history":[{"count":2,"href":"https:\/\/www.24baires.com\/index.php?rest_route=\/wp\/v2\/posts\/16407\/revisions"}],"predecessor-version":[{"id":16492,"href":"https:\/\/www.24baires.com\/index.php?rest_route=\/wp\/v2\/posts\/16407\/revisions\/16492"}],"wp:attachment":[{"href":"https:\/\/www.24baires.com\/index.php?rest_route=%2Fwp%2Fv2%2Fmedia&parent=16407"}],"wp:term":[{"taxonomy":"category","embeddable":true,"href":"https:\/\/www.24baires.com\/index.php?rest_route=%2Fwp%2Fv2%2Fcategories&post=16407"},{"taxonomy":"post_tag","embeddable":true,"href":"https:\/\/www.24baires.com\/index.php?rest_route=%2Fwp%2Fv2%2Ftags&post=16407"}],"curies":[{"name":"wp","href":"https:\/\/api.w.org\/{rel}","templated":true}]}}