{"id":16390,"date":"2013-02-22T11:10:25","date_gmt":"2013-02-22T14:10:25","guid":{"rendered":"http:\/\/www.24baires.com\/?p=16390"},"modified":"2013-02-23T11:24:23","modified_gmt":"2013-02-23T14:24:23","slug":"homenaje-a-las-victimas-de-la-tragedia-de-once-al-cumplirse-el-primer-aniversario","status":"publish","type":"post","link":"https:\/\/www.24baires.com\/?p=16390","title":{"rendered":"Homenaje a las v\u00edctimas de la tragedia de Once al cumplirse el primer aniversario"},"content":{"rendered":"<p>Homenajearon a los 51 muertos, con un reiterado pedido de \u00abjusticia\u00bb, cerrados aplausos y el sonar de una sirena, a un a\u00f1o del accidente del tren. Tambi\u00e9n habr\u00e1 una misa en la Catedral y un festival. <!--more--><br \/>\nDel acto tambi\u00e9n participaron pasajeros, trabajadores del Sarmiento, actores y Nora Corti\u00f1as, madre de Plaza de Mayo, l\u00ednea Fundadora.<\/p>\n<p>El emotivo homenaje se inici\u00f3 poco antes de las 8.32, hora en que se produjo el accidente, con un extenso aplauso de los familiares, parados en el and\u00e9n dos, detr\u00e1s de una bandera que ped\u00eda \u00abJU5+1CIA PARA LAS VICTIMAS\u00bb y luego comenz\u00f3 a sonar la sirena, como lo hacen cada mes, en los actos de recordaci\u00f3n.<\/p>\n<p>El sonar de la sirena provoc\u00f3 el llanto de muchos de los familiares y presentes en el lugar que insistentemente pidieron \u00abjusticia\u00bb para los muertos.<\/p>\n<p>Los familiares luego ofrecieron flores y velas encendidas, al borde del and\u00e9n, en momentos en que coincidentemente arribaba un tren con pasajeros, que se sumaron al recuerdo, en un acto embargado por el dolor.<\/p>\n<p>Del acto participaron tambi\u00e9n actores como Manuel Callau y otros artistas ofrecieron pinturas, dibujos y poemas que escribieron para recordar el accidente que protagoniz\u00f3 hace un a\u00f1o el tren 3772, al chocar contra las vallas de contenci\u00f3n.<\/p>\n<p>Paolo, padre de Lucas Menghini Rey, quien fue encontrado dos d\u00edas despu\u00e9s del accidente en la cabina de la locomotora, agradeci\u00f3 la participaci\u00f3n de los familiares, pasajeros de la l\u00ednea Sarmiento, trabajadores y un reconocimiento especial a la presencia de Nora Corti\u00f1as, integrante de Madre de Plaza de Mayo, l\u00ednea Fundadora.<\/p>\n<p>Corti\u00f1as manifest\u00f3 su \u00absolidaridad\u00bb con los familiares y manifest\u00f3 sentirse \u00abv\u00edctima de la tragedia, por lo que llevo el duelo desde el 22 de febrero del a\u00f1o pasado\u00bb.<\/p>\n<p>\u00abEl d\u00eda que encontraban a Pablo (Menghini Rey) estaba con una t\u00eda de Pablo\u00bb, record\u00f3 y pidi\u00f3 \u00abque mejoren el servicio\u00bb y finaliz\u00f3 su intervenci\u00f3n diciendo \u00ablas 51 v\u00edctimas de Once presentes ahora y siempre\u00bb, que repiti\u00f3 tres veces como lo hacen en sus actos las Madres cuando recuerdan a sus familiares desaparecidos.<\/p>\n<p>Previamente, Menghini Rey, hab\u00eda dado por concluido el acto con un pedido de \u00abjusticia para las v\u00edctimas de Once\u00bb, que todos reiteraron tres veces m\u00e1s en un cerrado aplauso.<\/p>\n","protected":false},"excerpt":{"rendered":"<p>Homenajearon a los 51 muertos, con un reiterado pedido de \u00abjusticia\u00bb, cerrados aplausos y el sonar de una sirena, a un a\u00f1o del accidente del tren. Tambi\u00e9n habr\u00e1 una misa en la Catedral y un festival.<\/p>\n","protected":false},"author":4,"featured_media":0,"comment_status":"open","ping_status":"open","sticky":false,"template":"","format":"standard","meta":{"_jetpack_newsletter_access":"","_jetpack_dont_email_post_to_subs":false,"_jetpack_newsletter_tier_id":0,"_jetpack_memberships_contains_paywalled_content":false,"_jetpack_memberships_contains_paid_content":false,"footnotes":""},"categories":[1],"tags":[],"class_list":["post-16390","post","type-post","status-publish","format-standard","hentry","category-sociedad"],"jetpack_featured_media_url":"","jetpack_shortlink":"https:\/\/wp.me\/p2JWE0-4gm","jetpack-related-posts":[{"id":40902,"url":"https:\/\/www.24baires.com\/?p=40902","url_meta":{"origin":16390,"position":0},"title":"Tragedia en Once: familiares de las v\u00edctimas reclamaron justicia","author":"GB","date":"22\/02\/2014","format":false,"excerpt":"Familiares de las 52 v\u00edctimas fatales del accidente ferroviario de Once homenajearon hoy la memoria de sus seres queridos a dos a\u00f1os de la tragedia, con un reclamo de \"justicia\". Los familiares hicieron sonar una sirena en el and\u00e9n 2 de la estaci\u00f3n de Once a las 8.32, hora exacta\u2026","rel":"","context":"En \u00abSociedad\u00bb","block_context":{"text":"Sociedad","link":"https:\/\/www.24baires.com\/?cat=1"},"img":{"alt_text":"tragedia once","src":"https:\/\/i0.wp.com\/www.24baires.com\/wp-content\/uploads\/2013\/10\/tragedia-once.jpg?resize=350%2C200","width":350,"height":200,"srcset":"https:\/\/i0.wp.com\/www.24baires.com\/wp-content\/uploads\/2013\/10\/tragedia-once.jpg?resize=350%2C200 1x, https:\/\/i0.wp.com\/www.24baires.com\/wp-content\/uploads\/2013\/10\/tragedia-once.jpg?resize=525%2C300 1.5x"},"classes":[]},{"id":30047,"url":"https:\/\/www.24baires.com\/?p=30047","url_meta":{"origin":16390,"position":1},"title":"Rosario: son 21 las v\u00edctimas fatales de la explosi\u00f3n","author":"GB","date":"12\/08\/2013","format":false,"excerpt":"Rescatistas hallaron dos cuerpos entre los escombros del edificio de nueve pisos que explot\u00f3 en Rosario por una fuga de gas, con lo que totalizan 21 la cantidad de v\u00edctimas fatales por el inmueble que se derrumb\u00f3 hace seis d\u00edas. Pasadas las 19.30, los bomberos hicieron sonar sus sirenas, dando\u2026","rel":"","context":"En \u00abSociedad\u00bb","block_context":{"text":"Sociedad","link":"https:\/\/www.24baires.com\/?cat=1"},"img":{"alt_text":"","src":"","width":0,"height":0},"classes":[]},{"id":51260,"url":"https:\/\/www.24baires.com\/?p=51260","url_meta":{"origin":16390,"position":2},"title":"Rosario: se cumple un a\u00f1o de la explosi\u00f3n que dej\u00f3 m\u00e1s de 200 muertos","author":"AF","date":"06\/08\/2014","format":false,"excerpt":"A un a\u00f1o de la explosi\u00f3n por una fuga de gas del edificio de tres alas de Salta 2141 de Rosario, donde fallecieron 22 personas y m\u00e1s de 60 resultaron heridas, los familiares recaman justicia y desean \"que no vuelva a suceder una cosa as\u00ed\". Las actividades de conmemoraci\u00f3n comenzaron\u2026","rel":"","context":"En \u00abSociedad\u00bb","block_context":{"text":"Sociedad","link":"https:\/\/www.24baires.com\/?cat=1"},"img":{"alt_text":"explosion rosario","src":"https:\/\/i0.wp.com\/www.24baires.com\/wp-content\/uploads\/2013\/08\/explosion-rosario.jpg?resize=350%2C200","width":350,"height":200,"srcset":"https:\/\/i0.wp.com\/www.24baires.com\/wp-content\/uploads\/2013\/08\/explosion-rosario.jpg?resize=350%2C200 1x, https:\/\/i0.wp.com\/www.24baires.com\/wp-content\/uploads\/2013\/08\/explosion-rosario.jpg?resize=525%2C300 1.5x"},"classes":[]},{"id":92151,"url":"https:\/\/www.24baires.com\/?p=92151","url_meta":{"origin":16390,"position":3},"title":"Familiares de las v\u00edctimas de Iron Mountain apuntaron contra G\u00f3mez Centuri\u00f3n","author":"GB","date":"05\/02\/2017","format":false,"excerpt":"Familiares de bomberos recordaron a las v\u00edctimas de la tragedia de Iron Mountain y apuntaron contra el ahora jefe de la Aduana, Juan Jos\u00e9 G\u00f3mez Centuri\u00f3n. Entre l\u00e1grimas, los presentes recordaron a las v\u00edctimas en el lugar del tr\u00e1gico incendio ocurrido hace tres a\u00f1os, en el que murieron ocho bomberos\u2026","rel":"","context":"En \u00abSociedad\u00bb","block_context":{"text":"Sociedad","link":"https:\/\/www.24baires.com\/?cat=1"},"img":{"alt_text":"","src":"https:\/\/i0.wp.com\/www.24baires.com\/wp-content\/uploads\/2015\/02\/iron-mountain-1.jpg?resize=350%2C200","width":350,"height":200,"srcset":"https:\/\/i0.wp.com\/www.24baires.com\/wp-content\/uploads\/2015\/02\/iron-mountain-1.jpg?resize=350%2C200 1x, https:\/\/i0.wp.com\/www.24baires.com\/wp-content\/uploads\/2015\/02\/iron-mountain-1.jpg?resize=525%2C300 1.5x"},"classes":[]},{"id":62092,"url":"https:\/\/www.24baires.com\/?p=62092","url_meta":{"origin":16390,"position":4},"title":"Familiares de las v\u00edctimas pidieron justicia a 3 a\u00f1os de la tragedia de Once","author":"GB","date":"22\/02\/2015","format":false,"excerpt":"Familiares de las v\u00edctimas de la tragedia de Once renovaron este domingo su reclamo de justicia al cumplirse tres a\u00f1os del choque de un tren contra un anden de la estaci\u00f3n que mat\u00f3 a 51 personas, una de ellas embarazada. El actor H\u00e9ctor Bidonde ley\u00f3 un documento en la convocatoria\u2026","rel":"","context":"En \u00abSociedad\u00bb","block_context":{"text":"Sociedad","link":"https:\/\/www.24baires.com\/?cat=1"},"img":{"alt_text":"tragedia once","src":"https:\/\/i0.wp.com\/www.24baires.com\/wp-content\/uploads\/2013\/10\/tragedia-once.jpg?resize=350%2C200","width":350,"height":200,"srcset":"https:\/\/i0.wp.com\/www.24baires.com\/wp-content\/uploads\/2013\/10\/tragedia-once.jpg?resize=350%2C200 1x, https:\/\/i0.wp.com\/www.24baires.com\/wp-content\/uploads\/2013\/10\/tragedia-once.jpg?resize=525%2C300 1.5x"},"classes":[]},{"id":42389,"url":"https:\/\/www.24baires.com\/?p=42389","url_meta":{"origin":16390,"position":5},"title":"Incansable pedido de justicia, a 22 a\u00f1os del atentado contra la embajada de Israel","author":"Grupo Sierra","date":"18\/03\/2014","format":false,"excerpt":"La conmemoraci\u00f3n por un nuevo aniversario del ataque, cometido el 17 de marzo de 1992, tuvo lugar en la esquina porte\u00f1a de Suipacha y Arroyo, con un acto en el que destacaron \"el apoyo y la escucha del gobierno nacional\". El acto se realiz\u00f3 a partir de las 14.50 -hora\u2026","rel":"","context":"En \u00abSociedad\u00bb","block_context":{"text":"Sociedad","link":"https:\/\/www.24baires.com\/?cat=1"},"img":{"alt_text":"int-592080","src":"https:\/\/i0.wp.com\/www.24baires.com\/wp-content\/uploads\/2014\/03\/int-592080.jpg?resize=350%2C200","width":350,"height":200},"classes":[]}],"jetpack_sharing_enabled":true,"jetpack_likes_enabled":true,"_links":{"self":[{"href":"https:\/\/www.24baires.com\/index.php?rest_route=\/wp\/v2\/posts\/16390","targetHints":{"allow":["GET"]}}],"collection":[{"href":"https:\/\/www.24baires.com\/index.php?rest_route=\/wp\/v2\/posts"}],"about":[{"href":"https:\/\/www.24baires.com\/index.php?rest_route=\/wp\/v2\/types\/post"}],"author":[{"embeddable":true,"href":"https:\/\/www.24baires.com\/index.php?rest_route=\/wp\/v2\/users\/4"}],"replies":[{"embeddable":true,"href":"https:\/\/www.24baires.com\/index.php?rest_route=%2Fwp%2Fv2%2Fcomments&post=16390"}],"version-history":[{"count":2,"href":"https:\/\/www.24baires.com\/index.php?rest_route=\/wp\/v2\/posts\/16390\/revisions"}],"predecessor-version":[{"id":16493,"href":"https:\/\/www.24baires.com\/index.php?rest_route=\/wp\/v2\/posts\/16390\/revisions\/16493"}],"wp:attachment":[{"href":"https:\/\/www.24baires.com\/index.php?rest_route=%2Fwp%2Fv2%2Fmedia&parent=16390"}],"wp:term":[{"taxonomy":"category","embeddable":true,"href":"https:\/\/www.24baires.com\/index.php?rest_route=%2Fwp%2Fv2%2Fcategories&post=16390"},{"taxonomy":"post_tag","embeddable":true,"href":"https:\/\/www.24baires.com\/index.php?rest_route=%2Fwp%2Fv2%2Ftags&post=16390"}],"curies":[{"name":"wp","href":"https:\/\/api.w.org\/{rel}","templated":true}]}}