{"id":16387,"date":"2013-02-22T10:30:22","date_gmt":"2013-02-22T13:30:22","guid":{"rendered":"http:\/\/www.24baires.com\/?p=16387"},"modified":"2013-02-22T11:05:43","modified_gmt":"2013-02-22T14:05:43","slug":"murio-otra-enfermera-del-hospital-de-carmen-de-areco","status":"publish","type":"post","link":"https:\/\/www.24baires.com\/?p=16387","title":{"rendered":"Muri\u00f3 otra enfermera del Hospital de Carmen de Areco"},"content":{"rendered":"<p>El ministro Collia asegur\u00f3 que la infecci\u00f3n interhospitalaria est\u00e1 controlada, pero que todav\u00eda \u201cno se la ha puesto nombre y apellido a la enfermedad\u201d.<!--more--><br \/>\nEl ministro de Salud bonaerense confirm\u00f3 el fallecimiento de Margarita V\u00e9liz, enfermera del Hospital de Carmen de Areco, tras permanecer 25 d\u00edas internada en el Hospital Rossi de La Plata. Esta muerte se suma a la de Andrea Gordillo que tambi\u00e9n se desempe\u00f1aba como enfermera del Hospital de Areco.<\/p>\n<p>\u201cEstas dos enfermeras que realmente trabajaron y mucho por el Hospital, contrajeron esta enfermedad infecciosa que todav\u00eda estamos por ponerle el nombre y apellido y estamos esperando los \u00faltimos avances en el diagn\u00f3stico\u201d, dijo Alejandro Collia. Aclar\u00f3 que \u201cla enfermedad se ha controlado porque ya hace m\u00e1s de 25 d\u00edas que no hemos tenido otro afectado de esta infecci\u00f3n intrahospitalaria\u201d. El funcionario tambi\u00e9n se\u00f1al\u00f3 que de los once enfermos, \u201clos otros nueve pacientes han sido dados de alta\u201d.<\/p>\n<p>En cuanto al Hospital de Carmen de Areco, Collia revel\u00f3 que sigue sin funcionar \u201cel quir\u00f3fano para cirug\u00edas programadas y terapia intensiva porque se est\u00e1 terminando de realizar una serie de reparaciones para asegurar, a trav\u00e9s de las normas de bioseguridad, que no tengamos ninguna otra dificultad de este tipo\u201d.<\/p>\n<p>Al ser consultado sobre las denuncias sobre falta de higiene y deficiencias en establecimientos asistenciales de la provincia, el ministro dijo por Radio Provincia que asegur\u00f3 que \u201cest\u00e1 totalmente superado\u201d el conflicto que hubo en diez de los 77 hospitales con el servicio de limpieza. Collia se\u00f1al\u00f3 que \u201clamentablemente, si bien ten\u00eda legitimidad parte del reclamo, en algunos lugares se actu\u00f3 en forma realmente irresponsable porque una cosa es reclamar y otra es generar y agudizar el proceso del funcionamiento del hospital\u201d.<\/p>\n<p>&nbsp;<\/p>\n<p>&nbsp;<\/p>\n<p>&nbsp;<\/p>\n<p>&nbsp;<\/p>\n<p>&nbsp;<\/p>\n<p>&nbsp;<\/p>\n<p>&nbsp;<\/p>\n<p>&nbsp;<\/p>\n<p>&nbsp;<\/p>\n<p>&nbsp;<\/p>\n<p>&nbsp;<\/p>\n<p>&nbsp;<\/p>\n<p>&nbsp;<\/p>\n<p>&nbsp;<\/p>\n<p>&nbsp;<\/p>\n<p>&nbsp;<\/p>\n","protected":false},"excerpt":{"rendered":"<p>El ministro Collia asegur\u00f3 que la infecci\u00f3n interhospitalaria est\u00e1 controlada, pero que todav\u00eda \u201cno se la ha puesto nombre y apellido a la enfermedad\u201d.<\/p>\n","protected":false},"author":4,"featured_media":0,"comment_status":"open","ping_status":"open","sticky":false,"template":"","format":"standard","meta":{"_jetpack_newsletter_access":"","_jetpack_dont_email_post_to_subs":false,"_jetpack_newsletter_tier_id":0,"_jetpack_memberships_contains_paywalled_content":false,"_jetpack_memberships_contains_paid_content":false,"footnotes":""},"categories":[1],"tags":[],"class_list":["post-16387","post","type-post","status-publish","format-standard","hentry","category-sociedad"],"jetpack_featured_media_url":"","jetpack_shortlink":"https:\/\/wp.me\/p2JWE0-4gj","jetpack-related-posts":[{"id":14371,"url":"https:\/\/www.24baires.com\/?p=14371","url_meta":{"origin":16387,"position":0},"title":"Hospital de Carmen de Areco: \u00abPodr\u00eda tratarse de un virus rural\u00bb","author":"AF","date":"02\/02\/2013","format":false,"excerpt":"As\u00ed lo se\u00f1al\u00f3 el Ministro de Salud, Alejandro Collia, qui\u00e9n sostuvo que est\u00e1n estudiando el origen de esta patolog\u00eda que afect\u00f3 a 11 trabajadores del hospital Nuestra Se\u00f1ora de Carmen de Areco. Luego de la reuni\u00f3n de gabinete que se realiz\u00f3 en Capital Federal, el ministro de Salud de la\u2026","rel":"","context":"En \u00abLocales\u00bb","block_context":{"text":"Locales","link":"https:\/\/www.24baires.com\/?cat=38"},"img":{"alt_text":"","src":"","width":0,"height":0},"classes":[]},{"id":15065,"url":"https:\/\/www.24baires.com\/?p=15065","url_meta":{"origin":16387,"position":1},"title":"Muri\u00f3 una enfermera del hospital de Carmen de Areco que ten\u00eda Gripe A","author":"AF","date":"08\/02\/2013","format":false,"excerpt":"Una enfermera de Carmen de Areco que se encontraba internada en grave estado en el hospital provincial Rodolfo Rossi de La Plata tras hab\u00e9rsele detectado el virus de la gripe A, falleci\u00f3 este viernes. Se trata de una trabajadora de la salud que habr\u00eda contra\u00eddo la enfermedad en un viaje\u2026","rel":"","context":"En \u00abSociedad\u00bb","block_context":{"text":"Sociedad","link":"https:\/\/www.24baires.com\/?cat=1"},"img":{"alt_text":"","src":"","width":0,"height":0},"classes":[]},{"id":15644,"url":"https:\/\/www.24baires.com\/?p=15644","url_meta":{"origin":16387,"position":2},"title":"Carmen de Areco: renunciaron todos los directivos del Hospital","author":"AF","date":"14\/02\/2013","format":false,"excerpt":"Los directores del hospital donde se registraron d\u00edas atr\u00e1s varios casos de Gripe A -entre ellos uno fatal, de una enfermera-, renunciaron a sus cargos, informaron fuentes del Ministerio de Salud. La renuncia fue presentada por la directora ejecutiva del nosocomio, Soledad Arias, y la directora asociada, Laura Gianolio, quienes\u2026","rel":"","context":"En \u00abSociedad\u00bb","block_context":{"text":"Sociedad","link":"https:\/\/www.24baires.com\/?cat=1"},"img":{"alt_text":"hospital carmen de areco","src":"https:\/\/i0.wp.com\/www.24baires.com\/wp-content\/uploads\/2013\/02\/hospital-carmen-de-areco.jpg?resize=350%2C200","width":350,"height":200},"classes":[]},{"id":19151,"url":"https:\/\/www.24baires.com\/?p=19151","url_meta":{"origin":16387,"position":3},"title":"Solicitan informes por la muerte de las enfermeras del Hospital de Carmen de Areco","author":"AF","date":"23\/03\/2013","format":false,"excerpt":"El presidente del bloque de diputados bonaerenses de la Coalici\u00f3n C\u00edvica, Walter Martello, present\u00f3 un pedido de informes para conocer detalles sobre las causas que derivaron en la muerte de las dos enfermeras de Carmen de Areco. Tras confirmarse que el fallecimiento de las mujeres de esa localidad fue provocada\u2026","rel":"","context":"En \u00abLocales\u00bb","block_context":{"text":"Locales","link":"https:\/\/www.24baires.com\/?cat=38"},"img":{"alt_text":"Martello-Walter","src":"https:\/\/i0.wp.com\/www.24baires.com\/wp-content\/uploads\/2012\/11\/Martello-Walter-300x221.jpg?resize=350%2C200","width":350,"height":200},"classes":[]},{"id":32171,"url":"https:\/\/www.24baires.com\/?p=32171","url_meta":{"origin":16387,"position":4},"title":"Nuevos estudios determinan que contin\u00faa contaminada el agua del hospital de Areco","author":"AF","date":"20\/09\/2013","format":false,"excerpt":"Tal como sucedi\u00f3 el verano pasado, cuando un contagio intrahospitalario supuestamente causado por el virus de la legionella termin\u00f3 con la vida de al menos 2 enfermeras, un reciente estudio bacteriol\u00f3gico llevado a cabo en el Laboratorio Central arroj\u00f3 contaminaci\u00f3n en el agua potable del nosocomio. Anoticiado, el director del\u2026","rel":"","context":"En \u00abLocales\u00bb","block_context":{"text":"Locales","link":"https:\/\/www.24baires.com\/?cat=38"},"img":{"alt_text":"hospital areco 3","src":"https:\/\/i0.wp.com\/www.24baires.com\/wp-content\/uploads\/2013\/09\/hospital-areco-3-300x225.jpg?resize=350%2C200","width":350,"height":200},"classes":[]},{"id":15757,"url":"https:\/\/www.24baires.com\/?p=15757","url_meta":{"origin":16387,"position":5},"title":"Reclaman urgente declaraci\u00f3n de insalubridad para trabajadores del Hospital de Areco","author":"AF","date":"15\/02\/2013","format":false,"excerpt":"CARMEN DE ARECO - As\u00ed lo plante\u00f3 el secretario general del Sindicato de Salud P\u00fablica de la Provincia, Miguel Zubieta. \"Mirando lo sucedido en Carmen de Areco, realmente no queda nada m\u00e1s que discutir si es o no insalubre la tarea del equipo de salud\", subray\u00f3. Al respecto, dijo: \"Creo\u2026","rel":"","context":"En \u00abLocales\u00bb","block_context":{"text":"Locales","link":"https:\/\/www.24baires.com\/?cat=38"},"img":{"alt_text":"hospital carmen de areco","src":"https:\/\/i0.wp.com\/www.24baires.com\/wp-content\/uploads\/2013\/02\/hospital-carmen-de-areco1-300x224.jpg?resize=350%2C200","width":350,"height":200},"classes":[]}],"jetpack_sharing_enabled":true,"jetpack_likes_enabled":true,"_links":{"self":[{"href":"https:\/\/www.24baires.com\/index.php?rest_route=\/wp\/v2\/posts\/16387","targetHints":{"allow":["GET"]}}],"collection":[{"href":"https:\/\/www.24baires.com\/index.php?rest_route=\/wp\/v2\/posts"}],"about":[{"href":"https:\/\/www.24baires.com\/index.php?rest_route=\/wp\/v2\/types\/post"}],"author":[{"embeddable":true,"href":"https:\/\/www.24baires.com\/index.php?rest_route=\/wp\/v2\/users\/4"}],"replies":[{"embeddable":true,"href":"https:\/\/www.24baires.com\/index.php?rest_route=%2Fwp%2Fv2%2Fcomments&post=16387"}],"version-history":[{"count":2,"href":"https:\/\/www.24baires.com\/index.php?rest_route=\/wp\/v2\/posts\/16387\/revisions"}],"predecessor-version":[{"id":16389,"href":"https:\/\/www.24baires.com\/index.php?rest_route=\/wp\/v2\/posts\/16387\/revisions\/16389"}],"wp:attachment":[{"href":"https:\/\/www.24baires.com\/index.php?rest_route=%2Fwp%2Fv2%2Fmedia&parent=16387"}],"wp:term":[{"taxonomy":"category","embeddable":true,"href":"https:\/\/www.24baires.com\/index.php?rest_route=%2Fwp%2Fv2%2Fcategories&post=16387"},{"taxonomy":"post_tag","embeddable":true,"href":"https:\/\/www.24baires.com\/index.php?rest_route=%2Fwp%2Fv2%2Ftags&post=16387"}],"curies":[{"name":"wp","href":"https:\/\/api.w.org\/{rel}","templated":true}]}}