{"id":16347,"date":"2013-02-21T20:57:05","date_gmt":"2013-02-21T23:57:05","guid":{"rendered":"http:\/\/www.24baires.com\/?p=16347"},"modified":"2013-02-21T20:57:05","modified_gmt":"2013-02-21T23:57:05","slug":"cuatro-gremios-docentes-nacionales-anunciaron-que-pararan-este-lunes","status":"publish","type":"post","link":"https:\/\/www.24baires.com\/?p=16347","title":{"rendered":"Cuatro gremios docentes nacionales anunciaron que parar\u00e1n este lunes"},"content":{"rendered":"<p>Cuatro gremios docentes nacionales anunciaron un paro para el lunes, pero Ctera, el sindicato mayoritario, no se expidi\u00f3 sobre la cuesti\u00f3n y reci\u00e9n la tratar\u00e1 en su plenario del s\u00e1bado.<!--more--><br \/>\nCuatro gremios docentes nacionales anunciaron hoy un paro para el lunes en desacuerdo con la oferta salarial, pero Ctera, el sindicato mayoritario, no se expidi\u00f3 sobre la cuesti\u00f3n y reci\u00e9n la tratar\u00e1 en su plenario del s\u00e1bado.<\/p>\n<p>AMET, CEA, Sadopy UDA se reunieron esta tarde para definir un plan de acci\u00f3n a seguir ante el desacuerdo por el aumento salarial propuesto por el Ministerio de Educaci\u00f3n de la Naci\u00f3n y \u00abante el cierre abrupto de las negociaciones paritarias\u00bb, sostuvieron hoy fuentes sindicales.<\/p>\n<p>Tambi\u00e9n particip\u00f3 del encuentro Ctera, que se retir\u00f3 antes de la conferencia de prensa que brindaron los cuatro gremios.<\/p>\n<p>&nbsp;<\/p>\n<p>&nbsp;<\/p>\n<p>&nbsp;<\/p>\n<p>&nbsp;<\/p>\n<p>&nbsp;<\/p>\n<p>&nbsp;<\/p>\n<p>&nbsp;<\/p>\n<p>&nbsp;<\/p>\n<p>&nbsp;<\/p>\n<p>&nbsp;<\/p>\n<p>&nbsp;<\/p>\n<p>&nbsp;<\/p>\n<p>&nbsp;<\/p>\n<p>&nbsp;<\/p>\n<p>&nbsp;<\/p>\n","protected":false},"excerpt":{"rendered":"<p>Cuatro gremios docentes nacionales anunciaron un paro para el lunes, pero Ctera, el sindicato mayoritario, no se expidi\u00f3 sobre la cuesti\u00f3n y reci\u00e9n la tratar\u00e1 en su plenario del s\u00e1bado.<\/p>\n","protected":false},"author":4,"featured_media":0,"comment_status":"open","ping_status":"open","sticky":false,"template":"","format":"standard","meta":{"_jetpack_newsletter_access":"","_jetpack_dont_email_post_to_subs":false,"_jetpack_newsletter_tier_id":0,"_jetpack_memberships_contains_paywalled_content":false,"_jetpack_memberships_contains_paid_content":false,"footnotes":""},"categories":[1],"tags":[],"class_list":["post-16347","post","type-post","status-publish","format-standard","hentry","category-sociedad"],"jetpack_featured_media_url":"","jetpack_shortlink":"https:\/\/wp.me\/p2JWE0-4fF","jetpack-related-posts":[{"id":107033,"url":"https:\/\/www.24baires.com\/?p=107033","url_meta":{"origin":16347,"position":0},"title":"Fracas\u00f3 la nueva paritaria docente y no comenzar\u00e1n las clases","author":"AF","date":"28\/02\/2019","format":false,"excerpt":"En este contexto, CTERA anunci\u00f3 un paro de 72 horas para los pr\u00f3ximos mi\u00e9rcoles, jueves y viernes. El ciclo lectivo comenzar\u00eda reci\u00e9n el lunes 11. Sin acuerdo salarial en varias provincias, el sindicato de docentes nacionales mayoritario, la CTERA, anunci\u00f3 un paro de 72 horas. La medida de fuerza se\u2026","rel":"","context":"En \u00abSociedad\u00bb","block_context":{"text":"Sociedad","link":"https:\/\/www.24baires.com\/?cat=1"},"img":{"alt_text":"","src":"https:\/\/i0.wp.com\/www.24baires.com\/wp-content\/uploads\/2019\/01\/docentes-educacion.jpg?resize=350%2C200","width":350,"height":200,"srcset":"https:\/\/i0.wp.com\/www.24baires.com\/wp-content\/uploads\/2019\/01\/docentes-educacion.jpg?resize=350%2C200 1x, https:\/\/i0.wp.com\/www.24baires.com\/wp-content\/uploads\/2019\/01\/docentes-educacion.jpg?resize=525%2C300 1.5x"},"classes":[]},{"id":121047,"url":"https:\/\/www.24baires.com\/?p=121047","url_meta":{"origin":16347,"position":1},"title":"Ctera rechaz\u00f3 sumarse al paro docente convocado para el lunes","author":"GB","date":"29\/02\/2024","format":false,"excerpt":"El gremio m\u00e1s importante que nuclea a los maestros de todo el pa\u00eds no se plegar\u00e1 a la huelga nacional convocada para este lunes por otros sindicatos del sector tras el fracaso en la reuni\u00f3n paritaria con el Gobierno. Despu\u00e9s de que los gremios docentes pertenecientes a la CGT (SADOP,\u2026","rel":"","context":"En \u00abPol\u00edtica\u00bb","block_context":{"text":"Pol\u00edtica","link":"https:\/\/www.24baires.com\/?cat=51"},"img":{"alt_text":"","src":"https:\/\/i0.wp.com\/www.24baires.com\/wp-content\/uploads\/2024\/02\/ctera.jpg?resize=350%2C200","width":350,"height":200,"srcset":"https:\/\/i0.wp.com\/www.24baires.com\/wp-content\/uploads\/2024\/02\/ctera.jpg?resize=350%2C200 1x, https:\/\/i0.wp.com\/www.24baires.com\/wp-content\/uploads\/2024\/02\/ctera.jpg?resize=525%2C300 1.5x, https:\/\/i0.wp.com\/www.24baires.com\/wp-content\/uploads\/2024\/02\/ctera.jpg?resize=700%2C400 2x"},"classes":[]},{"id":99041,"url":"https:\/\/www.24baires.com\/?p=99041","url_meta":{"origin":16347,"position":2},"title":"Suteba marchar\u00e1 este mi\u00e9rcoles \u00abcontra la reforma y el ajuste\u00bb y no habr\u00e1 clases","author":"Grupo Sierra","date":"28\/11\/2017","format":false,"excerpt":"El Sindicato Unificado de Trabajadores de la Educaci\u00f3n de Buenos Aires (Suteba) se suma al paro nacional y la movilizaci\u00f3n al Congreso de ma\u00f1ana convocado por Ctera contra la reforma laboral, previsional e impositiva que impulsa el Gobierno nacional. De esta manera, el gremio mayoritario de los docentes bonaerenses realizar\u00e1\u2026","rel":"","context":"En \u00abSindicales\u00bb","block_context":{"text":"Sindicales","link":"https:\/\/www.24baires.com\/?cat=326"},"img":{"alt_text":"","src":"https:\/\/i0.wp.com\/www.24baires.com\/wp-content\/uploads\/2012\/10\/suteba.jpg?resize=350%2C200","width":350,"height":200,"srcset":"https:\/\/i0.wp.com\/www.24baires.com\/wp-content\/uploads\/2012\/10\/suteba.jpg?resize=350%2C200 1x, https:\/\/i0.wp.com\/www.24baires.com\/wp-content\/uploads\/2012\/10\/suteba.jpg?resize=525%2C300 1.5x"},"classes":[]},{"id":105046,"url":"https:\/\/www.24baires.com\/?p=105046","url_meta":{"origin":16347,"position":3},"title":"La FEB anunci\u00f3 que se sumar\u00e1 al paro nacional docente del 24 de octubre","author":"GB","date":"22\/10\/2018","format":false,"excerpt":"La medida de fuerza fue convocada por CTERA para reclamar mejoras salariales y condiciones laborales \"dignas\". Tras el paro de 48 horas en la provincia de Buenos Aires, los gremios docentes anunciaron una nueva huelga: ser\u00e1 el mi\u00e9rcoles 24 de octubre, en el marco del paro nacional convocado por la\u2026","rel":"","context":"En \u00abPol\u00edtica\u00bb","block_context":{"text":"Pol\u00edtica","link":"https:\/\/www.24baires.com\/?cat=51"},"img":{"alt_text":"","src":"https:\/\/i0.wp.com\/www.24baires.com\/wp-content\/uploads\/2013\/11\/feb.jpg?resize=350%2C200","width":350,"height":200,"srcset":"https:\/\/i0.wp.com\/www.24baires.com\/wp-content\/uploads\/2013\/11\/feb.jpg?resize=350%2C200 1x, https:\/\/i0.wp.com\/www.24baires.com\/wp-content\/uploads\/2013\/11\/feb.jpg?resize=525%2C300 1.5x"},"classes":[]},{"id":100397,"url":"https:\/\/www.24baires.com\/?p=100397","url_meta":{"origin":16347,"position":4},"title":"Ctera denunciar\u00e1 al Gobierno por el decreto que anula paritaria nacional","author":"AF","date":"06\/02\/2018","format":false,"excerpt":"La Secretaria General de Ctera, Sonia Alesso, anunci\u00f3 que su sindicato denunciar\u00e1 ma\u00f1ana al Gobierno ante la Organizaci\u00f3n Internacional del Trabajo (OIT) por el decreto que elimina la paritaria nacional docente. \"Vamos a denunciar esta arbitrariedad de un decreto que pretende anular una ley de la naci\u00f3n. El Gobierno pretende\u2026","rel":"","context":"En \u00abSociedad\u00bb","block_context":{"text":"Sociedad","link":"https:\/\/www.24baires.com\/?cat=1"},"img":{"alt_text":"","src":"https:\/\/i0.wp.com\/www.24baires.com\/wp-content\/uploads\/2016\/03\/ctera-paro.jpg?resize=350%2C200","width":350,"height":200,"srcset":"https:\/\/i0.wp.com\/www.24baires.com\/wp-content\/uploads\/2016\/03\/ctera-paro.jpg?resize=350%2C200 1x, https:\/\/i0.wp.com\/www.24baires.com\/wp-content\/uploads\/2016\/03\/ctera-paro.jpg?resize=525%2C300 1.5x"},"classes":[]},{"id":114251,"url":"https:\/\/www.24baires.com\/?p=114251","url_meta":{"origin":16347,"position":5},"title":"Docentes: dos gremios rechazaron y uno acept\u00f3, pero las clases empiezan","author":"GB","date":"29\/02\/2020","format":false,"excerpt":"Suteba fue el \u00fanico gremio que dio el visto bueno, aunque los sindicatos que no lo hicieron descartaron una medida de fuerza. El Sindicato \u00danico de Trabajadores de la Educaci\u00f3n de Buenos Aires (Suteba) acept\u00f3 la propuesta de aumento salarial del Gobierno provincial, pero la Uni\u00f3n de Docentes de Buenos\u2026","rel":"","context":"En \u00abProvincia\u00bb","block_context":{"text":"Provincia","link":"https:\/\/www.24baires.com\/?cat=40"},"img":{"alt_text":"","src":"https:\/\/i0.wp.com\/www.24baires.com\/wp-content\/uploads\/2020\/01\/kicillof-docentes.jpeg?resize=350%2C200","width":350,"height":200,"srcset":"https:\/\/i0.wp.com\/www.24baires.com\/wp-content\/uploads\/2020\/01\/kicillof-docentes.jpeg?resize=350%2C200 1x, https:\/\/i0.wp.com\/www.24baires.com\/wp-content\/uploads\/2020\/01\/kicillof-docentes.jpeg?resize=525%2C300 1.5x"},"classes":[]}],"jetpack_sharing_enabled":true,"jetpack_likes_enabled":true,"_links":{"self":[{"href":"https:\/\/www.24baires.com\/index.php?rest_route=\/wp\/v2\/posts\/16347","targetHints":{"allow":["GET"]}}],"collection":[{"href":"https:\/\/www.24baires.com\/index.php?rest_route=\/wp\/v2\/posts"}],"about":[{"href":"https:\/\/www.24baires.com\/index.php?rest_route=\/wp\/v2\/types\/post"}],"author":[{"embeddable":true,"href":"https:\/\/www.24baires.com\/index.php?rest_route=\/wp\/v2\/users\/4"}],"replies":[{"embeddable":true,"href":"https:\/\/www.24baires.com\/index.php?rest_route=%2Fwp%2Fv2%2Fcomments&post=16347"}],"version-history":[{"count":2,"href":"https:\/\/www.24baires.com\/index.php?rest_route=\/wp\/v2\/posts\/16347\/revisions"}],"predecessor-version":[{"id":16350,"href":"https:\/\/www.24baires.com\/index.php?rest_route=\/wp\/v2\/posts\/16347\/revisions\/16350"}],"wp:attachment":[{"href":"https:\/\/www.24baires.com\/index.php?rest_route=%2Fwp%2Fv2%2Fmedia&parent=16347"}],"wp:term":[{"taxonomy":"category","embeddable":true,"href":"https:\/\/www.24baires.com\/index.php?rest_route=%2Fwp%2Fv2%2Fcategories&post=16347"},{"taxonomy":"post_tag","embeddable":true,"href":"https:\/\/www.24baires.com\/index.php?rest_route=%2Fwp%2Fv2%2Ftags&post=16347"}],"curies":[{"name":"wp","href":"https:\/\/api.w.org\/{rel}","templated":true}]}}