{"id":16343,"date":"2013-02-21T22:33:14","date_gmt":"2013-02-22T01:33:14","guid":{"rendered":"http:\/\/www.24baires.com\/?p=16343"},"modified":"2013-02-22T12:11:58","modified_gmt":"2013-02-22T15:11:58","slug":"cristina-quiero-rendir-un-homenaje-a-las-victimas-de-la-tragedia-de-once","status":"publish","type":"post","link":"https:\/\/www.24baires.com\/?p=16343","title":{"rendered":"Cristina: \u201cQuiero rendir un homenaje a las v\u00edctimas de la tragedia de Once\u201d"},"content":{"rendered":"<p><img data-recalc-dims=\"1\" loading=\"lazy\" decoding=\"async\" class=\"aligncenter size-full wp-image-16351\" alt=\"cristina_tecnopolis6_39090\" src=\"https:\/\/i0.wp.com\/www.24baires.com\/wp-content\/uploads\/2013\/02\/cristina_tecnopolis6_39090.jpg?resize=560%2C337\" width=\"560\" height=\"337\" srcset=\"https:\/\/i0.wp.com\/www.24baires.com\/wp-content\/uploads\/2013\/02\/cristina_tecnopolis6_39090.jpg?w=560&amp;ssl=1 560w, https:\/\/i0.wp.com\/www.24baires.com\/wp-content\/uploads\/2013\/02\/cristina_tecnopolis6_39090.jpg?resize=300%2C180&amp;ssl=1 300w\" sizes=\"auto, (max-width: 560px) 100vw, 560px\" \/><\/p>\n<p>La Presidenta record\u00f3 a las v\u00edctimas y envi\u00f3 un \u00ababrazo solidario\u00bb a sus familias. \u00abS\u00e9 que la p\u00e9rdida de un ser querido es irreparable, pero ah\u00ed est\u00e1 la Justicia para determinar responsabilidades\u00bb.<!--more--><br \/>\nCristina Fern\u00e1ndez de Kirchner record\u00f3 a las v\u00edctimas de la tragedia de Once y envi\u00f3 un \u00ababrazo solidario\u00bb a las familias de los que murieron y resultaron heridos en ese accidente ferroviario, que ma\u00f1ana cumple un a\u00f1o.<\/p>\n<p>La Presidenta rindi\u00f3 homenaje a los deportistas que tuvieron que exiliarse del pa\u00eds tras el golpe de la llamada Revoluci\u00f3n Libertadora.<\/p>\n<p>Al encabezar la presentaci\u00f3n, Cristina record\u00f3 tambi\u00e9n \u00aba los deportistas desaparecidos tras el golpe del 24 de marzo de 1976\u00bb.<\/p>\n<p>La nueva se\u00f1al se emitir\u00e1 en alta definici\u00f3n, de manera p\u00fablica y gratuita y por el sistema de Televisi\u00f3n Digital Abierta (TDA) en la frecuencia 24.1.<\/p>\n<p>Entre otros aspectos, la programaci\u00f3n prev\u00e9 noticieros deportivos, series de producci\u00f3n propia, magazines, documentales, entrevistas a deportistas, y emisiones especiales, indicaron las fuentes.<\/p>\n<p>&nbsp;<\/p>\n<p>&nbsp;<\/p>\n<p>&nbsp;<\/p>\n<p>&nbsp;<\/p>\n<p>&nbsp;<\/p>\n<p>&nbsp;<\/p>\n<p>&nbsp;<\/p>\n<p>&nbsp;<\/p>\n<p>&nbsp;<\/p>\n<p>&nbsp;<\/p>\n<p>&nbsp;<\/p>\n<p>&nbsp;<\/p>\n<p>&nbsp;<\/p>\n","protected":false},"excerpt":{"rendered":"<p>La Presidenta record\u00f3 a las v\u00edctimas y envi\u00f3 un \u00ababrazo solidario\u00bb a sus familias. \u00abS\u00e9 que la p\u00e9rdida de un ser querido es irreparable, pero ah\u00ed est\u00e1 la Justicia para determinar responsabilidades\u00bb.<\/p>\n","protected":false},"author":4,"featured_media":0,"comment_status":"open","ping_status":"open","sticky":false,"template":"","format":"standard","meta":{"_jetpack_newsletter_access":"","_jetpack_dont_email_post_to_subs":false,"_jetpack_newsletter_tier_id":0,"_jetpack_memberships_contains_paywalled_content":false,"_jetpack_memberships_contains_paid_content":false,"footnotes":""},"categories":[1],"tags":[],"class_list":["post-16343","post","type-post","status-publish","format-standard","hentry","category-sociedad"],"jetpack_featured_media_url":"","jetpack_shortlink":"https:\/\/wp.me\/p2JWE0-4fB","jetpack-related-posts":[{"id":40902,"url":"https:\/\/www.24baires.com\/?p=40902","url_meta":{"origin":16343,"position":0},"title":"Tragedia en Once: familiares de las v\u00edctimas reclamaron justicia","author":"GB","date":"22\/02\/2014","format":false,"excerpt":"Familiares de las 52 v\u00edctimas fatales del accidente ferroviario de Once homenajearon hoy la memoria de sus seres queridos a dos a\u00f1os de la tragedia, con un reclamo de \"justicia\". Los familiares hicieron sonar una sirena en el and\u00e9n 2 de la estaci\u00f3n de Once a las 8.32, hora exacta\u2026","rel":"","context":"En \u00abSociedad\u00bb","block_context":{"text":"Sociedad","link":"https:\/\/www.24baires.com\/?cat=1"},"img":{"alt_text":"tragedia once","src":"https:\/\/i0.wp.com\/www.24baires.com\/wp-content\/uploads\/2013\/10\/tragedia-once.jpg?resize=350%2C200","width":350,"height":200,"srcset":"https:\/\/i0.wp.com\/www.24baires.com\/wp-content\/uploads\/2013\/10\/tragedia-once.jpg?resize=350%2C200 1x, https:\/\/i0.wp.com\/www.24baires.com\/wp-content\/uploads\/2013\/10\/tragedia-once.jpg?resize=525%2C300 1.5x"},"classes":[]},{"id":97748,"url":"https:\/\/www.24baires.com\/?p=97748","url_meta":{"origin":16343,"position":1},"title":"Cristina Kirchner: \u00abEl Estado no tuvo culpa en la tragedia de Once\u00bb","author":"GB","date":"28\/09\/2017","format":false,"excerpt":"Lo ex presidente y candidata a senadora por Unidad Ciudadana apunt\u00f3 contra el maquinista: \"Nunca pudo explicar por qu\u00e9 no accion\u00f3 el freno\" La ex mandataria y candidata a senadora por Unidad Ciudadana, Cristina Kirchner, contin\u00faa hoy con su tour por los medios de comunicaci\u00f3n, con el objetivo de cosechar\u2026","rel":"","context":"En \u00abPol\u00edtica\u00bb","block_context":{"text":"Pol\u00edtica","link":"https:\/\/www.24baires.com\/?cat=51"},"img":{"alt_text":"","src":"https:\/\/i0.wp.com\/www.24baires.com\/wp-content\/uploads\/2017\/09\/cristina-chiche.jpg?resize=350%2C200","width":350,"height":200,"srcset":"https:\/\/i0.wp.com\/www.24baires.com\/wp-content\/uploads\/2017\/09\/cristina-chiche.jpg?resize=350%2C200 1x, https:\/\/i0.wp.com\/www.24baires.com\/wp-content\/uploads\/2017\/09\/cristina-chiche.jpg?resize=525%2C300 1.5x"},"classes":[]},{"id":79208,"url":"https:\/\/www.24baires.com\/?p=79208","url_meta":{"origin":16343,"position":2},"title":"Recordaron a las v\u00edctimas de la tragedia de Once en un nuevo aniversario","author":"AF","date":"22\/02\/2016","format":false,"excerpt":"Los familiares y amigos de las v\u00edctimas iniciaron el homenaje en memoria de los 52 muertos y cientos de heridos. Es el primero tras el fallo judicial que conden\u00f3 a 21 responsables. Los familiares y amigos de las v\u00edctimas de la tragedia ferroviaria de Once iniciaron el acto conmemorativo del\u2026","rel":"","context":"En \u00abGeneral\u00bb","block_context":{"text":"General","link":"https:\/\/www.24baires.com\/?cat=67"},"img":{"alt_text":"4 a\u00f1os once","src":"https:\/\/i0.wp.com\/www.24baires.com\/wp-content\/uploads\/2016\/02\/4-a%C3%B1os-once.jpg?resize=350%2C200","width":350,"height":200,"srcset":"https:\/\/i0.wp.com\/www.24baires.com\/wp-content\/uploads\/2016\/02\/4-a%C3%B1os-once.jpg?resize=350%2C200 1x, https:\/\/i0.wp.com\/www.24baires.com\/wp-content\/uploads\/2016\/02\/4-a%C3%B1os-once.jpg?resize=525%2C300 1.5x"},"classes":[]},{"id":16390,"url":"https:\/\/www.24baires.com\/?p=16390","url_meta":{"origin":16343,"position":3},"title":"Homenaje a las v\u00edctimas de la tragedia de Once al cumplirse el primer aniversario","author":"AF","date":"22\/02\/2013","format":false,"excerpt":"Homenajearon a los 51 muertos, con un reiterado pedido de \"justicia\", cerrados aplausos y el sonar de una sirena, a un a\u00f1o del accidente del tren. Tambi\u00e9n habr\u00e1 una misa en la Catedral y un festival. Del acto tambi\u00e9n participaron pasajeros, trabajadores del Sarmiento, actores y Nora Corti\u00f1as, madre de\u2026","rel":"","context":"En \u00abSociedad\u00bb","block_context":{"text":"Sociedad","link":"https:\/\/www.24baires.com\/?cat=1"},"img":{"alt_text":"","src":"","width":0,"height":0},"classes":[]},{"id":62092,"url":"https:\/\/www.24baires.com\/?p=62092","url_meta":{"origin":16343,"position":4},"title":"Familiares de las v\u00edctimas pidieron justicia a 3 a\u00f1os de la tragedia de Once","author":"GB","date":"22\/02\/2015","format":false,"excerpt":"Familiares de las v\u00edctimas de la tragedia de Once renovaron este domingo su reclamo de justicia al cumplirse tres a\u00f1os del choque de un tren contra un anden de la estaci\u00f3n que mat\u00f3 a 51 personas, una de ellas embarazada. El actor H\u00e9ctor Bidonde ley\u00f3 un documento en la convocatoria\u2026","rel":"","context":"En \u00abSociedad\u00bb","block_context":{"text":"Sociedad","link":"https:\/\/www.24baires.com\/?cat=1"},"img":{"alt_text":"tragedia once","src":"https:\/\/i0.wp.com\/www.24baires.com\/wp-content\/uploads\/2013\/10\/tragedia-once.jpg?resize=350%2C200","width":350,"height":200,"srcset":"https:\/\/i0.wp.com\/www.24baires.com\/wp-content\/uploads\/2013\/10\/tragedia-once.jpg?resize=350%2C200 1x, https:\/\/i0.wp.com\/www.24baires.com\/wp-content\/uploads\/2013\/10\/tragedia-once.jpg?resize=525%2C300 1.5x"},"classes":[]},{"id":42853,"url":"https:\/\/www.24baires.com\/?p=42853","url_meta":{"origin":16343,"position":5},"title":"Secuelas de la tragedia: se suicid\u00f3 un sobreviviente de Once","author":"Grupo Sierra","date":"27\/03\/2014","format":false,"excerpt":"MERLO- Se trata de Osvaldo Miguel Escobar, quien viajaba en el primer vag\u00f3n de la formaci\u00f3n que caus\u00f3 la tragedia en febrero de 2012. Osvaldo Miguel Escobar, sobreviviente de la tragedia de Once, decidi\u00f3 quitarse la vida el pasado lunes 25 por la ma\u00f1ana, en su casa de San Antonio\u2026","rel":"","context":"En \u00abSociedad\u00bb","block_context":{"text":"Sociedad","link":"https:\/\/www.24baires.com\/?cat=1"},"img":{"alt_text":"tragedia once","src":"https:\/\/i0.wp.com\/www.24baires.com\/wp-content\/uploads\/2013\/10\/tragedia-once-300x164.jpg?resize=350%2C200","width":350,"height":200},"classes":[]}],"jetpack_sharing_enabled":true,"jetpack_likes_enabled":true,"_links":{"self":[{"href":"https:\/\/www.24baires.com\/index.php?rest_route=\/wp\/v2\/posts\/16343","targetHints":{"allow":["GET"]}}],"collection":[{"href":"https:\/\/www.24baires.com\/index.php?rest_route=\/wp\/v2\/posts"}],"about":[{"href":"https:\/\/www.24baires.com\/index.php?rest_route=\/wp\/v2\/types\/post"}],"author":[{"embeddable":true,"href":"https:\/\/www.24baires.com\/index.php?rest_route=\/wp\/v2\/users\/4"}],"replies":[{"embeddable":true,"href":"https:\/\/www.24baires.com\/index.php?rest_route=%2Fwp%2Fv2%2Fcomments&post=16343"}],"version-history":[{"count":3,"href":"https:\/\/www.24baires.com\/index.php?rest_route=\/wp\/v2\/posts\/16343\/revisions"}],"predecessor-version":[{"id":16405,"href":"https:\/\/www.24baires.com\/index.php?rest_route=\/wp\/v2\/posts\/16343\/revisions\/16405"}],"wp:attachment":[{"href":"https:\/\/www.24baires.com\/index.php?rest_route=%2Fwp%2Fv2%2Fmedia&parent=16343"}],"wp:term":[{"taxonomy":"category","embeddable":true,"href":"https:\/\/www.24baires.com\/index.php?rest_route=%2Fwp%2Fv2%2Fcategories&post=16343"},{"taxonomy":"post_tag","embeddable":true,"href":"https:\/\/www.24baires.com\/index.php?rest_route=%2Fwp%2Fv2%2Ftags&post=16343"}],"curies":[{"name":"wp","href":"https:\/\/api.w.org\/{rel}","templated":true}]}}