{"id":1634,"date":"2012-10-10T21:41:35","date_gmt":"2012-10-11T00:41:35","guid":{"rendered":"http:\/\/www.24baires.com\/?p=1634"},"modified":"2012-10-11T18:32:53","modified_gmt":"2012-10-11T21:32:53","slug":"no-podemos-vivir-en-una-sociedad-en-la-que-unos-cumplan-la-ley-y-otros-la-violenten","status":"publish","type":"post","link":"https:\/\/www.24baires.com\/?p=1634","title":{"rendered":"\u00abNo podemos vivir en una sociedad en la que unos cumplan la ley y otros la violenten\u00bb"},"content":{"rendered":"<p><object width=\"560\" height=\"420\" classid=\"clsid:d27cdb6e-ae6d-11cf-96b8-444553540000\" codebase=\"http:\/\/download.macromedia.com\/pub\/shockwave\/cabs\/flash\/swflash.cab#version=6,0,40,0\"><param name=\"allowFullScreen\" value=\"true\" \/><param name=\"allowscriptaccess\" value=\"always\" \/><param name=\"src\" value=\"http:\/\/www.youtube.com\/v\/XlGTOwQnBP4?version=3&amp;hl=es_ES;rel=0;showinfo=0;controls=0\" \/><param name=\"allowfullscreen\" value=\"true\" \/><\/object><br \/>\nLa presidenta Cristina Fern\u00e1ndez de Kirchner asegur\u00f3 que \u00abde qu\u00e9 cepo del d\u00f3lar est\u00e1n hablando, lo \u00fanico que hay es cepo democr\u00e1tico para el cumplimiento de la ley\u00bb.<!--more--><\/p>\n<p>La presidente Cristina Fern\u00e1ndez de Kirchner asegur\u00f3 este mi\u00e9rcoles que \u00abla ley debe ser igual para todos, no podemos vivir en una sociedad en que unos cumplan la ley y otros puedan violentarla\u00bb, al hablar por cadena nacional en el marco del tercer aniversario de la sanci\u00f3n de la Ley de Servicios de Comunicaci\u00f3n Audiovisual.<\/p>\n<p>\u00abMe dirijo como Presidenta de todos los argentinos a todos aquellos que tienen responsabilidades institucionales en los tres poderes del Estado; la ley debe cumplirse para todos\u00bb, pidi\u00f3 Cristina en su discurso, en el Museo del Bicentenario, contiguo a la Casa de Gobierno.<\/p>\n<p>\u00abLa Ley debe ser igual para todos, no podemos vivir en una sociedad en que unos puedan cumplir la ley y otros violarla, o lo que es peor a\u00fan, violentar los organismos de la Constituci\u00f3n para lograr designaciones o evitar designaciones que son las que establece la ley\u00bb, remarc\u00f3 la presidenta.<\/p>\n<p>Aunque aclar\u00f3 que \u00abtenemos que estar contentos, tenemos que tener alegr\u00eda igual, hemos logrado much\u00edsimas cosas y vamos a seguir logrando muchas otras\u00bb.<\/p>\n<p>Cristina estuvo acompa\u00f1ada por el vicepresidente Amado Boudou, el jefe de Gabinete Juan Manuel Abal Medina; el titular del AFSCA, Mart\u00edn Sabbatella, y el secretario de Comunicaci\u00f3n P\u00fablica, Alfredo Scoccimarro.<\/p>\n<p>Adem\u00e1s asistieron ministros, gobernadores, legisladores y militantes pol\u00edticos que colmaron las instalaciones del Museo del Bicentenario.<\/p>\n<p>El acto se realiz\u00f3 en el tercer aniversario de la aprobaci\u00f3n de la Ley de Servicios de Comunicaci\u00f3n Audiovisual, que puso fin as\u00ed una norma de la \u00faltima dictadura militar.<\/p>\n<p>En el inicio de su discurso, dijo: \u00abEs una fecha muy especial, se cumplen tres a\u00f1os de la sanci\u00f3n y promulgaci\u00f3n de la ley de Servicios de Comunicaci\u00f3n Audiovisual, una aut\u00e9ntica creaci\u00f3n de la sociedad argentina, ya que no fue un proyecto del Poder Ejecutivo, no fue de un legislador, fue una construcci\u00f3n colectiva\u00bb.<\/p>\n<p>Especific\u00f3 la mandataria que hasta ahora \u00ab5 mil licencias tiene otorgado el Estado argentino en radio y televisi\u00f3n, de las cuales 45 mil pertenecen\u00bb a distintos sectores, pero hay otras \u00ab500 divididas, 250 en 25 grupos y otras 250 en un solo grupo\u00bb monop\u00f3lico.<\/p>\n<p>\u00abHemos logrado mucho en estos tres a\u00f1os\u00bb, mencion\u00f3 Cristina, \u00a0\u00abla generaci\u00f3n de nuevas productoras, nuevos contenidos, nuevos emprendimientos y nuevos puestos de trabajo\u00bb.<\/p>\n<p>Al referirse al discurso de introducci\u00f3n formulado por Sabbatella, detall\u00f3 que \u00ab\u00e9l hablaba de un 7 de diciembre\u00bb pr\u00f3ximo, fecha que \u00abla Corte en un fallo ha marcado\u00bb como tope \u00abpara el proceso de adecuaci\u00f3n\u00bb a la normativa.<\/p>\n<p>\u00abEl d\u00eda 7\u00bb vence el plazo \u00aby el 8 hay que cumplir pero no vas a poder cumplir porque es el d\u00eda de la Virgen\u00bb, le dijo Cristina luego a Sabbatella, marcando que es feriado, por lo que ser\u00e1 \u00abel d\u00eda 10, d\u00eda de los Derechos Humanos Universales, nada m\u00e1s ni nada menos\u00bb.<\/p>\n<p>Sostuvo que \u00abhemos visto medidas judiciales y jueces puestos a dedo, pero en las \u00faltimas semanas hemos visto c\u00f3mo se intenta frustrar un organismo de la Constituci\u00f3n: que el Consejo de la Magistratura no pudiera designar los jueces\u00bb.<\/p>\n<p>En ese sentido, la presidenta defendi\u00f3 \u00abel principio del juez natural que hace al debido proceso\u00bb, y agreg\u00f3 que los magistrados \u00abdeben ser los jueces naturales\u00bb.<\/p>\n<p>Cristina reafirm\u00f3 que \u00abla inmensa mayor\u00eda est\u00e1 dentro de la ley y quiere vivir dentro de la ley\u00bb y repiti\u00f3 que \u00abhay 2500 titulares que est\u00e1n dentro de la normativa\u00bb.<\/p>\n<p>Precis\u00f3 asimismo que \u00abhay 25 grupos que han reconocido la autoridad del AFSCA\u00bb, y record\u00f3 que la ley de Servicios de Comunicaci\u00f3n Audiovisual \u00abcomenz\u00f3 siendo un desaf\u00edo si la sociedad argentina pod\u00eda darse una nueva ley de medios que podr\u00eda asegurarse la pluralidad\u00bb.<\/p>\n<p>Pero subray\u00f3 que \u00ablo han transformado en otra cosa, ya no en un desaf\u00edo ver si podemos ser m\u00e1s plurales, es un desaf\u00edo a la democracia misma, si realmente puede haber un grupo econ\u00f3mico que est\u00e9 por encima de los tres poderes del Estado\u00bb.<\/p>\n<p>\u00abEsto es un desaf\u00edo muy grande\u00bb, remarc\u00f3 Cristina, \u00abporque la Constituci\u00f3n de la democracia tiene que ver con este reconocimiento, pero se entronca tambi\u00e9n con la pluralidad\u00bb.<\/p>\n<p>Resalt\u00f3 que \u00abeste proyecto que llevamos a cabo desde 2003 no ha afectado los derechos, al contrario, ha tenido la virtud de ampliarlos, y no ha sido merm\u00e1ndoles derechos a otros\u00bb.<\/p>\n<p>Seguidamente, dijo que aspira \u00aba un pa\u00eds con mucho amor, a un pa\u00eds donde haya discusi\u00f3n y debates pero con argumentos, sin posiciones apocal\u00edpticas, que no se nieguen todas las conquistas que hemos logrado como la asignaci\u00f3n universal por hijo\u00bb.<\/p>\n<p>Respecto de Sabbatella, apunt\u00f3: \u00abTengo una gran confianza en la labor de Mart\u00edn y su equipo al frente del AFSCA; lo s\u00e9 un hombre comprometido, no hace falta pertenecer a un mismo partido, tenemos que comprender la necesidad de ampliar nuestra bases de sustentaci\u00f3n\u00bb.<\/p>\n<p>Repiti\u00f3 que hay que respetar \u00abla Constituci\u00f3n, respetar una ley que es igual para todos\u00bb.<\/p>\n<p>\u00abLa ley es para todos; yo quiero vivir en ese pa\u00eds, y es \u00e9ste mi pa\u00eds\u00bb, finaliz\u00f3 Cristina.<\/p>\n","protected":false},"excerpt":{"rendered":"<p>La presidenta Cristina Fern\u00e1ndez de Kirchner asegur\u00f3 que \u00abde qu\u00e9 cepo del d\u00f3lar est\u00e1n hablando, lo \u00fanico que hay es cepo democr\u00e1tico para el cumplimiento de la ley\u00bb.<\/p>\n","protected":false},"author":4,"featured_media":0,"comment_status":"open","ping_status":"open","sticky":false,"template":"","format":"standard","meta":{"_jetpack_newsletter_access":"","_jetpack_dont_email_post_to_subs":false,"_jetpack_newsletter_tier_id":0,"_jetpack_memberships_contains_paywalled_content":false,"_jetpack_memberships_contains_paid_content":false,"footnotes":""},"categories":[54],"tags":[],"class_list":["post-1634","post","type-post","status-publish","format-standard","hentry","category-medios"],"jetpack_featured_media_url":"","jetpack_shortlink":"https:\/\/wp.me\/p2JWE0-qm","jetpack-related-posts":[{"id":115637,"url":"https:\/\/www.24baires.com\/?p=115637","url_meta":{"origin":1634,"position":0},"title":"El Gobierno anunci\u00f3 que ya est\u00e1 listo el proyecto de legalizaci\u00f3n del aborto","author":"GB","date":"15\/07\/2020","format":false,"excerpt":"La secretar\u00eda de Legal y T\u00e9cnica, Vilma Ibarra, no precis\u00f3 la fecha en que ser\u00e1 enviado al Congreso. La secretar\u00eda de Legal y T\u00e9cnica de la Presidencia, Vilma Ibarra, asegur\u00f3 que el proyecto del Gobierno para legalizar el aborto \"est\u00e1 listo\", y que el objetivo del mismo es impedir \"muertes\u2026","rel":"","context":"En \u00abPol\u00edtica\u00bb","block_context":{"text":"Pol\u00edtica","link":"https:\/\/www.24baires.com\/?cat=51"},"img":{"alt_text":"","src":"https:\/\/i0.wp.com\/www.24baires.com\/wp-content\/uploads\/2019\/02\/pa%C3%B1uelo-aborto.jpg?resize=350%2C200","width":350,"height":200,"srcset":"https:\/\/i0.wp.com\/www.24baires.com\/wp-content\/uploads\/2019\/02\/pa%C3%B1uelo-aborto.jpg?resize=350%2C200 1x, https:\/\/i0.wp.com\/www.24baires.com\/wp-content\/uploads\/2019\/02\/pa%C3%B1uelo-aborto.jpg?resize=525%2C300 1.5x"},"classes":[]},{"id":118081,"url":"https:\/\/www.24baires.com\/?p=118081","url_meta":{"origin":1634,"position":1},"title":"Fern\u00e1ndez: \u00abEstamos dando un paso para ponerle fin a una disputa de a\u00f1os\u00bb","author":"AF","date":"30\/09\/2021","format":false,"excerpt":"El Presidente encabez\u00f3 la presentaci\u00f3n del proyecto agroindustrial en Casa Rosada junto a la vicepresidenta, Cristina Fern\u00e1ndez de Kirchner; el jefe de Gabinete, Juan Manzur, y el ministro de Agricultura, Juli\u00e1n Dom\u00ednguez. El presidente Alberto Fern\u00e1ndez asegur\u00f3 hoy que se est\u00e1 dando \"un paso para ponerle fin a una disputa\u2026","rel":"","context":"En \u00abPol\u00edtica\u00bb","block_context":{"text":"Pol\u00edtica","link":"https:\/\/www.24baires.com\/?cat=51"},"img":{"alt_text":"","src":"https:\/\/i0.wp.com\/www.24baires.com\/wp-content\/uploads\/2021\/09\/alberto-fernandez-cristina-kirchner-1jpg.jpg?resize=350%2C200","width":350,"height":200,"srcset":"https:\/\/i0.wp.com\/www.24baires.com\/wp-content\/uploads\/2021\/09\/alberto-fernandez-cristina-kirchner-1jpg.jpg?resize=350%2C200 1x, https:\/\/i0.wp.com\/www.24baires.com\/wp-content\/uploads\/2021\/09\/alberto-fernandez-cristina-kirchner-1jpg.jpg?resize=525%2C300 1.5x"},"classes":[]},{"id":116063,"url":"https:\/\/www.24baires.com\/?p=116063","url_meta":{"origin":1634,"position":2},"title":"CFK asegura que Macri realiz\u00f3 una \u00abreforma de facto\u00bb de la Justicia para \u00abperseguir opositores\u00bb","author":"AF","date":"25\/08\/2020","format":false,"excerpt":"La vicepresidenta apareci\u00f3 nuevamente en escena para expresarse sobre el proyecto del oficialismo que se tratar\u00e1 este jueves en el Senado. La vicepresidenta Cristina Fern\u00e1ndez de Kirchner comparti\u00f3, hace instantes, una publicaci\u00f3n en sus redes sociales donde opin\u00f3 sobre el proyecto que envi\u00f3 el Gobierno Nacional al Congreso para modificar\u2026","rel":"","context":"En \u00abPol\u00edtica\u00bb","block_context":{"text":"Pol\u00edtica","link":"https:\/\/www.24baires.com\/?cat=51"},"img":{"alt_text":"","src":"https:\/\/i0.wp.com\/www.24baires.com\/wp-content\/uploads\/2019\/08\/cristina-LP.jpg?resize=350%2C200","width":350,"height":200,"srcset":"https:\/\/i0.wp.com\/www.24baires.com\/wp-content\/uploads\/2019\/08\/cristina-LP.jpg?resize=350%2C200 1x, https:\/\/i0.wp.com\/www.24baires.com\/wp-content\/uploads\/2019\/08\/cristina-LP.jpg?resize=525%2C300 1.5x"},"classes":[]},{"id":114381,"url":"https:\/\/www.24baires.com\/?p=114381","url_meta":{"origin":1634,"position":3},"title":"Cristina cruz\u00f3 a los senadores que leyeron sus discursos","author":"AF","date":"12\/03\/2020","format":false,"excerpt":"Las acusaciones y denuncias cruzadas que inauguraron el debate sobre el proyecto de intervenci\u00f3n del Poder Judicial de Jujuy en la Comisi\u00f3n de Asuntos Constitucionales del Senado se trasladaron esta tarde al recinto de la C\u00e1mara alta en la previa del debate sobre jubilaciones de privilegio. La presidenta del cuerpo\u2026","rel":"","context":"En \u00abPol\u00edtica\u00bb","block_context":{"text":"Pol\u00edtica","link":"https:\/\/www.24baires.com\/?cat=51"},"img":{"alt_text":"","src":"https:\/\/i0.wp.com\/www.24baires.com\/wp-content\/uploads\/2019\/08\/cristina-LP.jpg?resize=350%2C200","width":350,"height":200,"srcset":"https:\/\/i0.wp.com\/www.24baires.com\/wp-content\/uploads\/2019\/08\/cristina-LP.jpg?resize=350%2C200 1x, https:\/\/i0.wp.com\/www.24baires.com\/wp-content\/uploads\/2019\/08\/cristina-LP.jpg?resize=525%2C300 1.5x"},"classes":[]},{"id":118936,"url":"https:\/\/www.24baires.com\/?p=118936","url_meta":{"origin":1634,"position":4},"title":"Alberto y Cristina encabezar\u00e1n el acto por los 100 a\u00f1os de YPF","author":"AF","date":"02\/06\/2022","format":false,"excerpt":"El encuentro ser\u00e1 este viernes a las 17 en el predio de Tecn\u00f3polis. La petrolera celebrar\u00e1 tambi\u00e9n los 10 a\u00f1os de su expropiaci\u00f3n. El presidente Alberto Fern\u00e1ndez y la vicepresidenta Cristina Fern\u00e1ndez de Kirchner encabezar\u00e1n ma\u00f1ana el acto por el centenario de la empresa estatal de energ\u00eda Yacimientos Petrol\u00edferos Fiscales\u2026","rel":"","context":"En \u00abLocales\u00bb","block_context":{"text":"Locales","link":"https:\/\/www.24baires.com\/?cat=38"},"img":{"alt_text":"","src":"https:\/\/i0.wp.com\/www.24baires.com\/wp-content\/uploads\/2019\/10\/alberto-y-cristina.jpg?resize=350%2C200","width":350,"height":200,"srcset":"https:\/\/i0.wp.com\/www.24baires.com\/wp-content\/uploads\/2019\/10\/alberto-y-cristina.jpg?resize=350%2C200 1x, https:\/\/i0.wp.com\/www.24baires.com\/wp-content\/uploads\/2019\/10\/alberto-y-cristina.jpg?resize=525%2C300 1.5x, https:\/\/i0.wp.com\/www.24baires.com\/wp-content\/uploads\/2019\/10\/alberto-y-cristina.jpg?resize=700%2C400 2x"},"classes":[]},{"id":116115,"url":"https:\/\/www.24baires.com\/?p=116115","url_meta":{"origin":1634,"position":5},"title":"La adhesi\u00f3n al canje fue del 93,5% y el 99% de deuda fue reestructurada","author":"AF","date":"31\/08\/2020","format":false,"excerpt":"Acompa\u00f1ado por el ministro de Econom\u00eda Mart\u00edn Guzm\u00e1n y la vicepresidenta de la Naci\u00f3n Cristina Fern\u00e1ndez, Alberto Fern\u00e1ndez oficializ\u00f3 la finalizaci\u00f3n del proceso del canje de deuda. El presidente Alberto Fern\u00e1ndez y el ministro de Econom\u00eda, Mart\u00edn Guzm\u00e1n, anunciaron hoy que el canje de deuda alcanz\u00f3 un nivel de adhesi\u00f3n\u2026","rel":"","context":"En \u00abEconom\u00eda\u00bb","block_context":{"text":"Econom\u00eda","link":"https:\/\/www.24baires.com\/?cat=45"},"img":{"alt_text":"","src":"https:\/\/i0.wp.com\/www.24baires.com\/wp-content\/uploads\/2020\/08\/fern%C3%A1ndez-massa.jpg?resize=350%2C200","width":350,"height":200,"srcset":"https:\/\/i0.wp.com\/www.24baires.com\/wp-content\/uploads\/2020\/08\/fern%C3%A1ndez-massa.jpg?resize=350%2C200 1x, https:\/\/i0.wp.com\/www.24baires.com\/wp-content\/uploads\/2020\/08\/fern%C3%A1ndez-massa.jpg?resize=525%2C300 1.5x"},"classes":[]}],"jetpack_sharing_enabled":true,"jetpack_likes_enabled":true,"_links":{"self":[{"href":"https:\/\/www.24baires.com\/index.php?rest_route=\/wp\/v2\/posts\/1634","targetHints":{"allow":["GET"]}}],"collection":[{"href":"https:\/\/www.24baires.com\/index.php?rest_route=\/wp\/v2\/posts"}],"about":[{"href":"https:\/\/www.24baires.com\/index.php?rest_route=\/wp\/v2\/types\/post"}],"author":[{"embeddable":true,"href":"https:\/\/www.24baires.com\/index.php?rest_route=\/wp\/v2\/users\/4"}],"replies":[{"embeddable":true,"href":"https:\/\/www.24baires.com\/index.php?rest_route=%2Fwp%2Fv2%2Fcomments&post=1634"}],"version-history":[{"count":0,"href":"https:\/\/www.24baires.com\/index.php?rest_route=\/wp\/v2\/posts\/1634\/revisions"}],"wp:attachment":[{"href":"https:\/\/www.24baires.com\/index.php?rest_route=%2Fwp%2Fv2%2Fmedia&parent=1634"}],"wp:term":[{"taxonomy":"category","embeddable":true,"href":"https:\/\/www.24baires.com\/index.php?rest_route=%2Fwp%2Fv2%2Fcategories&post=1634"},{"taxonomy":"post_tag","embeddable":true,"href":"https:\/\/www.24baires.com\/index.php?rest_route=%2Fwp%2Fv2%2Ftags&post=1634"}],"curies":[{"name":"wp","href":"https:\/\/api.w.org\/{rel}","templated":true}]}}