{"id":16334,"date":"2013-02-21T19:52:47","date_gmt":"2013-02-21T22:52:47","guid":{"rendered":"http:\/\/www.24baires.com\/?p=16334"},"modified":"2013-02-21T19:52:47","modified_gmt":"2013-02-21T22:52:47","slug":"murio-el-facha-martel-a-los-65-anos","status":"publish","type":"post","link":"https:\/\/www.24baires.com\/?p=16334","title":{"rendered":"Muri\u00f3 &#8216;El Facha&#8217; Martel a los 65 a\u00f1os"},"content":{"rendered":"<p><img data-recalc-dims=\"1\" loading=\"lazy\" decoding=\"async\" class=\"alignleft size-medium wp-image-16335\" alt=\"facha martel\" src=\"https:\/\/i0.wp.com\/www.24baires.com\/wp-content\/uploads\/2013\/02\/facha-martel.jpg?resize=300%2C225\" width=\"300\" height=\"225\" srcset=\"https:\/\/i0.wp.com\/www.24baires.com\/wp-content\/uploads\/2013\/02\/facha-martel.jpg?resize=300%2C225&amp;ssl=1 300w, https:\/\/i0.wp.com\/www.24baires.com\/wp-content\/uploads\/2013\/02\/facha-martel.jpg?w=400&amp;ssl=1 400w\" sizes=\"auto, (max-width: 300px) 100vw, 300px\" \/>En la tarde del jueves falleci\u00f3 el actor Adri\u00e1n \u00abFacha\u00bb Martel. El hombre estaba internado desde hace algunas semanas en el Sanatorio de la Providencia. <!--more--><br \/>\nA los 65 a\u00f1os, \u00abEl Facha\u00bb muri\u00f3 luego de varios d\u00edas de internaci\u00f3n. El actor se encontraba internado desde principios de febrero en La Providencia, debido a un cuadro de sepsis que lo condujo a terapia intensiva.<\/p>\n<p>La noticia fue dada a conocer por Cristina Furri, su ex esposa y madre de sus tres hijos, en un m\u00f3vil en vivo para Infama. Luego, en \u00abAm\u00e9rica Noticias\u00bb ampli\u00f3 que \u00abel ten\u00eda mucho miedo, lo llevaron a un coma farmacol\u00f3gico y hoy estaba totalmente dormido. Ayer estaba m\u00e1s l\u00facido. Cuando hay vida hay esperanza, yo pens\u00e9 que iba a salir\u00bb.<\/p>\n<p>Pedro Julio C\u00e9sar Mart\u00ednez, alias Adri\u00e1n Martel, hab\u00eda nacido en 1948 y fue apodado como \u00abFacha\u00bb, por su debido a su prestancia y \u00e9xito con las mujeres. Fue actor y modelo y se luci\u00f3 en cine de la mano de Alberto Olmedo.<\/p>\n<p>Tambi\u00e9n fue muy amigo de Carlos Monz\u00f3n y trabaj\u00f3 con Graciela Alfano, Beatriz Salom\u00f3n, Guillermo Francella, M\u00f3nica Gonzaga, Emilio Disi, Jorge Porcel y much\u00edsimas figuras m\u00e1s.<\/p>\n<p>Particip\u00f3 de varios programas de televisi\u00f3n en los que hasta se anim\u00f3 a confesar su adicci\u00f3n a las drogas.<\/p>\n<p>&nbsp;<\/p>\n<p>&nbsp;<\/p>\n<p>&nbsp;<\/p>\n<p>&nbsp;<\/p>\n<p>&nbsp;<\/p>\n<p>&nbsp;<\/p>\n<p>&nbsp;<\/p>\n<p>&nbsp;<\/p>\n<p>&nbsp;<\/p>\n<p>&nbsp;<\/p>\n<p>&nbsp;<\/p>\n<p>&nbsp;<\/p>\n<p>&nbsp;<\/p>\n<p>&nbsp;<\/p>\n<p>&nbsp;<\/p>\n<p>&nbsp;<\/p>\n<p>&nbsp;<\/p>\n<p>&nbsp;<\/p>\n<p>&nbsp;<\/p>\n","protected":false},"excerpt":{"rendered":"<p>En la tarde del jueves falleci\u00f3 el actor Adri\u00e1n \u00abFacha\u00bb Martel. El hombre estaba internado desde hace algunas semanas en el Sanatorio de la Providencia.<\/p>\n","protected":false},"author":4,"featured_media":0,"comment_status":"open","ping_status":"open","sticky":false,"template":"","format":"standard","meta":{"_jetpack_newsletter_access":"","_jetpack_dont_email_post_to_subs":false,"_jetpack_newsletter_tier_id":0,"_jetpack_memberships_contains_paywalled_content":false,"_jetpack_memberships_contains_paid_content":false,"footnotes":""},"categories":[1],"tags":[],"class_list":["post-16334","post","type-post","status-publish","format-standard","hentry","category-sociedad"],"jetpack_featured_media_url":"","jetpack_shortlink":"https:\/\/wp.me\/p2JWE0-4fs","jetpack-related-posts":[{"id":7305,"url":"https:\/\/www.24baires.com\/?p=7305","url_meta":{"origin":16334,"position":0},"title":"La uruguaya que vino a calentar la pantalla","author":"Grupo Sierra","date":"29\/11\/2012","format":false,"excerpt":"Lleg\u00f3 desde Montevideo hace tan s\u00f3lo dos a\u00f1os y con su escultural figura y su desinhibida personalidad, Mar\u00eda Bel\u00e9n Villemur logr\u00f3 convencer a Playboy TV para quedarse con el papel de Cane en \u201cRuta 69\u2033, serie que se emite los mi\u00e9rcoles a la medianoche y que cuenta con la locuci\u00f3n\u2026","rel":"","context":"En \u00abEspectaculos\u00bb","block_context":{"text":"Espectaculos","link":"https:\/\/www.24baires.com\/?cat=41"},"img":{"alt_text":"","src":"https:\/\/i0.wp.com\/www.24baires.com\/wp-content\/uploads\/2012\/11\/villemurapertura.jpg?resize=350%2C200","width":350,"height":200,"srcset":"https:\/\/i0.wp.com\/www.24baires.com\/wp-content\/uploads\/2012\/11\/villemurapertura.jpg?resize=350%2C200 1x, https:\/\/i0.wp.com\/www.24baires.com\/wp-content\/uploads\/2012\/11\/villemurapertura.jpg?resize=525%2C300 1.5x"},"classes":[]},{"id":28981,"url":"https:\/\/www.24baires.com\/?p=28981","url_meta":{"origin":16334,"position":1},"title":"Se fugaron dos represores condenados del Hospital Militar","author":"AF","date":"26\/07\/2013","format":false,"excerpt":"Se trata de Antonio Olivera y Gustavo De Marchi, ambos sanjuaninos condenados hace 20 d\u00edas en el marco del primer juicio por delitos cometidos durante la \u00faltima dictadura c\u00edvico militar en esa provincia. Escaparon del Hospital Militar de Buenos Aires. Los represores sanjuaninos Antonio Olivera y Gustavo De Marchi, condenados\u2026","rel":"","context":"En \u00abMemoria\u00bb","block_context":{"text":"Memoria","link":"https:\/\/www.24baires.com\/?cat=50"},"img":{"alt_text":"","src":"","width":0,"height":0},"classes":[]},{"id":15386,"url":"https:\/\/www.24baires.com\/?p=15386","url_meta":{"origin":16334,"position":2},"title":"La esposa de Kicillof asegur\u00f3 que \u00abhubo cierto inconsciente facho\u00bb en el abucheo al marido","author":"AF","date":"11\/02\/2013","format":false,"excerpt":"Soledad Quereilhac, esposa del ministro Axel Kicillof, se refiri\u00f3 a los abucheos que sufrieron con sus hijos cuando volv\u00edan de Uruguay. Habl\u00f3 de un p\u00fablico \"con preferencias ideol\u00f3gicas y econ\u00f3micas particulares\". Soledad Quereilhac, la mujer del viceministro de Econom\u00eda de la Naci\u00f3n, Axel Kicillof, responsabiliz\u00f3 a un \"p\u00fablico particular, con\u2026","rel":"","context":"En \u00abSociedad\u00bb","block_context":{"text":"Sociedad","link":"https:\/\/www.24baires.com\/?cat=1"},"img":{"alt_text":"soledad kicillof","src":"https:\/\/i0.wp.com\/www.24baires.com\/wp-content\/uploads\/2013\/02\/soledad-kicillof.jpg?resize=350%2C200","width":350,"height":200},"classes":[]},{"id":123017,"url":"https:\/\/www.24baires.com\/?p=123017","url_meta":{"origin":16334,"position":3},"title":"Falleci\u00f3 Luis Brandoni","author":"GB","date":"20\/04\/2026","format":false,"excerpt":"El actor falleci\u00f3 a los 86 a\u00f1os luego de semanas internado tras una ca\u00edda. El actor Luis Brandoni falleci\u00f3 este lunes por la madrugada luego de semanas internado en el Sanatorio G\u00fcemes. El artista sufri\u00f3 una ca\u00edda en su domicilio d\u00edas atr\u00e1s, lo que motiv\u00f3 su traslado al mencionado nosocomio.\u2026","rel":"","context":"En \u00abSociedad\u00bb","block_context":{"text":"Sociedad","link":"https:\/\/www.24baires.com\/?cat=1"},"img":{"alt_text":"","src":"https:\/\/i0.wp.com\/www.24baires.com\/wp-content\/uploads\/2026\/04\/brandoni.webp?resize=350%2C200","width":350,"height":200,"srcset":"https:\/\/i0.wp.com\/www.24baires.com\/wp-content\/uploads\/2026\/04\/brandoni.webp?resize=350%2C200 1x, https:\/\/i0.wp.com\/www.24baires.com\/wp-content\/uploads\/2026\/04\/brandoni.webp?resize=525%2C300 1.5x, https:\/\/i0.wp.com\/www.24baires.com\/wp-content\/uploads\/2026\/04\/brandoni.webp?resize=700%2C400 2x"},"classes":[]},{"id":13264,"url":"https:\/\/www.24baires.com\/?p=13264","url_meta":{"origin":16334,"position":4},"title":"Preocupa el estado de abandono del Teatro Argentino de La Plata","author":"AF","date":"23\/01\/2013","format":false,"excerpt":"El principal centro de las artes bonaerense est\u00e1 atravesando un momento cr\u00edtico. Quienes circulan por sus veredas (se encuentra emplazado entre las calles 9, 51, 10 y 53), pueden ver a simple vista el estado de abandono en el que se encuentra. Seg\u00fan consigna el diario El D\u00eda de la\u2026","rel":"","context":"En \u00abLocales\u00bb","block_context":{"text":"Locales","link":"https:\/\/www.24baires.com\/?cat=38"},"img":{"alt_text":"","src":"","width":0,"height":0},"classes":[]},{"id":16896,"url":"https:\/\/www.24baires.com\/?p=16896","url_meta":{"origin":16334,"position":5},"title":"Violencia en el f\u00fatbol: muri\u00f3 uno de los hinchas de Tigre baleados el domingo","author":"AF","date":"27\/02\/2013","format":false,"excerpt":"Adri\u00e1n Alejandro Vel\u00e1zquez, uno de los tres hinchas que permanec\u00edan internados en grave estado tras el enfrentamiento entre facciones opuestas de la hinchada de Tigre, muri\u00f3 hoy en el hospital de San Fernando. Fuentes judiciales informaron que se trata de Adri\u00e1n Alejandro Vel\u00e1zquez (40), quien permanec\u00eda internado desde el domingo\u2026","rel":"","context":"En \u00abPoliciales\u00bb","block_context":{"text":"Policiales","link":"https:\/\/www.24baires.com\/?cat=49"},"img":{"alt_text":"","src":"","width":0,"height":0},"classes":[]}],"jetpack_sharing_enabled":true,"jetpack_likes_enabled":true,"_links":{"self":[{"href":"https:\/\/www.24baires.com\/index.php?rest_route=\/wp\/v2\/posts\/16334","targetHints":{"allow":["GET"]}}],"collection":[{"href":"https:\/\/www.24baires.com\/index.php?rest_route=\/wp\/v2\/posts"}],"about":[{"href":"https:\/\/www.24baires.com\/index.php?rest_route=\/wp\/v2\/types\/post"}],"author":[{"embeddable":true,"href":"https:\/\/www.24baires.com\/index.php?rest_route=\/wp\/v2\/users\/4"}],"replies":[{"embeddable":true,"href":"https:\/\/www.24baires.com\/index.php?rest_route=%2Fwp%2Fv2%2Fcomments&post=16334"}],"version-history":[{"count":2,"href":"https:\/\/www.24baires.com\/index.php?rest_route=\/wp\/v2\/posts\/16334\/revisions"}],"predecessor-version":[{"id":16337,"href":"https:\/\/www.24baires.com\/index.php?rest_route=\/wp\/v2\/posts\/16334\/revisions\/16337"}],"wp:attachment":[{"href":"https:\/\/www.24baires.com\/index.php?rest_route=%2Fwp%2Fv2%2Fmedia&parent=16334"}],"wp:term":[{"taxonomy":"category","embeddable":true,"href":"https:\/\/www.24baires.com\/index.php?rest_route=%2Fwp%2Fv2%2Fcategories&post=16334"},{"taxonomy":"post_tag","embeddable":true,"href":"https:\/\/www.24baires.com\/index.php?rest_route=%2Fwp%2Fv2%2Ftags&post=16334"}],"curies":[{"name":"wp","href":"https:\/\/api.w.org\/{rel}","templated":true}]}}