{"id":16326,"date":"2013-02-21T19:07:23","date_gmt":"2013-02-21T22:07:23","guid":{"rendered":"http:\/\/www.24baires.com\/?p=16326"},"modified":"2013-02-21T17:42:08","modified_gmt":"2013-02-21T20:42:08","slug":"la-matanza-operaron-exitosamente-al-nino-accidentado-en-la-cabeza-en-el-hospital","status":"publish","type":"post","link":"https:\/\/www.24baires.com\/?p=16326","title":{"rendered":"La Matanza: operaron exitosamente al ni\u00f1o accidentado en la cabeza en el Hospital"},"content":{"rendered":"<p>El equipo de neurocirug\u00eda del Hospital del Ni\u00f1o de San Justo oper\u00f3 exitosamente al ni\u00f1o de 7 a\u00f1os que hab\u00eda sufrido una fractura de cr\u00e1neo el lunes pasado cuando un equipo de rayos x lo golpe\u00f3 en la cabeza.<!--more--><\/p>\n<p>El incidente hab\u00eda sucedido el d\u00eda lunes, a las 7:45hs, cuando Rodrigo Sosa, de 7 a\u00f1os, fue a realizarse una radiograf\u00eda de columna. Por el golpe en la cabeza el ni\u00f1o sufri\u00f3 una fractura en el parietal izquierdo, con un leve desplazamiento. Al instante fue atendido y en ning\u00fan momento sufri\u00f3 p\u00e9rdida de conocimiento.<\/p>\n<p>Luego que se descartara, mediante tomograf\u00edas computadas de cr\u00e1neo y cerebro, que no requer\u00eda cirug\u00eda inmediata, los m\u00e9dicos decidieron que se lo operar\u00e1 hoy por la ma\u00f1ana. La exitosa operaci\u00f3n dur\u00f3 unos 45 minutos, seg\u00fan inform\u00f3 el Subsecretario de Salud P\u00fablica, Gustavo Gret, sin ninguna complicaci\u00f3n.<\/p>\n<p>El ni\u00f1o se encuentra internado en la terapia intensiva de la instituci\u00f3n m\u00e9dica de manera preventiva y esta tarde se realizar\u00e1n nuevos controles m\u00e9dicos. Si evoluciona como es previsto, ma\u00f1ana ser\u00eda trasladado a la cl\u00ednica pedi\u00e1trica.<\/p>\n","protected":false},"excerpt":{"rendered":"<p>El equipo de neurocirug\u00eda del Hospital del Ni\u00f1o de San Justo oper\u00f3 exitosamente al ni\u00f1o de 7 a\u00f1os que hab\u00eda sufrido una fractura de cr\u00e1neo el lunes pasado cuando un equipo de rayos x lo golpe\u00f3 en la cabeza.<\/p>\n","protected":false},"author":4,"featured_media":0,"comment_status":"open","ping_status":"open","sticky":false,"template":"","format":"standard","meta":{"_jetpack_newsletter_access":"","_jetpack_dont_email_post_to_subs":false,"_jetpack_newsletter_tier_id":0,"_jetpack_memberships_contains_paywalled_content":false,"_jetpack_memberships_contains_paid_content":false,"footnotes":""},"categories":[1],"tags":[],"class_list":["post-16326","post","type-post","status-publish","format-standard","hentry","category-sociedad"],"jetpack_featured_media_url":"","jetpack_shortlink":"https:\/\/wp.me\/p2JWE0-4fk","jetpack-related-posts":[{"id":39254,"url":"https:\/\/www.24baires.com\/?p=39254","url_meta":{"origin":16326,"position":0},"title":"Una joven herida como consecuencia de la ca\u00edda del techo de un boliche en Pinamar","author":"GB","date":"26\/01\/2014","format":false,"excerpt":"Paula, la hija de Mar\u00eda Bourd\u00edn, fue derivada a un centro de complejidad neurol\u00f3gica desde el Hospital de Pinamar, donde lleg\u00f3 luego de que sufriera un accidente en un boliche. Sufri\u00f3 un hematoma subdural, como el que padeci\u00f3 la Presidenta de la Naci\u00f3n Cristina Fern\u00e1ndez de Kirchner. El hecho sucedi\u00f3\u2026","rel":"","context":"En \u00abSociedad\u00bb","block_context":{"text":"Sociedad","link":"https:\/\/www.24baires.com\/?cat=1"},"img":{"alt_text":"boliche ku","src":"https:\/\/i0.wp.com\/www.24baires.com\/wp-content\/uploads\/2014\/01\/boliche-ku-300x178.jpg?resize=350%2C200","width":350,"height":200},"classes":[]},{"id":17447,"url":"https:\/\/www.24baires.com\/?p=17447","url_meta":{"origin":16326,"position":1},"title":"Moreno: detienen a un joven por abusar de su hijastra de dos a\u00f1os","author":"AF","date":"04\/03\/2013","format":false,"excerpt":"Un joven de 23 a\u00f1os fue detenido acusado de haber abusado sexualmente de su hijastra de 2 a\u00f1os y provocarle una fractura en el cr\u00e1neo, en la localidad de Paso del Rey, informaron hoy fuentes policiales. Por el hecho tambi\u00e9n qued\u00f3 demorada la madre de la ni\u00f1a, una joven de\u2026","rel":"","context":"En \u00abPoliciales\u00bb","block_context":{"text":"Policiales","link":"https:\/\/www.24baires.com\/?cat=49"},"img":{"alt_text":"","src":"","width":0,"height":0},"classes":[]},{"id":40654,"url":"https:\/\/www.24baires.com\/?p=40654","url_meta":{"origin":16326,"position":2},"title":"Otra vez, la imprudencia: sigue grave la nena que cay\u00f3 de un cuatriciclo","author":"Grupo Sierra","date":"18\/02\/2014","format":false,"excerpt":"VILLA GESELL- Una ni\u00f1a de 11 a\u00f1os, que el s\u00e1bado pasado se cay\u00f3 de un utilitario UTV en la ciudad de Villa Gesell, permanec\u00eda internada en grave estado en el hospital Materno Infantil de Mar del Plata, informaron fuentes m\u00e9dicas. El director asociado del Hospital Materno Infantil de Mar del\u2026","rel":"","context":"En \u00abLocales\u00bb","block_context":{"text":"Locales","link":"https:\/\/www.24baires.com\/?cat=38"},"img":{"alt_text":"","src":"","width":0,"height":0},"classes":[]},{"id":52266,"url":"https:\/\/www.24baires.com\/?p=52266","url_meta":{"origin":16326,"position":3},"title":"Declaran la madre y el padrastro de la nena golpeada y abusada en La Plata","author":"AF","date":"22\/08\/2014","format":false,"excerpt":"La madre y el padrastro de la ni\u00f1a de tres a\u00f1os que se encuentra internada en grave estado a ra\u00edz de los golpes y abusos sufridos ser\u00e1n indagados hoy por la fiscal platense Virginia Bravo. Se trata de la pareja conformada por Cecilia (21) y Sergio Alga\u00f1ar\u00e1z (30), quienes se\u2026","rel":"","context":"En \u00abJUDICIALES\u00bb","block_context":{"text":"JUDICIALES","link":"https:\/\/www.24baires.com\/?cat=68"},"img":{"alt_text":"","src":"","width":0,"height":0},"classes":[]},{"id":37635,"url":"https:\/\/www.24baires.com\/?p=37635","url_meta":{"origin":16326,"position":4},"title":"Schumacher \u00aben coma y estado cr\u00edtico\u00bb por un golpe esquiando","author":"Grupo Sierra","date":"29\/12\/2013","format":false,"excerpt":"El siete veces campe\u00f3n mundial de F\u00f3rmula 1 se halla en \"coma y en estado cr\u00edtico\" en un hospital de Francia, por la hemorragia cerebral que padece tras un accidente ocurrido mientras practicaba esqu\u00ed en los Alpes. A las 22.40 hora local (18.40 de Buenos Aires), el centro asistencial en\u2026","rel":"","context":"En \u00abDeportes\u00bb","block_context":{"text":"Deportes","link":"https:\/\/www.24baires.com\/?cat=12"},"img":{"alt_text":"schumacher2","src":"https:\/\/i0.wp.com\/www.24baires.com\/wp-content\/uploads\/2013\/12\/schumacher2.jpg?resize=350%2C200","width":350,"height":200,"srcset":"https:\/\/i0.wp.com\/www.24baires.com\/wp-content\/uploads\/2013\/12\/schumacher2.jpg?resize=350%2C200 1x, https:\/\/i0.wp.com\/www.24baires.com\/wp-content\/uploads\/2013\/12\/schumacher2.jpg?resize=525%2C300 1.5x"},"classes":[]},{"id":16082,"url":"https:\/\/www.24baires.com\/?p=16082","url_meta":{"origin":16326,"position":5},"title":"Un ni\u00f1o de 7 a\u00f1os fue herido por un equipo de rayos X en un hospital de La Matanza","author":"AF","date":"19\/02\/2013","format":false,"excerpt":"Debi\u00f3 ser asistido en el Hospital de Ni\u00f1os de San Justo cuando se le cay\u00f3 parte de un equipo de rayos X, de ese mismo centro asistencial, en la cabeza mientras se realizaba una radiograf\u00eda de rutina. El ni\u00f1o, de nombre Rodrigo, deber\u00e1 ser intervenido quir\u00fargicamente el jueves pr\u00f3ximo, informaron\u2026","rel":"","context":"En \u00abSociedad\u00bb","block_context":{"text":"Sociedad","link":"https:\/\/www.24baires.com\/?cat=1"},"img":{"alt_text":"","src":"","width":0,"height":0},"classes":[]}],"jetpack_sharing_enabled":true,"jetpack_likes_enabled":true,"_links":{"self":[{"href":"https:\/\/www.24baires.com\/index.php?rest_route=\/wp\/v2\/posts\/16326","targetHints":{"allow":["GET"]}}],"collection":[{"href":"https:\/\/www.24baires.com\/index.php?rest_route=\/wp\/v2\/posts"}],"about":[{"href":"https:\/\/www.24baires.com\/index.php?rest_route=\/wp\/v2\/types\/post"}],"author":[{"embeddable":true,"href":"https:\/\/www.24baires.com\/index.php?rest_route=\/wp\/v2\/users\/4"}],"replies":[{"embeddable":true,"href":"https:\/\/www.24baires.com\/index.php?rest_route=%2Fwp%2Fv2%2Fcomments&post=16326"}],"version-history":[{"count":2,"href":"https:\/\/www.24baires.com\/index.php?rest_route=\/wp\/v2\/posts\/16326\/revisions"}],"predecessor-version":[{"id":16328,"href":"https:\/\/www.24baires.com\/index.php?rest_route=\/wp\/v2\/posts\/16326\/revisions\/16328"}],"wp:attachment":[{"href":"https:\/\/www.24baires.com\/index.php?rest_route=%2Fwp%2Fv2%2Fmedia&parent=16326"}],"wp:term":[{"taxonomy":"category","embeddable":true,"href":"https:\/\/www.24baires.com\/index.php?rest_route=%2Fwp%2Fv2%2Fcategories&post=16326"},{"taxonomy":"post_tag","embeddable":true,"href":"https:\/\/www.24baires.com\/index.php?rest_route=%2Fwp%2Fv2%2Ftags&post=16326"}],"curies":[{"name":"wp","href":"https:\/\/api.w.org\/{rel}","templated":true}]}}