{"id":16306,"date":"2013-02-21T11:00:08","date_gmt":"2013-02-21T14:00:08","guid":{"rendered":"http:\/\/www.24baires.com\/?p=16306"},"modified":"2013-02-21T15:50:47","modified_gmt":"2013-02-21T18:50:47","slug":"amplian-la-red-cloacal-de-ferre","status":"publish","type":"post","link":"https:\/\/www.24baires.com\/?p=16306","title":{"rendered":"Ampl\u00edan la red cloacal de Ferr\u00e9"},"content":{"rendered":"<p>El jefe comunal Jos\u00e9 Mar\u00eda Medina, firm\u00f3 un acuerdo con naci\u00f3n y confirm\u00f3 la ampliaci\u00f3n de la red de desag\u00fces cloacales para la localidad de Ferr\u00e9, partido de <strong>General<\/strong> <strong>Arenales<\/strong>.<!--more--><br \/>\nEl intendente de General Arenales, Jos\u00e9 Mar\u00eda Medina, firm\u00f3 un acuerdo con el ministro de Planificaci\u00f3n Federal de la naci\u00f3n, Julio De Vido, con el Secretario de Obras Publicas de la naci\u00f3n, Jos\u00e9 L\u00f3pez y con el Administrador del ENOHSA Lucio Tamburo, para la ampliar la red cloacal en el sector sur de la localidad de Ferr\u00e9.<br \/>\nPuntualmente, la obra comprende un radio de 4 hect\u00e1reas, con 42 conexiones domiciliarias, por un monto total de $ 723.000, la cual est\u00e1 enmarcada dentro del programa de asistencia en \u00e1reas de riesgo sanitario, PROARSA, del Plan \u201cM\u00e1s Cerca, M\u00e1s Municipio, Mejor Pa\u00eds\u201d.<br \/>\n\u201cEsta obra de infraestructura b\u00e1sica de saneamiento mejora sustancialmente la calidad de vida de aquellos vecinos que hab\u00edan quedado excluidos de este servicio esencial, adem\u00e1s de prevenir la salud de nuestra gente, genera empleo genuinos\u201d, afirm\u00f3 el jefe comunal.<br \/>\n\u201cHace tiempo venimos peleando por esta obra y de tanto insistir y presentar proyecto hoy es una realidad, eso da una satisfacci\u00f3n personal por cumplir con las expectativas que generamos y nos comprometimos con los vecinos. De esta forma vamos a ir dando soluci\u00f3n a aquellos problemas estructurales, con esas obras que tienen impacto directo en la vida de la gente y le soluciona los problemas cotidianos\u201d, agreg\u00f3 Medina.<br \/>\nPor otro lado, vale indicar que durante la misma jornada el intendente de General Arenales se reuni\u00f3 con el Secretario de Transporte de la Naci\u00f3n, Alejandro Ramos, a quien le present\u00f3 la inquietud y la necesidad de contar con el servicio interurbano de pasajeros que una diariamente todas las localidades como tambi\u00e9n le pidi\u00f3 gestionar la llegada de empresas que hagan recorrido directo a la ciudad de Rosario.<\/p>\n<p>&nbsp;<\/p>\n<p>&nbsp;<\/p>\n<p>&nbsp;<\/p>\n<p>&nbsp;<\/p>\n<p>&nbsp;<\/p>\n<p>&nbsp;<\/p>\n<p>&nbsp;<\/p>\n<p>&nbsp;<\/p>\n<p>&nbsp;<\/p>\n<p>&nbsp;<\/p>\n<p>&nbsp;<\/p>\n<p>&nbsp;<\/p>\n<p>&nbsp;<\/p>\n<p>&nbsp;<\/p>\n","protected":false},"excerpt":{"rendered":"<p>El jefe comunal Jos\u00e9 Mar\u00eda Medina, firm\u00f3 un acuerdo con naci\u00f3n y confirm\u00f3 la ampliaci\u00f3n de la red de desag\u00fces cloacales para la localidad de Ferr\u00e9, partido de General Arenales.<\/p>\n","protected":false},"author":4,"featured_media":0,"comment_status":"open","ping_status":"open","sticky":false,"template":"","format":"standard","meta":{"_jetpack_newsletter_access":"","_jetpack_dont_email_post_to_subs":false,"_jetpack_newsletter_tier_id":0,"_jetpack_memberships_contains_paywalled_content":false,"_jetpack_memberships_contains_paid_content":false,"footnotes":""},"categories":[1],"tags":[],"class_list":["post-16306","post","type-post","status-publish","format-standard","hentry","category-sociedad"],"jetpack_featured_media_url":"","jetpack_shortlink":"https:\/\/wp.me\/p2JWE0-4f0","jetpack-related-posts":[{"id":65197,"url":"https:\/\/www.24baires.com\/?p=65197","url_meta":{"origin":16306,"position":0},"title":"La Provincia inici\u00f3 la ampliaci\u00f3n de la red cloacal en Azul","author":"GB","date":"30\/04\/2015","format":false,"excerpt":"Mediante el Plan Cuidar, que impulsa el gobernador Daniel Scioli, se firm\u00f3 el acta para comenzar con la provisi\u00f3n de desag\u00fces cloacales a los barrios Santa Elena y Ceferino Namuncur\u00e1 del partido de Azul. Valuadas en m\u00e1s de 14 millones de pesos, son encaradas por el ministerio de Infraestructura que\u2026","rel":"","context":"En \u00abMunicipios\u00bb","block_context":{"text":"Municipios","link":"https:\/\/www.24baires.com\/?cat=44"},"img":{"alt_text":"","src":"","width":0,"height":0},"classes":[]},{"id":37565,"url":"https:\/\/www.24baires.com\/?p=37565","url_meta":{"origin":16306,"position":1},"title":"Seg\u00fan los balances, crecen las obras p\u00fablicas en Lan\u00fas","author":"Grupo Sierra","date":"28\/12\/2013","format":false,"excerpt":"Los miembros de la Junta Asesora de la Agencia de Planificaci\u00f3n (APLA) se reunieron en la comuna para llevar a cabo el balance de las obras realizadas en materia de agua y cloacas. En un encuentro realizado en el Edificio Municipal Eva Per\u00f3n, los integrantes de la Agencia de Planificaci\u00f3n\u2026","rel":"","context":"En \u00abLocales\u00bb","block_context":{"text":"Locales","link":"https:\/\/www.24baires.com\/?cat=38"},"img":{"alt_text":"","src":"","width":0,"height":0},"classes":[]},{"id":1242,"url":"https:\/\/www.24baires.com\/?p=1242","url_meta":{"origin":16306,"position":2},"title":"\u00abHemos sido estafados electoralmente por el Gobierno bonaerense\u00bb","author":"AF","date":"06\/10\/2012","format":false,"excerpt":"La C\u00e1mara de Diputados aval\u00f3, en la sesi\u00f3n del pasado jueves, el reclamo de la ejecuci\u00f3n de obras que est\u00e1n paralizadas en Brandsen, as\u00ed como el inicio de otras que fueron gestionadas hace tiempo y la instalaci\u00f3n definitiva de la Unidad Fiscal de Instrucci\u00f3n en esa ciudad, prometida por las\u2026","rel":"","context":"En \u00abPol\u00edtica\u00bb","block_context":{"text":"Pol\u00edtica","link":"https:\/\/www.24baires.com\/?cat=51"},"img":{"alt_text":"","src":"","width":0,"height":0},"classes":[]},{"id":122996,"url":"https:\/\/www.24baires.com\/?p=122996","url_meta":{"origin":16306,"position":3},"title":"Avanza la ampliaci\u00f3n de la planta cloacal en Mercedes","author":"GB","date":"16\/04\/2026","format":false,"excerpt":"Katopodis y Ustarroz recorrieron los trabajos que buscan beneficiar a 70 mil vecinos, mejorar el tratamiento de efluentes y avanzar en el saneamiento del r\u00edo Luj\u00e1n. El ministro de Infraestructura bonaerense, Gabriel Katopodis, y el intendente de Mercedes, Juan Ignacio Ustarroz, recorrieron las obras de rehabilitaci\u00f3n y ampliaci\u00f3n de la\u2026","rel":"","context":"En \u00abMunicipios\u00bb","block_context":{"text":"Municipios","link":"https:\/\/www.24baires.com\/?cat=44"},"img":{"alt_text":"","src":"https:\/\/i0.wp.com\/www.24baires.com\/wp-content\/uploads\/2026\/04\/latopodis.jpg.webp?resize=350%2C200","width":350,"height":200,"srcset":"https:\/\/i0.wp.com\/www.24baires.com\/wp-content\/uploads\/2026\/04\/latopodis.jpg.webp?resize=350%2C200 1x, https:\/\/i0.wp.com\/www.24baires.com\/wp-content\/uploads\/2026\/04\/latopodis.jpg.webp?resize=525%2C300 1.5x, https:\/\/i0.wp.com\/www.24baires.com\/wp-content\/uploads\/2026\/04\/latopodis.jpg.webp?resize=700%2C400 2x"},"classes":[]},{"id":4601,"url":"https:\/\/www.24baires.com\/?p=4601","url_meta":{"origin":16306,"position":4},"title":"Cristina anunci\u00f3 obras en Almirante Brown a trav\u00e9s de una videoconferencia","author":"AF","date":"06\/11\/2012","format":false,"excerpt":"La presidenta Cristina Fern\u00e1ndez de Kirchner anunci\u00f3 obras cloacales para 120.000 vecinos de Almirante Brown, lo cual duplicar\u00e1 el servicio en esa ciudad del conurbano bonaerense. Lo anunci\u00f3 a trav\u00e9s de un videoconferencia en el cruce de Muratura y Robinson, a la que asistieron cientos de vecinos. En una videoconferencia\u2026","rel":"","context":"En \u00abLocales\u00bb","block_context":{"text":"Locales","link":"https:\/\/www.24baires.com\/?cat=38"},"img":{"alt_text":"","src":"https:\/\/i0.wp.com\/www.24baires.com\/wp-content\/uploads\/2012\/11\/teleconferencia-cristina-brown-300x180.jpg?resize=350%2C200","width":350,"height":200},"classes":[]},{"id":13495,"url":"https:\/\/www.24baires.com\/?p=13495","url_meta":{"origin":16306,"position":5},"title":"Salliquel\u00f3 estrenar\u00e1 una planta depuradora de l\u00edquidos cloacales","author":"AF","date":"25\/01\/2013","format":false,"excerpt":"Luego de la firma del convenio con Absa, en el municipio de Salliquel\u00f3 que gestiona el jefe comunal Enrique Catt\u00e1neo, se pondr\u00e1 en funcionamiento una Planta Depuradora de L\u00edquidos Cloacales. El intendente del municipio de Salliquel\u00f3, Enrique Catt\u00e1neo, particip\u00f3 de la firma de un importante convenio con Absa que permitir\u00e1\u2026","rel":"","context":"En \u00abLocales\u00bb","block_context":{"text":"Locales","link":"https:\/\/www.24baires.com\/?cat=38"},"img":{"alt_text":"catt\u00e1neo salliquelo","src":"https:\/\/i0.wp.com\/www.24baires.com\/wp-content\/uploads\/2013\/01\/catt%C3%A1neo-salliquelo.jpg?resize=350%2C200","width":350,"height":200},"classes":[]}],"jetpack_sharing_enabled":true,"jetpack_likes_enabled":true,"_links":{"self":[{"href":"https:\/\/www.24baires.com\/index.php?rest_route=\/wp\/v2\/posts\/16306","targetHints":{"allow":["GET"]}}],"collection":[{"href":"https:\/\/www.24baires.com\/index.php?rest_route=\/wp\/v2\/posts"}],"about":[{"href":"https:\/\/www.24baires.com\/index.php?rest_route=\/wp\/v2\/types\/post"}],"author":[{"embeddable":true,"href":"https:\/\/www.24baires.com\/index.php?rest_route=\/wp\/v2\/users\/4"}],"replies":[{"embeddable":true,"href":"https:\/\/www.24baires.com\/index.php?rest_route=%2Fwp%2Fv2%2Fcomments&post=16306"}],"version-history":[{"count":2,"href":"https:\/\/www.24baires.com\/index.php?rest_route=\/wp\/v2\/posts\/16306\/revisions"}],"predecessor-version":[{"id":16308,"href":"https:\/\/www.24baires.com\/index.php?rest_route=\/wp\/v2\/posts\/16306\/revisions\/16308"}],"wp:attachment":[{"href":"https:\/\/www.24baires.com\/index.php?rest_route=%2Fwp%2Fv2%2Fmedia&parent=16306"}],"wp:term":[{"taxonomy":"category","embeddable":true,"href":"https:\/\/www.24baires.com\/index.php?rest_route=%2Fwp%2Fv2%2Fcategories&post=16306"},{"taxonomy":"post_tag","embeddable":true,"href":"https:\/\/www.24baires.com\/index.php?rest_route=%2Fwp%2Fv2%2Ftags&post=16306"}],"curies":[{"name":"wp","href":"https:\/\/api.w.org\/{rel}","templated":true}]}}