{"id":1627,"date":"2012-10-10T15:00:55","date_gmt":"2012-10-10T18:00:55","guid":{"rendered":"http:\/\/www.24baires.com\/?p=1627"},"modified":"2012-10-10T15:00:55","modified_gmt":"2012-10-10T18:00:55","slug":"denuncian-que-empresa-privada-reemplaza-personal-de-seguridad-por-policias-bonaerenses","status":"publish","type":"post","link":"https:\/\/www.24baires.com\/?p=1627","title":{"rendered":"Denuncian que empresa privada reemplaza personal de seguridad por polic\u00edas bonaerenses"},"content":{"rendered":"<p>La senadora provincial de la Coalici\u00f3n C\u00edvica, Mar\u00eda Isabel Gainza, asegur\u00f3 que en las pr\u00f3ximas horas elevar\u00e1n un pedido de informes al Ejecutivo. \u201cLos polic\u00edas son servidores p\u00fablicos que est\u00e1n para dar seguridad a todos los bonaerenses y no a los bienes de una empresa. Queremos saber si Casal est\u00e1 al tanto de esta anomal\u00eda\u201d.<!--more--><\/p>\n<p>La senadora provincial, Mar\u00eda Isabel Gainza, asegur\u00f3 a esta agencia que \u201cesta situaci\u00f3n se detect\u00f3 en Canteras Argentinas S.A., ubicada en la localidad de Olavarr\u00eda, donde se ha reemplazado personal que ten\u00eda contratado de una agencia de seguridad privada por polic\u00eda de la bonaerense\u201d.<\/p>\n<p>Seg\u00fan detall\u00f3 Gainza, quien integra el bloque de la Coalici\u00f3n C\u00edvica (CC), se trata de una empresa que no produce cemento como lo son las que en alg\u00fan momento pertenecieron a la familia Fortabat, sino que producen cal o alg\u00fan tipo de molienda y que en Olavarr\u00eda, por la naturaleza geol\u00f3gica de su suelo, hay una gran cantidad funcionado.<\/p>\n<p>\u201cSi bien Canteras Argentinas en una empresa mediana, no puede estar la polic\u00eda custodiando bienes privados, dejando de lado la vida y la seguridad de los bonaerenses al descubierto\u201d, remarc\u00f3 la Senadora.<\/p>\n<p>Adem\u00e1s indic\u00f3 que \u201cel representante de los gremios de seguridad privada de esta empresa ha presentado una buena cantidad de reclamos al gobernador de la provincia de Buenos Aires, Daniel Scioli, pero hasta ahora no han recibido ni una respuesta\u201d.<\/p>\n<p>Para la senadora \u201cesta situaci\u00f3n es doblemente alarmante\u201d ya que \u201cpor un lado, los trabajadores est\u00e1n perdiendo una fuente de trabajo, y por otro se sigue distrayendo a la polic\u00eda que tiene que garantizar la seguridad p\u00fablica y no privada\u201d.<\/p>\n<p>\u201cQue se reemplace seguridad privada por polic\u00edas es preocupante por donde se lo mire, si tenemos en cuenta que adem\u00e1s se la est\u00e1 sustituyendo por mano de obra barata\u201d.<\/p>\n<p>Por este motivo, Gainza confirm\u00f3 que desde el bloque de la CC ya presentaron un proyecto de declaraci\u00f3n y en las pr\u00f3ximas horas estar\u00e1n elevando un pedido de informes al Ejecutivo provincial exigiendo una inmediata respuesta a esta situaci\u00f3n irregular.<\/p>\n<p>\u201cSobretodo queremos saber si el ministro de Justicia y Seguridad, Ricardo Casal, est\u00e1 al tanto de esta situaci\u00f3n. Si est\u00e1 de acuerdo con esta situaci\u00f3n, veremos c\u00f3mo seguimos, porque para nosotros es una situaci\u00f3n muy preocupante\u201d.<\/p>\n<p>Por \u00faltimo, subray\u00f3 que \u201ctambi\u00e9n queremos corroborar si esta situaci\u00f3n no se repite en otras empresas privadas de la provincia\u201d, ya que \u201cesto pone al descubierto una contradicci\u00f3n, si tenemos en cuenta que la Legislatura, a trav\u00e9s de todos los foros de seguridad, ha estado puntualizando en la necesidad de que la polic\u00eda no sea distra\u00edda de su fin principal, que es la prevenci\u00f3n\u201d.<\/p>\n<p>\u201cEntonces, por un lado, se viene realizando un enorme esfuerzo como ha sido el de llevar adelante todos lo foros, buscar los consensos hasta \u00faltimo momento dentro de las sesiones para lograr un proyecto por unanimidad que cuente con la fuerza pol\u00edtica necesaria de todos los bloques que integran el Senado, y por otro lado, damos cuenta de este tipo de situaciones, lo cual es inentendible\u201d, concluy\u00f3 Gainza.<\/p>\n","protected":false},"excerpt":{"rendered":"<p>La senadora provincial de la Coalici\u00f3n C\u00edvica, Mar\u00eda Isabel Gainza, asegur\u00f3 que en las pr\u00f3ximas horas elevar\u00e1n un pedido de informes al Ejecutivo. \u201cLos polic\u00edas son servidores p\u00fablicos que est\u00e1n para dar seguridad a todos los bonaerenses y no a los bienes de una empresa. Queremos saber si Casal est\u00e1 al tanto de esta anomal\u00eda\u201d.<\/p>\n","protected":false},"author":4,"featured_media":0,"comment_status":"open","ping_status":"open","sticky":false,"template":"","format":"standard","meta":{"_jetpack_newsletter_access":"","_jetpack_dont_email_post_to_subs":false,"_jetpack_newsletter_tier_id":0,"_jetpack_memberships_contains_paywalled_content":false,"_jetpack_memberships_contains_paid_content":false,"footnotes":""},"categories":[1],"tags":[],"class_list":["post-1627","post","type-post","status-publish","format-standard","hentry","category-sociedad"],"jetpack_featured_media_url":"","jetpack_shortlink":"https:\/\/wp.me\/p2JWE0-qf","jetpack-related-posts":[{"id":14906,"url":"https:\/\/www.24baires.com\/?p=14906","url_meta":{"origin":1627,"position":0},"title":"La Senadora Gainza alert\u00f3 al Ejecutivo sobre el deplorable estado de las rutas bonaerenses","author":"AF","date":"07\/02\/2013","format":false,"excerpt":"La senadora de la 7ma secci\u00f3n electoral, Mar\u00eda Isabel Gainza, dio a conocer un parte de prensa, donde se\u00f1ala que \"en los \u00faltimos dos a\u00f1os present\u00f3 13 proyectos alertando al Ejecutivo bonaerense sobre el estado deplorable de las rutas 60, 65, 51, 76, 46\". Mientras el gobierno de Daniel Scioli\u2026","rel":"","context":"En \u00abProvincia\u00bb","block_context":{"text":"Provincia","link":"https:\/\/www.24baires.com\/?cat=40"},"img":{"alt_text":"ruta 2","src":"https:\/\/i0.wp.com\/www.24baires.com\/wp-content\/uploads\/2012\/12\/ruta-2-300x168.jpg?resize=350%2C200","width":350,"height":200},"classes":[]},{"id":16127,"url":"https:\/\/www.24baires.com\/?p=16127","url_meta":{"origin":1627,"position":1},"title":"Presentan proyecto para crear una materia escolar sobre la violencia de g\u00e9nero","author":"AF","date":"19\/02\/2013","format":false,"excerpt":"Un proyecto de ley impulsado en el Senado bonaerense busca que los estudiantes de las escuelas del distrito cursen una materia destinada a prevenir la violencia de g\u00e9nero. La iniciativa de la senadora provincial Mar\u00eda Isabel (Coalici\u00f3n C\u00edvica) Gainza, incorpora al dise\u00f1o curricular del sistema educativo bonaerense, con car\u00e1cter obligatorio\u2026","rel":"","context":"En \u00abSociedad\u00bb","block_context":{"text":"Sociedad","link":"https:\/\/www.24baires.com\/?cat=1"},"img":{"alt_text":"clase","src":"https:\/\/i0.wp.com\/www.24baires.com\/wp-content\/uploads\/2013\/02\/clase-300x198.jpg?resize=350%2C200","width":350,"height":200},"classes":[]},{"id":429,"url":"https:\/\/www.24baires.com\/?p=429","url_meta":{"origin":1627,"position":2},"title":"Ahora Casal dice que investigar\u00e1 a los polic\u00edas involucrados en el crimen de Candela","author":"Grupo Sierra","date":"25\/09\/2012","format":false,"excerpt":"El ministro de Justicia y Seguridad inform\u00f3 que intervendr\u00e1 Asuntos Internos para \"iniciar los sumarios e investigaciones sumariales a cada uno de los funcionarios sindicados\u201d en el informe de la Comisi\u00f3n Candela del Senado, incluido el jefe de la Bonaerense, Hugo Matzkin. Aunque el gobernador Daniel Scioli sigue sin pronunciarse\u2026","rel":"","context":"En \u00abProvincia\u00bb","block_context":{"text":"Provincia","link":"https:\/\/www.24baires.com\/?cat=40"},"img":{"alt_text":"","src":"https:\/\/i0.wp.com\/www.24baires.com\/wp-content\/uploads\/2012\/09\/casal-ricardo.jpg?resize=350%2C200","width":350,"height":200,"srcset":"https:\/\/i0.wp.com\/www.24baires.com\/wp-content\/uploads\/2012\/09\/casal-ricardo.jpg?resize=350%2C200 1x, https:\/\/i0.wp.com\/www.24baires.com\/wp-content\/uploads\/2012\/09\/casal-ricardo.jpg?resize=525%2C300 1.5x"},"classes":[]},{"id":8134,"url":"https:\/\/www.24baires.com\/?p=8134","url_meta":{"origin":1627,"position":3},"title":"Proponen declarar la emergencia del servicio alimentario escolar","author":"AF","date":"06\/12\/2012","format":false,"excerpt":"La iniciativa es impulsada por la senadora bonaerense Mar\u00eda Isabel Gainza frente a la situaci\u00f3n de los proveedores de los comedores escolares, quienes amenazaron con cortar el servicio por la elevada deuda que mantiene la provincia de Buenos Aires. A trav\u00e9s de un proyecto de ley, la legisladora de la\u2026","rel":"","context":"En \u00abSociedad\u00bb","block_context":{"text":"Sociedad","link":"https:\/\/www.24baires.com\/?cat=1"},"img":{"alt_text":"","src":"","width":0,"height":0},"classes":[]},{"id":22082,"url":"https:\/\/www.24baires.com\/?p=22082","url_meta":{"origin":1627,"position":4},"title":"Casi sin pruebas Casal quiere cerrar el caso del testigo muerto del Caso Candela","author":"Grupo Sierra","date":"28\/04\/2013","format":false,"excerpt":"Su subsecretario de Pol\u00edtica Criminal, C\u00e9sar Albarrac\u00edn, dio el primer paso en ese sentido al descartar de plano que la muerte del testigo del caso Candela \u201cse haya tratado de un homicidio\". Dos de los legisladores que investigar\u00e1n el hecho desde el Senado coincidieron en que es \u201cmuy apresurado\u201d aventurar\u2026","rel":"","context":"En \u00abProvincia\u00bb","block_context":{"text":"Provincia","link":"https:\/\/www.24baires.com\/?cat=40"},"img":{"alt_text":"CASAL 24 BAIRES small","src":"https:\/\/i0.wp.com\/www.24baires.com\/wp-content\/uploads\/2012\/12\/CASAL-24-BAIRES-small.jpg?resize=350%2C200","width":350,"height":200,"srcset":"https:\/\/i0.wp.com\/www.24baires.com\/wp-content\/uploads\/2012\/12\/CASAL-24-BAIRES-small.jpg?resize=350%2C200 1x, https:\/\/i0.wp.com\/www.24baires.com\/wp-content\/uploads\/2012\/12\/CASAL-24-BAIRES-small.jpg?resize=525%2C300 1.5x"},"classes":[]},{"id":22189,"url":"https:\/\/www.24baires.com\/?p=22189","url_meta":{"origin":1627,"position":5},"title":"\u00abNi el Ejecutivo ni el Judicial tuvieron en cuenta las recomendaciones de la Comisi\u00f3n Candela\u00bb","author":"AF","date":"29\/04\/2013","format":false,"excerpt":"Lo dijo la senadora Mar\u00eda Isabel Gainza, quien integra la Comisi\u00f3n Candela del Senado bonaerense que ma\u00f1ana a las 14 volver\u00e1 reunirse tras la sospechosa muerte del testigo Roberto An\u00edbal. En ese sentido, calific\u00f3 el hecho como \u201cmuy grave\u201d y asegur\u00f3 que el hombre \u201cfue muy claro en su denuncia\u2026","rel":"","context":"En \u00abSociedad\u00bb","block_context":{"text":"Sociedad","link":"https:\/\/www.24baires.com\/?cat=1"},"img":{"alt_text":"candela 2","src":"https:\/\/i0.wp.com\/www.24baires.com\/wp-content\/uploads\/2013\/04\/candela-2-300x187.jpg?resize=350%2C200","width":350,"height":200},"classes":[]}],"jetpack_sharing_enabled":true,"jetpack_likes_enabled":true,"_links":{"self":[{"href":"https:\/\/www.24baires.com\/index.php?rest_route=\/wp\/v2\/posts\/1627","targetHints":{"allow":["GET"]}}],"collection":[{"href":"https:\/\/www.24baires.com\/index.php?rest_route=\/wp\/v2\/posts"}],"about":[{"href":"https:\/\/www.24baires.com\/index.php?rest_route=\/wp\/v2\/types\/post"}],"author":[{"embeddable":true,"href":"https:\/\/www.24baires.com\/index.php?rest_route=\/wp\/v2\/users\/4"}],"replies":[{"embeddable":true,"href":"https:\/\/www.24baires.com\/index.php?rest_route=%2Fwp%2Fv2%2Fcomments&post=1627"}],"version-history":[{"count":1,"href":"https:\/\/www.24baires.com\/index.php?rest_route=\/wp\/v2\/posts\/1627\/revisions"}],"predecessor-version":[{"id":9062,"href":"https:\/\/www.24baires.com\/index.php?rest_route=\/wp\/v2\/posts\/1627\/revisions\/9062"}],"wp:attachment":[{"href":"https:\/\/www.24baires.com\/index.php?rest_route=%2Fwp%2Fv2%2Fmedia&parent=1627"}],"wp:term":[{"taxonomy":"category","embeddable":true,"href":"https:\/\/www.24baires.com\/index.php?rest_route=%2Fwp%2Fv2%2Fcategories&post=1627"},{"taxonomy":"post_tag","embeddable":true,"href":"https:\/\/www.24baires.com\/index.php?rest_route=%2Fwp%2Fv2%2Ftags&post=1627"}],"curies":[{"name":"wp","href":"https:\/\/api.w.org\/{rel}","templated":true}]}}