{"id":16257,"date":"2013-02-21T11:30:38","date_gmt":"2013-02-21T14:30:38","guid":{"rendered":"http:\/\/www.24baires.com\/?p=16257"},"modified":"2013-02-21T11:30:38","modified_gmt":"2013-02-21T14:30:38","slug":"los-companeros-de-trabajo-del-hijo-de-aliverti-se-solidarizaron-con-la-familia-de-la-victima","status":"publish","type":"post","link":"https:\/\/www.24baires.com\/?p=16257","title":{"rendered":"Los compa\u00f1eros de trabajo del hijo de Aliverti se solidarizaron con la familia de la v\u00edctima"},"content":{"rendered":"<p><img data-recalc-dims=\"1\" loading=\"lazy\" decoding=\"async\" class=\"alignleft size-medium wp-image-16258\" alt=\"aliverti peugeot\" src=\"https:\/\/i0.wp.com\/www.24baires.com\/wp-content\/uploads\/2013\/02\/aliverti-peugeot.jpg?resize=300%2C200\" width=\"300\" height=\"200\" srcset=\"https:\/\/i0.wp.com\/www.24baires.com\/wp-content\/uploads\/2013\/02\/aliverti-peugeot.jpg?resize=300%2C200&amp;ssl=1 300w, https:\/\/i0.wp.com\/www.24baires.com\/wp-content\/uploads\/2013\/02\/aliverti-peugeot.jpg?w=320&amp;ssl=1 320w\" sizes=\"auto, (max-width: 300px) 100vw, 300px\" \/>El equipo del programa \u00abUno Nunca Sabe\u00bb de radio AM750, en el cual trabaja Pablo Garc\u00eda, el joven que atropell\u00f3 a un hombre al que llev\u00f3 17 kil\u00f3metros en su auto por la Panamericana, manifest\u00f3 estar \u00abconmocionado\u00bb por el hecho. Como se sabe Garc\u00eda es hijo del\u00a0periodista radial Eduardo Aliverti.\u00a0<!--more--><\/p>\n<p>&nbsp;<\/p>\n<p>&nbsp;<\/p>\n<p>\u00abPablo Garc\u00eda es nuestro compa\u00f1ero de trabajo y quien est\u00e1 acusado de homicidio culposo por la muerte de un hombre que viajaba en bicicleta en la autopista Panamericana, el domingo de madrugada\u00bb, comienza el comunicado que fue publicado esta ma\u00f1ana en el muro de la cuenta oficial de la radio en Facebook.<\/p>\n<p>Adem\u00e1s, se\u00f1ala: \u00abLo decimos con todas las letras, porque en esto no hay eufemismo que valga un hombre muri\u00f3, con todo el drama y dolor que esta noticia lleva a su familia por eso y ante todo nuestra solidaridad con quienes hoy lamentan la muerte de Reinaldo Rodas\u00bb.<\/p>\n<p>Los compa\u00f1eros de trabajo de Garc\u00eda explicaron que es dif\u00edcil \u00abpararse frente a estas situaciones. Hay un lugar obvio, evidente, criterioso: pedir a la justicia que intervenga con celeridad y contundencia para definir responsabilidades\u00bb.<\/p>\n<p>Aunque luego agregaron que \u00abhay otras cuestiones no tan sencillas o claras, las emocionales, las afectivas, y en esa zona, este equipo de trabajo da cuenta de la conmoci\u00f3n que atraviesa\u00bb.<\/p>\n<p>\u00abPara todos nosotros es un momento de mucho dolor porque una persona muri\u00f3 y porque otra, a la que conocemos, se cag\u00f3 la vida. Dicho esto, la Justicia. Y por favor, como dijo de modo contundente en su profundo dolor Eduardo Aliverti, el pap\u00e1 de Pablo, ayer en el muro de Marca de Radio en Facebook, `a los especuladores de siempre no les demos cabida`\u00bb<\/p>\n<p>&nbsp;<\/p>\n<p>&nbsp;<\/p>\n<p>&nbsp;<\/p>\n<p>&nbsp;<\/p>\n<p>&nbsp;<\/p>\n<p>&nbsp;<\/p>\n<p>&nbsp;<\/p>\n<p>&nbsp;<\/p>\n<p>&nbsp;<\/p>\n<p>&nbsp;<\/p>\n<p>&nbsp;<\/p>\n","protected":false},"excerpt":{"rendered":"<p>El equipo del programa \u00abUno Nunca Sabe\u00bb de radio AM750, en el cual trabaja Pablo Garc\u00eda, el joven que atropell\u00f3 a un hombre al que llev\u00f3 17 kil\u00f3metros en su auto por la Panamericana, manifest\u00f3 estar \u00abconmocionado\u00bb por el hecho. Como se sabe Garc\u00eda es hijo del\u00a0periodista radial Eduardo Aliverti.\u00a0<\/p>\n","protected":false},"author":11,"featured_media":0,"comment_status":"open","ping_status":"open","sticky":false,"template":"","format":"standard","meta":{"_jetpack_newsletter_access":"","_jetpack_dont_email_post_to_subs":false,"_jetpack_newsletter_tier_id":0,"_jetpack_memberships_contains_paywalled_content":false,"_jetpack_memberships_contains_paid_content":false,"footnotes":""},"categories":[54,49],"tags":[],"class_list":["post-16257","post","type-post","status-publish","format-standard","hentry","category-medios","category-policiales"],"jetpack_featured_media_url":"","jetpack_shortlink":"https:\/\/wp.me\/p2JWE0-4ed","jetpack-related-posts":[{"id":16211,"url":"https:\/\/www.24baires.com\/?p=16211","url_meta":{"origin":16257,"position":0},"title":"Aliverti reconoci\u00f3 que el conductor que mat\u00f3 y llev\u00f3 en su auto a un ciclista es su hijo","author":"AF","date":"20\/02\/2013","format":false,"excerpt":"El periodista radial Eduardo Aliverti reconoci\u00f3 que Pablo Garc\u00eda, el conductor que atropell\u00f3 y mat\u00f3 a un ciclista sobre la Panamericana y luego lo traslad\u00f3 durante 17 kil\u00f3metros sobre su autom\u00f3vil, es su hijo. En un escrito que public\u00f3 en la cuenta de Facebook de su programa \"Marca de Radio\"\u2026","rel":"","context":"En \u00abPoliciales\u00bb","block_context":{"text":"Policiales","link":"https:\/\/www.24baires.com\/?cat=49"},"img":{"alt_text":"","src":"","width":0,"height":0},"classes":[]},{"id":17194,"url":"https:\/\/www.24baires.com\/?p=17194","url_meta":{"origin":16257,"position":1},"title":"Aliverti pidi\u00f3 \u00abQue no se agregue dolor, que se haga estricta justicia\u00bb","author":"AF","date":"02\/03\/2013","format":false,"excerpt":"As\u00ed lo manifest\u00f3 el periodista Eduardo Aliverti, que volvi\u00f3 a conducir su programa radial, luego del accidente que protagoniz\u00f3 su hijo alcoholizado en la autopista Panamericana. El periodista Eduardo Aliverti volvi\u00f3 a la radio, luego de que la semana pasada decidiera no salir al aire, sino dejar un comunicado grabado\u2026","rel":"","context":"En \u00abSociedad\u00bb","block_context":{"text":"Sociedad","link":"https:\/\/www.24baires.com\/?cat=1"},"img":{"alt_text":"aliverti garc\u00eda","src":"https:\/\/i0.wp.com\/www.24baires.com\/wp-content\/uploads\/2013\/03\/aliverti-garc%C3%ADa.jpg?resize=350%2C200","width":350,"height":200,"srcset":"https:\/\/i0.wp.com\/www.24baires.com\/wp-content\/uploads\/2013\/03\/aliverti-garc%C3%ADa.jpg?resize=350%2C200 1x, https:\/\/i0.wp.com\/www.24baires.com\/wp-content\/uploads\/2013\/03\/aliverti-garc%C3%ADa.jpg?resize=525%2C300 1.5x"},"classes":[]},{"id":16506,"url":"https:\/\/www.24baires.com\/?p=16506","url_meta":{"origin":16257,"position":2},"title":"Aliverti no hizo hoy su programa y asegur\u00f3 grabado que \u00abes el peor momento de mi vida\u00bb","author":"Grupo Sierra","date":"23\/02\/2013","format":false,"excerpt":"El periodista y locutor Eduardo Aliverti, \u00a0no concurri\u00f3 hoy al programa que conduce los s\u00e1bados por radio La Red y, a trav\u00e9s de un mensaje grabado se refiri\u00f3 al accidente automovil\u00edstico que protagoniz\u00f3 su hijo, Pablo Garc\u00eda, el domingo pasado. \"Me ayudaron a pensar los que me quieren si deb\u00eda\u2026","rel":"","context":"En \u00abMedios\u00bb","block_context":{"text":"Medios","link":"https:\/\/www.24baires.com\/?cat=54"},"img":{"alt_text":"","src":"","width":0,"height":0},"classes":[]},{"id":21251,"url":"https:\/\/www.24baires.com\/?p=21251","url_meta":{"origin":16257,"position":3},"title":"Piden casi un mill\u00f3n y medio de pesos al hijo de Aliverti por la muerte del vigilador","author":"AF","date":"17\/04\/2013","format":false,"excerpt":"El pedido fue formalizado en una audiencia de mediaci\u00f3n realizada esta ma\u00f1ana, a la que no asisti\u00f3 Pablo Garc\u00eda Aliverti, quien est\u00e1 acusado de atropellar y matar a Reinaldo Rodas, el 17 de febrero pasado, cuando iba en bicicleta a su trabajo por la ruta Panamericana. El abogado de la\u2026","rel":"","context":"En \u00abPoliciales\u00bb","block_context":{"text":"Policiales","link":"https:\/\/www.24baires.com\/?cat=49"},"img":{"alt_text":"","src":"","width":0,"height":0},"classes":[]},{"id":41468,"url":"https:\/\/www.24baires.com\/?p=41468","url_meta":{"origin":16257,"position":4},"title":"Recrean el pol\u00e9mico accidente de Pablo Garc\u00eda Aliverti","author":"Grupo Sierra","date":"03\/03\/2014","format":false,"excerpt":"Este viernes se realizar\u00e1 la reconstrucci\u00f3n del hecho por el que muri\u00f3 el vigilador Reinaldo Rodas. Tendr\u00e1 car\u00e1cter de indagatoria y es un paso previo a la elevaci\u00f3n a juicio de la causa. Para el proceso se cortar\u00e1n dos carriles en el kil\u00f3metro 52 de la autopista Panamericana, a la\u2026","rel":"","context":"En \u00abJUDICIALES\u00bb","block_context":{"text":"JUDICIALES","link":"https:\/\/www.24baires.com\/?cat=68"},"img":{"alt_text":"aliverti peugeot","src":"https:\/\/i0.wp.com\/www.24baires.com\/wp-content\/uploads\/2013\/02\/aliverti-peugeot-300x200.jpg?resize=350%2C200","width":350,"height":200},"classes":[]},{"id":21914,"url":"https:\/\/www.24baires.com\/?p=21914","url_meta":{"origin":16257,"position":5},"title":"El hijo de Aliverti declara en indagatoria la semana pr\u00f3xima","author":"Grupo Sierra","date":"25\/04\/2013","format":false,"excerpt":"PILAR.- El locutor Pablo Garc\u00eda \u2013hijo del periodista Eduardo Aliverti- fue citado a declaraci\u00f3n indagatoria para el 2 de mayo pr\u00f3ximo en el marco de la causa en la que est\u00e1 acusado de haber atropellado y matado a un vigilador privado, hace dos meses, en la autopista Panamericana. El locutor\u2026","rel":"","context":"En \u00abPoliciales\u00bb","block_context":{"text":"Policiales","link":"https:\/\/www.24baires.com\/?cat=49"},"img":{"alt_text":"","src":"","width":0,"height":0},"classes":[]}],"jetpack_sharing_enabled":true,"jetpack_likes_enabled":true,"_links":{"self":[{"href":"https:\/\/www.24baires.com\/index.php?rest_route=\/wp\/v2\/posts\/16257","targetHints":{"allow":["GET"]}}],"collection":[{"href":"https:\/\/www.24baires.com\/index.php?rest_route=\/wp\/v2\/posts"}],"about":[{"href":"https:\/\/www.24baires.com\/index.php?rest_route=\/wp\/v2\/types\/post"}],"author":[{"embeddable":true,"href":"https:\/\/www.24baires.com\/index.php?rest_route=\/wp\/v2\/users\/11"}],"replies":[{"embeddable":true,"href":"https:\/\/www.24baires.com\/index.php?rest_route=%2Fwp%2Fv2%2Fcomments&post=16257"}],"version-history":[{"count":4,"href":"https:\/\/www.24baires.com\/index.php?rest_route=\/wp\/v2\/posts\/16257\/revisions"}],"predecessor-version":[{"id":16262,"href":"https:\/\/www.24baires.com\/index.php?rest_route=\/wp\/v2\/posts\/16257\/revisions\/16262"}],"wp:attachment":[{"href":"https:\/\/www.24baires.com\/index.php?rest_route=%2Fwp%2Fv2%2Fmedia&parent=16257"}],"wp:term":[{"taxonomy":"category","embeddable":true,"href":"https:\/\/www.24baires.com\/index.php?rest_route=%2Fwp%2Fv2%2Fcategories&post=16257"},{"taxonomy":"post_tag","embeddable":true,"href":"https:\/\/www.24baires.com\/index.php?rest_route=%2Fwp%2Fv2%2Ftags&post=16257"}],"curies":[{"name":"wp","href":"https:\/\/api.w.org\/{rel}","templated":true}]}}