{"id":1624,"date":"2012-10-10T14:45:08","date_gmt":"2012-10-10T17:45:08","guid":{"rendered":"http:\/\/www.24baires.com\/?p=1624"},"modified":"2012-10-10T14:45:08","modified_gmt":"2012-10-10T17:45:08","slug":"planean-colocar-senalizacion-en-braille-en-el-centro-de-la-plata","status":"publish","type":"post","link":"https:\/\/www.24baires.com\/?p=1624","title":{"rendered":"Planean colocar se\u00f1alizaci\u00f3n en braille en el centro de La Plata"},"content":{"rendered":"<p><img data-recalc-dims=\"1\" loading=\"lazy\" decoding=\"async\" class=\"alignleft size-full wp-image-1625\" title=\"braille\" src=\"https:\/\/i0.wp.com\/www.24baires.com\/wp-content\/uploads\/2012\/10\/braille.png?resize=250%2C175\" alt=\"\" width=\"250\" height=\"175\" \/>El Presidente del Concejo Deliberante de La Plata mantuvo una reuni\u00f3n de trabajo con el titular de la Biblioteca Braille de la provincia de Buenos Aires para presentarle los alcances del nuevo proyecto ordenanza que fuera presentado d\u00edas atr\u00e1s en el legislativo local.<!--more--><\/p>\n<p>La iniciativa propone implementar un sistema de se\u00f1alizaci\u00f3n en braille para las esquinas, paradas de \u00f3mnibus, taxis y plazas que se encuentran ubicadas dentro de la zona que abarca la calle 1 hasta la 19, desde 44 a 60 de la ciudad de La Plata.<\/p>\n<p>En el proyecto se apunta que esta implementaci\u00f3n se llevar\u00eda adelante en este primer cord\u00f3n teniendo en cuenta que se trata del radio que \u201cconcentra la mayor cantidad de edificios de la administraci\u00f3n p\u00fablica de la naci\u00f3n, provincia y ciudad; donde circulan la mayor cantidad de medios de transporte de pasajeros y se ubican los centros comerciales y espacios recreativos\u201d.<\/p>\n<p>Al respecto, Marcelo Calvo, brind\u00f3 algunas consideraciones al tiempo que valor\u00f3 la convocatoria. Seg\u00fan explic\u00f3 el funcionario a cargo de la Biblioteca Braille, en caso de que el proyecto avance debe ser muy preciso la indicaci\u00f3n de d\u00f3nde se van a ubicar las carteles.<\/p>\n<p>En este sentido explic\u00f3 que \u201chay que tener en cuenta que hay veredas donde la se\u00f1alizaci\u00f3n est\u00e1 ubicada en una sola esquina, entonces no es cuesti\u00f3n de implementar algo que despu\u00e9s no sirva, y que, en definitiva, uno termine perdiendo tiempo en la b\u00fasqueda del cartel\u201d.<\/p>\n<p>Al cierre del encuentro, Pacharotti propuso realizar una revisi\u00f3n conjunta de las \u00faltimas iniciativas presentadas vinculadas a los no videntes. Finalmente, el Presidente del Concejo valor\u00f3 \u201cse trat\u00f3 de una reuni\u00f3n muy positiva que nos permite repensar y mejorar el proyecto de ordenanza mientras se trabaja en las comisiones que ya lo est\u00e1n estudiando\u201d.<\/p>\n","protected":false},"excerpt":{"rendered":"<p>El Presidente del Concejo Deliberante de La Plata mantuvo una reuni\u00f3n de trabajo con el titular de la Biblioteca Braille de la provincia de Buenos Aires para presentarle los alcances del nuevo proyecto ordenanza que fuera presentado d\u00edas atr\u00e1s en el legislativo local.<\/p>\n","protected":false},"author":4,"featured_media":0,"comment_status":"open","ping_status":"open","sticky":false,"template":"","format":"standard","meta":{"_jetpack_newsletter_access":"","_jetpack_dont_email_post_to_subs":false,"_jetpack_newsletter_tier_id":0,"_jetpack_memberships_contains_paywalled_content":false,"_jetpack_memberships_contains_paid_content":false,"footnotes":""},"categories":[1],"tags":[],"class_list":["post-1624","post","type-post","status-publish","format-standard","hentry","category-sociedad"],"jetpack_featured_media_url":"","jetpack_shortlink":"https:\/\/wp.me\/p2JWE0-qc","jetpack-related-posts":[{"id":55569,"url":"https:\/\/www.24baires.com\/?p=55569","url_meta":{"origin":1624,"position":0},"title":"La Plata: docentes de una escuela para ciegos crearon el primer Atlas en Braille del pa\u00eds","author":"GB","date":"17\/10\/2014","format":false,"excerpt":"Se trata de la Escuela Especial n\u00famero 515, ubicada en calle 495, entre Centenario y 14 bis, de la localidad de Gonnet, que lleva el nombre de Elina Tejerina de Walsh, esposa del periodista asesinado Rodolfo Walsh, ya que la mujer fue directora de ese establecimiento educativo. La instituci\u00f3n, fundada\u2026","rel":"","context":"En \u00abLocales\u00bb","block_context":{"text":"Locales","link":"https:\/\/www.24baires.com\/?cat=38"},"img":{"alt_text":"atlas en braile","src":"https:\/\/i0.wp.com\/www.24baires.com\/wp-content\/uploads\/2014\/10\/atlas-en-braile.jpg?resize=350%2C200","width":350,"height":200,"srcset":"https:\/\/i0.wp.com\/www.24baires.com\/wp-content\/uploads\/2014\/10\/atlas-en-braile.jpg?resize=350%2C200 1x, https:\/\/i0.wp.com\/www.24baires.com\/wp-content\/uploads\/2014\/10\/atlas-en-braile.jpg?resize=525%2C300 1.5x"},"classes":[]},{"id":46383,"url":"https:\/\/www.24baires.com\/?p=46383","url_meta":{"origin":1624,"position":1},"title":"Lanzan un smartphone con braile, para no videntes","author":"Grupo Sierra","date":"20\/05\/2014","format":false,"excerpt":"La compa\u00f1\u00eda brit\u00e1nica OwnFone present\u00f3 al mercado el primer tel\u00e9fono para ciegos, utilizando t\u00e9cnicas de impresi\u00f3n 3D que pueden ser personalizadas de acuerdo con las necesidades del usuario. El aparato, s\u00f3lo disponible en el Reino Unido, se vende con un costo que oscila los 100 d\u00f3lares, y seg\u00fan su inventor,\u2026","rel":"","context":"En \u00abTecnolog\u00eda\u00bb","block_context":{"text":"Tecnolog\u00eda","link":"https:\/\/www.24baires.com\/?cat=46"},"img":{"alt_text":"OwnFone braile","src":"https:\/\/i0.wp.com\/www.24baires.com\/wp-content\/uploads\/2014\/05\/OwnFone-braile.jpg?resize=350%2C200","width":350,"height":200},"classes":[]},{"id":5101,"url":"https:\/\/www.24baires.com\/?p=5101","url_meta":{"origin":1624,"position":2},"title":"Acuerdo entre la Defensor\u00eda y la Biblioteca Braile de la Provincia","author":"AF","date":"12\/11\/2012","format":false,"excerpt":"La Defensor\u00eda del Pueblo de la provincia Buenos Aires y la Biblioteca Braile bonaerense se comprometieron a trabajar de manera conjunta en el desarrollo de actividades para personas con discapacidad visual. El acuerdo, firmado por el director de la Biblioteca , Marcelo Calvo, y el ombudsman, Carlos Bonicatto, prev\u00e9 espec\u00edficamente\u2026","rel":"","context":"En \u00abSociedad\u00bb","block_context":{"text":"Sociedad","link":"https:\/\/www.24baires.com\/?cat=1"},"img":{"alt_text":"","src":"","width":0,"height":0},"classes":[]},{"id":34807,"url":"https:\/\/www.24baires.com\/?p=34807","url_meta":{"origin":1624,"position":3},"title":"\u201cLas ideas innovadoras son las que van a permitir seguir transformando a la Argentina\u201d","author":"GB","date":"07\/11\/2013","format":false,"excerpt":"El vicepresidente, Amado Boudou, le pidi\u00f3 a los j\u00f3venes \"no detenrse y seguir adelante con sus ideas\", al tiempo que defendi\u00f3 el rechazo al ALCA. Fue al inaugurar la biblioteca de la Universidad Nacional del Centro. La ceremonia se llev\u00f3 a cabo en la sede del campus universitario ubicado en\u2026","rel":"","context":"En \u00abPol\u00edtica\u00bb","block_context":{"text":"Pol\u00edtica","link":"https:\/\/www.24baires.com\/?cat=51"},"img":{"alt_text":"Boudu","src":"https:\/\/i0.wp.com\/www.24baires.com\/wp-content\/uploads\/2013\/10\/Boudu.jpg?resize=350%2C200","width":350,"height":200,"srcset":"https:\/\/i0.wp.com\/www.24baires.com\/wp-content\/uploads\/2013\/10\/Boudu.jpg?resize=350%2C200 1x, https:\/\/i0.wp.com\/www.24baires.com\/wp-content\/uploads\/2013\/10\/Boudu.jpg?resize=525%2C300 1.5x"},"classes":[]},{"id":94320,"url":"https:\/\/www.24baires.com\/?p=94320","url_meta":{"origin":1624,"position":4},"title":"\u201cTendremos Metrobus en Mar del Plata\u00bb, prometi\u00f3 Macri","author":"GB","date":"05\/05\/2017","format":false,"excerpt":"Lo asegur\u00f3 el presidente de la Naci\u00f3n durante un acto en el partido de La Matanza. \"Si nos podemos conectar vamos a crecer m\u00e1s r\u00e1pido\", dijo El presidente de la Naci\u00f3n, Mauricio Macri, adelant\u00f3 que la ciudad tendr\u00e1 su metrobus: \u201cTendremos Metrobus en Mar del Plata\u201c, dijo en un acto\u2026","rel":"","context":"En \u00abPol\u00edtica\u00bb","block_context":{"text":"Pol\u00edtica","link":"https:\/\/www.24baires.com\/?cat=51"},"img":{"alt_text":"","src":"https:\/\/i0.wp.com\/www.24baires.com\/wp-content\/uploads\/2017\/04\/macri-vidal.jpg?resize=350%2C200","width":350,"height":200,"srcset":"https:\/\/i0.wp.com\/www.24baires.com\/wp-content\/uploads\/2017\/04\/macri-vidal.jpg?resize=350%2C200 1x, https:\/\/i0.wp.com\/www.24baires.com\/wp-content\/uploads\/2017\/04\/macri-vidal.jpg?resize=525%2C300 1.5x"},"classes":[]},{"id":38336,"url":"https:\/\/www.24baires.com\/?p=38336","url_meta":{"origin":1624,"position":5},"title":"Denuncian falta de se\u00f1alizaci\u00f3n en la ruta 2 y piden anular multas","author":"Grupo Sierra","date":"11\/01\/2014","format":false,"excerpt":"A trav\u00e9s de un proyecto de ley, el diputado provincial Pablo Far\u00edas (GEN-FAP) advirti\u00f3 que entre el kil\u00f3metro 394 y el 397 \u201cno existe la presencia de carteler\u00eda alguna que informe y advierta al conductor de la existencia de un radar fiscalizador de velocidad\u201d. Un diputado provincial pidi\u00f3 que se\u2026","rel":"","context":"En \u00abProvincia\u00bb","block_context":{"text":"Provincia","link":"https:\/\/www.24baires.com\/?cat=40"},"img":{"alt_text":"","src":"","width":0,"height":0},"classes":[]}],"jetpack_sharing_enabled":true,"jetpack_likes_enabled":true,"_links":{"self":[{"href":"https:\/\/www.24baires.com\/index.php?rest_route=\/wp\/v2\/posts\/1624","targetHints":{"allow":["GET"]}}],"collection":[{"href":"https:\/\/www.24baires.com\/index.php?rest_route=\/wp\/v2\/posts"}],"about":[{"href":"https:\/\/www.24baires.com\/index.php?rest_route=\/wp\/v2\/types\/post"}],"author":[{"embeddable":true,"href":"https:\/\/www.24baires.com\/index.php?rest_route=\/wp\/v2\/users\/4"}],"replies":[{"embeddable":true,"href":"https:\/\/www.24baires.com\/index.php?rest_route=%2Fwp%2Fv2%2Fcomments&post=1624"}],"version-history":[{"count":0,"href":"https:\/\/www.24baires.com\/index.php?rest_route=\/wp\/v2\/posts\/1624\/revisions"}],"wp:attachment":[{"href":"https:\/\/www.24baires.com\/index.php?rest_route=%2Fwp%2Fv2%2Fmedia&parent=1624"}],"wp:term":[{"taxonomy":"category","embeddable":true,"href":"https:\/\/www.24baires.com\/index.php?rest_route=%2Fwp%2Fv2%2Fcategories&post=1624"},{"taxonomy":"post_tag","embeddable":true,"href":"https:\/\/www.24baires.com\/index.php?rest_route=%2Fwp%2Fv2%2Ftags&post=1624"}],"curies":[{"name":"wp","href":"https:\/\/api.w.org\/{rel}","templated":true}]}}