{"id":16239,"date":"2013-02-20T18:30:17","date_gmt":"2013-02-20T21:30:17","guid":{"rendered":"http:\/\/www.24baires.com\/?p=16239"},"modified":"2013-02-20T18:27:19","modified_gmt":"2013-02-20T21:27:19","slug":"piden-a-docentes-tiempo-y-paciencia-para-evitar-posibles-paros","status":"publish","type":"post","link":"https:\/\/www.24baires.com\/?p=16239","title":{"rendered":"Piden a docentes \u00abtiempo y paciencia\u00bb para evitar posibles paros"},"content":{"rendered":"<div>El gobierno bonaerense convoc\u00f3 para este jueves a los docentes y al resto de los gremios estatales para avanzar en esas respectivas negociaciones salariales. No obstante, seg\u00fan precisaron voceros gubernamentales, desde el Ejecutivo solicitar\u00e1n \u00abtiempo\u00bb a los representantes gremiales y que no llamen a paros la semana pr\u00f3xima.<!--more--><\/div>\n<div><\/div>\n<div>En ese sentido, voceros del gobierno de Daniel Scioli afirmaron que ma\u00f1ana por la tarde la directora general de Escuelas, Nora de Lucia, y su par de Trabajo, Oscar Cuartango, se reunir\u00e1n con los representantes gremiales.<\/div>\n<div><\/div>\n<div>\u00abNo ser\u00e1n reuniones de paritaria\u00bb, precisaron y reconocieron que los funcionarios provinciales pedir\u00e1n a los sindicatos \u00abtiempo y paciencia\u00bb porque \u00abtodav\u00eda se est\u00e1 trabajando para mejorar la oferta salarial\u00bb, en una convocatoria realizada tambi\u00e9n al resto de los gremios estatales.<\/div>\n<div><\/div>\n<div>Seg\u00fan el gobierno, para negociar hay tiempo hasta el 15 de marzo, fecha l\u00edmite para liquidar los sueldos correspondientes a ese mes.<\/div>\n<div><\/div>\n<div>Sin embargo, los sindicatos sostienen que el acuerdo se debe definir antes del viernes o de lo contrario aprobar\u00e1n medidas de fuerza.<\/div>\n<div><\/div>\n<div><\/div>\n<div><\/div>\n<div><\/div>\n<div><\/div>\n<div><\/div>\n<div><\/div>\n<div><\/div>\n<div><\/div>\n<div><\/div>\n<div><\/div>\n<div><\/div>\n<div><\/div>\n<div><\/div>\n<div><\/div>\n<div><\/div>\n<div><\/div>\n<div><\/div>\n<div><\/div>\n<div><\/div>\n<div><\/div>\n","protected":false},"excerpt":{"rendered":"<p>El gobierno bonaerense convoc\u00f3 para este jueves a los docentes y al resto de los gremios estatales para avanzar en esas respectivas negociaciones salariales. No obstante, seg\u00fan precisaron voceros gubernamentales, desde el Ejecutivo solicitar\u00e1n \u00abtiempo\u00bb a los representantes gremiales y que no llamen a paros la semana pr\u00f3xima.<\/p>\n","protected":false},"author":4,"featured_media":0,"comment_status":"open","ping_status":"open","sticky":false,"template":"","format":"standard","meta":{"_jetpack_newsletter_access":"","_jetpack_dont_email_post_to_subs":false,"_jetpack_newsletter_tier_id":0,"_jetpack_memberships_contains_paywalled_content":false,"_jetpack_memberships_contains_paid_content":false,"footnotes":""},"categories":[1],"tags":[],"class_list":["post-16239","post","type-post","status-publish","format-standard","hentry","category-sociedad"],"jetpack_featured_media_url":"","jetpack_shortlink":"https:\/\/wp.me\/p2JWE0-4dV","jetpack-related-posts":[{"id":17509,"url":"https:\/\/www.24baires.com\/?p=17509","url_meta":{"origin":16239,"position":0},"title":"Scioli dijo que har\u00e1n \u00ablo posible\u00bb para alcanzar el 22% de aumento para Docentes","author":"AF","date":"05\/03\/2013","format":false,"excerpt":"El gobernador Daniel Scioli afirm\u00f3 este martes que su gobierno har\u00e1 \"lo posible para poder alcanzar el 22 por ciento\" fijado en el plano nacional para la paritaria docente y precis\u00f3 que la nueva propuesta a los representantes gremiales se concretar\u00e1 \"en la pr\u00f3xima reuni\u00f3n\". En ese sentido, el gobernador\u2026","rel":"","context":"En \u00abSociedad\u00bb","block_context":{"text":"Sociedad","link":"https:\/\/www.24baires.com\/?cat=1"},"img":{"alt_text":"","src":"","width":0,"height":0},"classes":[]},{"id":7390,"url":"https:\/\/www.24baires.com\/?p=7390","url_meta":{"origin":16239,"position":1},"title":"Udocba analiza hacer paro por tiempo indeterminado","author":"Grupo Sierra","date":"30\/11\/2012","format":false,"excerpt":"Lo anunci\u00f3 el titular de ese gremio, Miguel D\u00edaz, en reclamo a los salarios adeudados que \u201cen algunos casos llegan a casi un a\u00f1o\u201d. Advierten que presentar\u00e1n un amparo ante la justicia. El titular de la Uni\u00f3n de Docentes de la provincia de Buenos Aires (UDOCBA), Miguel D\u00edaz asegur\u00f3 a\u2026","rel":"","context":"En \u00abProvincia\u00bb","block_context":{"text":"Provincia","link":"https:\/\/www.24baires.com\/?cat=40"},"img":{"alt_text":"","src":"","width":0,"height":0},"classes":[]},{"id":94048,"url":"https:\/\/www.24baires.com\/?p=94048","url_meta":{"origin":16239,"position":2},"title":"A la espera de una nueva reuni\u00f3n con el Gobierno, docentes no descartan medidas de fuerza","author":"AF","date":"24\/04\/2017","format":false,"excerpt":"Los gremios docentes bonaerenses esperan por un nuevo llamado por parte del Ejecutivo provincial en el inicio de la semana que de no concretarse podr\u00eda derivar en la realizaci\u00f3n de nuevas medidas de fuerza. As\u00ed lo advirti\u00f3 Suteba, que mostr\u00f3 su inquietud por la falta de una convocatoria oficial para\u2026","rel":"","context":"En \u00abSociedad\u00bb","block_context":{"text":"Sociedad","link":"https:\/\/www.24baires.com\/?cat=1"},"img":{"alt_text":"","src":"https:\/\/i0.wp.com\/www.24baires.com\/wp-content\/uploads\/2017\/03\/baradel-marcha-federal.jpg?resize=350%2C200","width":350,"height":200,"srcset":"https:\/\/i0.wp.com\/www.24baires.com\/wp-content\/uploads\/2017\/03\/baradel-marcha-federal.jpg?resize=350%2C200 1x, https:\/\/i0.wp.com\/www.24baires.com\/wp-content\/uploads\/2017\/03\/baradel-marcha-federal.jpg?resize=525%2C300 1.5x"},"classes":[]},{"id":51248,"url":"https:\/\/www.24baires.com\/?p=51248","url_meta":{"origin":16239,"position":3},"title":"Docentes se re\u00fanen con el Gobierno","author":"AF","date":"06\/08\/2014","format":false,"excerpt":"Los gremios docentes bonaerenses, que llevaron adelante un paro de 48 horas en escuelas p\u00fablicas, se reunir\u00e1n este mi\u00e9rcoles con el Gobierno a la espera de \u201csoluciones concretas\u201d a sus reclamos, al tiempo que amenazaron con \u201cprofundizar\u201d las medidas de fuerza. El encuentro con los gremios est\u00e1 previsto para las\u2026","rel":"","context":"En \u00abSociedad\u00bb","block_context":{"text":"Sociedad","link":"https:\/\/www.24baires.com\/?cat=1"},"img":{"alt_text":"baradel denuncia inspectores","src":"https:\/\/i0.wp.com\/www.24baires.com\/wp-content\/uploads\/2013\/05\/baradel-denuncia-inspectores.jpg?resize=350%2C200","width":350,"height":200,"srcset":"https:\/\/i0.wp.com\/www.24baires.com\/wp-content\/uploads\/2013\/05\/baradel-denuncia-inspectores.jpg?resize=350%2C200 1x, https:\/\/i0.wp.com\/www.24baires.com\/wp-content\/uploads\/2013\/05\/baradel-denuncia-inspectores.jpg?resize=525%2C300 1.5x"},"classes":[]},{"id":93132,"url":"https:\/\/www.24baires.com\/?p=93132","url_meta":{"origin":16239,"position":4},"title":"Baradel asegura que si el Gobierno convoca a paritaria nacional, \u00abel conflicto se destraba\u00bb","author":"AF","date":"17\/03\/2017","format":false,"excerpt":"El secretario general de Suteba rechaz\u00f3 adem\u00e1s una ruptura en el frente gremial de maestros bonaerenses al asegurar que \"la respuesta fue la masiva movilizaci\u00f3n\" del jueves en La Plata frente a la gobernaci\u00f3n. El secretario general del Sindicato Unificado de Trabajadores de la Educaci\u00f3n de Buenos Aires (Suteba), Roberto\u2026","rel":"","context":"En \u00abSociedad\u00bb","block_context":{"text":"Sociedad","link":"https:\/\/www.24baires.com\/?cat=1"},"img":{"alt_text":"","src":"https:\/\/i0.wp.com\/www.24baires.com\/wp-content\/uploads\/2013\/05\/baradel-denuncia-inspectores.jpg?resize=350%2C200","width":350,"height":200,"srcset":"https:\/\/i0.wp.com\/www.24baires.com\/wp-content\/uploads\/2013\/05\/baradel-denuncia-inspectores.jpg?resize=350%2C200 1x, https:\/\/i0.wp.com\/www.24baires.com\/wp-content\/uploads\/2013\/05\/baradel-denuncia-inspectores.jpg?resize=525%2C300 1.5x"},"classes":[]},{"id":104904,"url":"https:\/\/www.24baires.com\/?p=104904","url_meta":{"origin":16239,"position":5},"title":"La Provincia pagar\u00e1 el aumento de 30 por ciento pese al rechazo gremial","author":"GB","date":"12\/10\/2018","format":false,"excerpt":"Lo confirm\u00f3 el ministro de Asuntos P\u00fablicos, Federico Su\u00e1rez. Destac\u00f3 la propuesta salarial del Gobierno y acus\u00f3 a los sindicatos de \"mentir\" sobre el presunto cierre de la paritaria. Villegas se sum\u00f3 a las cr\u00edticas y confirm\u00f3 que no habr\u00e1 cl\u00e1usula gatillo. Pese a que los gremios lo rechazaron en\u2026","rel":"","context":"En \u00abProvincia\u00bb","block_context":{"text":"Provincia","link":"https:\/\/www.24baires.com\/?cat=40"},"img":{"alt_text":"","src":"https:\/\/i0.wp.com\/www.24baires.com\/wp-content\/uploads\/2018\/04\/paro-docente-300x182.jpg?resize=350%2C200","width":350,"height":200},"classes":[]}],"jetpack_sharing_enabled":true,"jetpack_likes_enabled":true,"_links":{"self":[{"href":"https:\/\/www.24baires.com\/index.php?rest_route=\/wp\/v2\/posts\/16239","targetHints":{"allow":["GET"]}}],"collection":[{"href":"https:\/\/www.24baires.com\/index.php?rest_route=\/wp\/v2\/posts"}],"about":[{"href":"https:\/\/www.24baires.com\/index.php?rest_route=\/wp\/v2\/types\/post"}],"author":[{"embeddable":true,"href":"https:\/\/www.24baires.com\/index.php?rest_route=\/wp\/v2\/users\/4"}],"replies":[{"embeddable":true,"href":"https:\/\/www.24baires.com\/index.php?rest_route=%2Fwp%2Fv2%2Fcomments&post=16239"}],"version-history":[{"count":2,"href":"https:\/\/www.24baires.com\/index.php?rest_route=\/wp\/v2\/posts\/16239\/revisions"}],"predecessor-version":[{"id":16241,"href":"https:\/\/www.24baires.com\/index.php?rest_route=\/wp\/v2\/posts\/16239\/revisions\/16241"}],"wp:attachment":[{"href":"https:\/\/www.24baires.com\/index.php?rest_route=%2Fwp%2Fv2%2Fmedia&parent=16239"}],"wp:term":[{"taxonomy":"category","embeddable":true,"href":"https:\/\/www.24baires.com\/index.php?rest_route=%2Fwp%2Fv2%2Fcategories&post=16239"},{"taxonomy":"post_tag","embeddable":true,"href":"https:\/\/www.24baires.com\/index.php?rest_route=%2Fwp%2Fv2%2Ftags&post=16239"}],"curies":[{"name":"wp","href":"https:\/\/api.w.org\/{rel}","templated":true}]}}