{"id":1621,"date":"2012-10-10T12:05:16","date_gmt":"2012-10-10T15:05:16","guid":{"rendered":"http:\/\/www.24baires.com\/?p=1621"},"modified":"2012-10-10T12:05:16","modified_gmt":"2012-10-10T15:05:16","slug":"ley-de-medios-hay-sectores-que-quieren-desconocer-decisiones-democraticas","status":"publish","type":"post","link":"https:\/\/www.24baires.com\/?p=1621","title":{"rendered":"Ley de Medios: \u00abHay sectores que quieren desconocer decisiones democr\u00e1ticas\u00bb"},"content":{"rendered":"<p>Al cumplirse tres a\u00f1os de la ley, el titular del Consejo Federal de Comunicaci\u00f3n Audiovisual, Pedro B\u00e1ez, critic\u00f3 a los sectores que las desconocen . La Presidenta encabezar\u00e1 el acto por el aniversario.<!--more--><\/p>\n<p>El flamante titular del Consejo Federal de Comunicaci\u00f3n Audiovisual (COFECA), Pedro B\u00e1ez, critic\u00f3 a los sectores que \u00abquieren mantener sus privilegios y desconocer las decisiones tomadas con los mecanismos de la democracia\u00bb, como la Ley de Servicios de Comunicaci\u00f3n Audiovisual.<br \/>\n\u00abEste Consejo, en su nueva etapa, se erige como una herramienta m\u00e1s para dar esa pelea, para que los argentinos podamos vivir con m\u00e1s libertad e igualdad\u00bb, sostuvo el ministro de Cultura y Comunicaci\u00f3n entrerriano, designado el martes al frente del COFECA, dependiente de la Autoridad Federal de Comunicaci\u00f3n Audiovisual (AFSCA).<br \/>\nEn este sentido, destac\u00f3 \u00abla gran responsabilidad de estar al frente de este organismo en un momento especial para la Argentina, ante el objetivo ineludible de que la Ley de Servicios de Comunicaci\u00f3n Audiovisual sea cumplida \u00edntegramente por todos los actores\u00bb.<br \/>\nAdem\u00e1s, advirti\u00f3 que existen \u00absectores que quieren mantener sus privilegios y desconocer las decisiones tomadas con los mecanismos de la democracia, valor m\u00e1ximo a defender con unidad, organizaci\u00f3n y mucho trabajo\u00bb.<br \/>\nPor otro lado, defini\u00f3 al titular de la AFSCA, Mart\u00edn Sabbatella, como \u00abun cuadro con un perfil muy ajustado a la etapa que estamos transitando\u00bb y valor\u00f3 especialmente \u00absu experiencia de gesti\u00f3n y su compromiso con el proyecto nacional, popular y democr\u00e1tico\u00bb.<br \/>\nTambi\u00e9n, al referirse a su propia designaci\u00f3n al frente del COFECA, B\u00e1ez remarc\u00f3 que el hecho de que \u00abEntre R\u00edos est\u00e9 a la cabeza de un espacio como \u00e9ste ratifica el compromiso del gobernador Sergio Urribarri con la democratizaci\u00f3n de la comunicaci\u00f3n en la Argentina\u00bb.<br \/>\n\u00abQueremos que nuestro pa\u00eds tenga una mejor democracia, con m\u00e1s voces y que el pueblo pueda tomar la palabra y, por supuesto, en eso la provincia de Entre R\u00edos tiene un fuerte compromiso\u00bb, postul\u00f3 el funcionario.<br \/>\nB\u00e1ez fue elegido ayer como nuevo titular del Consejo Federal de Comunicaci\u00f3n Audiovisual, en reemplazo de N\u00e9stor Busso, mientras que para la vicepresidencia fueron elegidos David Furland y Luis Emilio Ali, quienes se suceder\u00e1n alternativamente en representaci\u00f3n de la Coalici\u00f3n por una Comunicaci\u00f3n Democr\u00e1tica.<br \/>\nLa sesi\u00f3n para la elecci\u00f3n de representantes se llev\u00f3 a cabo ayer en la Casa del Bicentenario, con la presencia del titular de la Autoridad Federal de Servicios de Comunicaci\u00f3n Audiovisual, Mart\u00edn Sabbatella.\u00a0Al encuentro no asistieron representantes de San Luis, Capital Federal y C\u00f3rdoba.<br \/>\nDesde el AFSCA se inform\u00f3 mediante un comunicado que \u201cel plenario del Consejo ratific\u00f3 su firme apoyo a la decisi\u00f3n presidencial de impulsar a Sabbatella al frente del AFSCA y ratific\u00f3 una vez m\u00e1s la necesidad de la plena aplicaci\u00f3n de la Ley de Servicios de Comunicaci\u00f3n Audiovisual, y el desarrollo del plan de adecuaci\u00f3n\u201d.<\/p>\n","protected":false},"excerpt":{"rendered":"<p>Al cumplirse tres a\u00f1os de la ley, el titular del Consejo Federal de Comunicaci\u00f3n Audiovisual, Pedro B\u00e1ez, critic\u00f3 a los sectores que las desconocen . La Presidenta encabezar\u00e1 el acto por el aniversario.<\/p>\n","protected":false},"author":4,"featured_media":0,"comment_status":"open","ping_status":"open","sticky":false,"template":"","format":"standard","meta":{"_jetpack_newsletter_access":"","_jetpack_dont_email_post_to_subs":false,"_jetpack_newsletter_tier_id":0,"_jetpack_memberships_contains_paywalled_content":false,"_jetpack_memberships_contains_paid_content":false,"footnotes":""},"categories":[54],"tags":[],"class_list":["post-1621","post","type-post","status-publish","format-standard","hentry","category-medios"],"jetpack_featured_media_url":"","jetpack_shortlink":"https:\/\/wp.me\/p2JWE0-q9","jetpack-related-posts":[{"id":23752,"url":"https:\/\/www.24baires.com\/?p=23752","url_meta":{"origin":1621,"position":0},"title":"El COFECA expres\u00f3 su repudio al DNU de Macri","author":"AF","date":"17\/05\/2013","format":false,"excerpt":"El organismo que est\u00e1 integrado por representantes de doce provincias y de sectores sindicales, universitarios y ONG\u00b4s, expres\u00f3 su repudio contra el Decreto de Necesidad y Urgencia del jefe de Gobierno porte\u00f1o sobre la libertad de prensa. Consideraron que Macri \"ofende una vez m\u00e1s las instituciones democr\u00e1ticas, al pretender sobrepasar\u2026","rel":"","context":"En \u00abMedios\u00bb","block_context":{"text":"Medios","link":"https:\/\/www.24baires.com\/?cat=54"},"img":{"alt_text":"COFECA","src":"https:\/\/i0.wp.com\/www.24baires.com\/wp-content\/uploads\/2013\/05\/COFECA-300x190.jpg?resize=350%2C200","width":350,"height":200},"classes":[]},{"id":35437,"url":"https:\/\/www.24baires.com\/?p=35437","url_meta":{"origin":1621,"position":1},"title":"El Consejo Federal de Comunicaci\u00f3n Audiovisual renov\u00f3 autoridades","author":"Grupo Sierra","date":"19\/11\/2013","format":false,"excerpt":"Con una composici\u00f3n renovada, tuvo lugar la onceava sesi\u00f3n extraordinaria del Cofeca. Pedro B\u00e1ez fue reelecto y continuar\u00e1 al frente del Consejo por los pr\u00f3ximos dos a\u00f1os acompa\u00f1ado por Osvaldo Franc\u00e9s en la vicepresidencia. Los consejeros propusieron a N\u00e9stor Avalle y a Eduardo Seminara para el Directorio del AFSCA y\u2026","rel":"","context":"En \u00abMedios\u00bb","block_context":{"text":"Medios","link":"https:\/\/www.24baires.com\/?cat=54"},"img":{"alt_text":"consejo federal afsca","src":"https:\/\/i0.wp.com\/www.24baires.com\/wp-content\/uploads\/2013\/11\/consejo-federal-afsca.jpg?resize=350%2C200","width":350,"height":200,"srcset":"https:\/\/i0.wp.com\/www.24baires.com\/wp-content\/uploads\/2013\/11\/consejo-federal-afsca.jpg?resize=350%2C200 1x, https:\/\/i0.wp.com\/www.24baires.com\/wp-content\/uploads\/2013\/11\/consejo-federal-afsca.jpg?resize=525%2C300 1.5x"},"classes":[]},{"id":35089,"url":"https:\/\/www.24baires.com\/?p=35089","url_meta":{"origin":1621,"position":2},"title":"Designaron a Courel como delegado ante la AFSCA","author":"AF","date":"13\/11\/2013","format":false,"excerpt":"El gobernador de la provincia de Buenos Aires, Daniel Scioli, design\u00f3 a su secretario de Comunicaci\u00f3n P\u00fablica, Juan Courel, como representante de ese distrito ante el Consejo Federal de Comunicaci\u00f3n Audiovisual (CoFeCa), cuya nueva conformaci\u00f3n qued\u00f3 oficializada este mi\u00e9rcoles al publicarse la n\u00f3mina en el Bolet\u00edn Oficial. Junto a Courel,\u2026","rel":"","context":"En \u00abMedios\u00bb","block_context":{"text":"Medios","link":"https:\/\/www.24baires.com\/?cat=54"},"img":{"alt_text":"courel scioli","src":"https:\/\/i0.wp.com\/www.24baires.com\/wp-content\/uploads\/2013\/11\/courel-scioli.png?resize=350%2C200","width":350,"height":200},"classes":[]},{"id":77598,"url":"https:\/\/www.24baires.com\/?p=77598","url_meta":{"origin":1621,"position":3},"title":"El Cofeca celebr\u00f3 los fallos de la Justicia federal que restituyen la Ley de Medios","author":"AF","date":"14\/01\/2016","format":false,"excerpt":"Los miembros del Consejo Federal de Comunicaci\u00f3n Audiovisual celebraron las medidas de los jueces Garbarino y Forns que suspenden los decretos presidenciales a trav\u00e9s de los cuales se atropell\u00f3 y modific\u00f3 la Ley de Servicios de Comunicaci\u00f3n Audiovisual llegando incluso a derogar el Consejo Federal y su conformaci\u00f3n, as\u00ed como\u2026","rel":"","context":"En \u00abJUDICIALES\u00bb","block_context":{"text":"JUDICIALES","link":"https:\/\/www.24baires.com\/?cat=68"},"img":{"alt_text":"afsca","src":"https:\/\/i0.wp.com\/www.24baires.com\/wp-content\/uploads\/2015\/12\/afsca.jpg?resize=350%2C200","width":350,"height":200,"srcset":"https:\/\/i0.wp.com\/www.24baires.com\/wp-content\/uploads\/2015\/12\/afsca.jpg?resize=350%2C200 1x, https:\/\/i0.wp.com\/www.24baires.com\/wp-content\/uploads\/2015\/12\/afsca.jpg?resize=525%2C300 1.5x"},"classes":[]},{"id":6114,"url":"https:\/\/www.24baires.com\/?p=6114","url_meta":{"origin":1621,"position":4},"title":"Audiencia p\u00fablica de AFSCA sobre los \u201cacontecimientos de inter\u00e9s general\u201d para 2013","author":"AF","date":"20\/11\/2012","format":false,"excerpt":"Se realiza una audiencia en Diputados para que ciudadanos y organizaciones propongan los acontecimientos a los que deber\u00eda garantizarse el acceso universal. El Consejo Federal de Comunicaci\u00f3n Audiovisual (COFECA) de la Autoridad Federal de Servicios de Comunicaci\u00f3n Audiovisual realiza una audiencia p\u00fablica en el Sal\u00f3n Delia Parodi de la C\u00e1mara\u2026","rel":"","context":"En \u00abSociedad\u00bb","block_context":{"text":"Sociedad","link":"https:\/\/www.24baires.com\/?cat=1"},"img":{"alt_text":"","src":"https:\/\/i0.wp.com\/www.24baires.com\/wp-content\/uploads\/2012\/11\/AFSCA.jpg?resize=350%2C200","width":350,"height":200},"classes":[]},{"id":76991,"url":"https:\/\/www.24baires.com\/?p=76991","url_meta":{"origin":1621,"position":5},"title":"Amparos y cautelares en todo el pa\u00eds contra la intervenci\u00f3n de la AFSCA","author":"GB","date":"29\/12\/2015","format":false,"excerpt":"Funcionarios de todo el pa\u00eds vinculados a los medios y la comunicaci\u00f3n presentaron ante la Justicia recursos de amparo y cautelares contra la intervenci\u00f3n de la AFSCA. La Senadora Nacional del Frente para la Victoria, Liliana Fellner, arremeti\u00f3 contra Macri y asegur\u00f3 que \u201cel presidente se llev\u00f3 puesto a los\u2026","rel":"","context":"En \u00abMedios\u00bb","block_context":{"text":"Medios","link":"https:\/\/www.24baires.com\/?cat=54"},"img":{"alt_text":"AFSCA","src":"https:\/\/i0.wp.com\/www.24baires.com\/wp-content\/uploads\/2015\/12\/AFSCA.jpg?resize=350%2C200","width":350,"height":200,"srcset":"https:\/\/i0.wp.com\/www.24baires.com\/wp-content\/uploads\/2015\/12\/AFSCA.jpg?resize=350%2C200 1x, https:\/\/i0.wp.com\/www.24baires.com\/wp-content\/uploads\/2015\/12\/AFSCA.jpg?resize=525%2C300 1.5x"},"classes":[]}],"jetpack_sharing_enabled":true,"jetpack_likes_enabled":true,"_links":{"self":[{"href":"https:\/\/www.24baires.com\/index.php?rest_route=\/wp\/v2\/posts\/1621","targetHints":{"allow":["GET"]}}],"collection":[{"href":"https:\/\/www.24baires.com\/index.php?rest_route=\/wp\/v2\/posts"}],"about":[{"href":"https:\/\/www.24baires.com\/index.php?rest_route=\/wp\/v2\/types\/post"}],"author":[{"embeddable":true,"href":"https:\/\/www.24baires.com\/index.php?rest_route=\/wp\/v2\/users\/4"}],"replies":[{"embeddable":true,"href":"https:\/\/www.24baires.com\/index.php?rest_route=%2Fwp%2Fv2%2Fcomments&post=1621"}],"version-history":[{"count":0,"href":"https:\/\/www.24baires.com\/index.php?rest_route=\/wp\/v2\/posts\/1621\/revisions"}],"wp:attachment":[{"href":"https:\/\/www.24baires.com\/index.php?rest_route=%2Fwp%2Fv2%2Fmedia&parent=1621"}],"wp:term":[{"taxonomy":"category","embeddable":true,"href":"https:\/\/www.24baires.com\/index.php?rest_route=%2Fwp%2Fv2%2Fcategories&post=1621"},{"taxonomy":"post_tag","embeddable":true,"href":"https:\/\/www.24baires.com\/index.php?rest_route=%2Fwp%2Fv2%2Ftags&post=1621"}],"curies":[{"name":"wp","href":"https:\/\/api.w.org\/{rel}","templated":true}]}}