{"id":16173,"date":"2013-02-20T12:25:14","date_gmt":"2013-02-20T15:25:14","guid":{"rendered":"http:\/\/www.24baires.com\/?p=16173"},"modified":"2013-02-20T21:28:00","modified_gmt":"2013-02-21T00:28:00","slug":"de-vido-inaugura-hoy-la-tv-digital-abierta-en-venezuela-junto-a-maduro","status":"publish","type":"post","link":"https:\/\/www.24baires.com\/?p=16173","title":{"rendered":"De Vido inaugura la TV Digital Abierta en Venezuela junto a Maduro"},"content":{"rendered":"<p><img data-recalc-dims=\"1\" loading=\"lazy\" decoding=\"async\" class=\"alignleft size-medium wp-image-15747\" alt=\"de vido por cobos\" src=\"https:\/\/i0.wp.com\/www.24baires.com\/wp-content\/uploads\/2013\/02\/de-vido-por-cobos.jpg?resize=300%2C200\" width=\"300\" height=\"200\" srcset=\"https:\/\/i0.wp.com\/www.24baires.com\/wp-content\/uploads\/2013\/02\/de-vido-por-cobos.jpg?resize=300%2C200&amp;ssl=1 300w, https:\/\/i0.wp.com\/www.24baires.com\/wp-content\/uploads\/2013\/02\/de-vido-por-cobos.jpg?w=510&amp;ssl=1 510w\" sizes=\"auto, (max-width: 300px) 100vw, 300px\" \/>El Ministro de Planificaci\u00f3n Federal y el vicepresidente de Venezuela a cargo del Ejecutivo, Nicol\u00e1s Maduro, pondr\u00e1n hoy en marcha el sistema de Televisi\u00f3n Digital Abierta en el pa\u00eds caribe\u00f1o. De Vido tambi\u00e9n mantendr\u00e1 una reuni\u00f3n con el ministro de Petr\u00f3leos y Minas y presidente de PDVSA, Rafael Ram\u00edrez Carre\u00f1o.<!--more--><\/p>\n<p>&nbsp;<\/p>\n<p>El ministro de Planificaci\u00f3n Federal, Julio De Vido, y el vicepresidente de Venezuela a cargo del Ejecutivo, Nicol\u00e1s Maduro, pondr\u00e1n hoy en marcha el sistema de Televisi\u00f3n Digital Abierta en el pa\u00eds caribe\u00f1o.<\/p>\n<p>El evento se llevar\u00e1 a cabo a las 11 hora local (12.30 en Argentina) en la comuna de Libertadores, en las afueras de Caracas, y ser\u00e1 el primer acto que llevar\u00e1 adelante Maduro luego del retorno del presidente Hugo Ch\u00e1vez tras la intervenci\u00f3n quir\u00fargica a la que fue sometido en Cuba hace dos meses.<\/p>\n<p>Luego, en horas de la tarde, De Vido mantendr\u00e1 una reuni\u00f3n con el ministro de Petr\u00f3leos y Minas y presidente de PDVSA, Rafael Ram\u00edrez Carre\u00f1o, con quien dialogar\u00e1 sobre cuestiones energ\u00e9ticas y de proyectos conjuntos que planean llevar adelante ambos pa\u00edses.<\/p>\n<p>La inauguraci\u00f3n del sistema de televisi\u00f3n digital se realizar\u00e1 en Catia, distante a 20 kil\u00f3metros de la capital venezolana, en un evento en el que tambi\u00e9n estar\u00e1n presentes los ministros de Ciencia y Tecnolog\u00eda, Jorge Alberto Arreaza; de Comunicaciones y Cultura, Ernesto Villegas; el embajador argentino Carlos Cheppi, y el titular de la delegaci\u00f3n diplom\u00e1tica venezolana en Buenos Aires, Carlos Mart\u00ednez Mendoza.<\/p>\n<p>La implementaci\u00f3n del sistema de Televisi\u00f3n Digital Abierta (TDA) implica una inversi\u00f3n total de 26,5 millones de d\u00f3lares en la instalaci\u00f3n de telepuertos y 13 antenas de transmisi\u00f3n, a las que se sumar\u00e1n en el corto plazo 9 estaciones adicionales que elevar\u00e1n el nivel de cobertura al 58,3% de la poblaci\u00f3n total del pa\u00eds.<\/p>\n<p>Las autoridades venezolanas destacaron la \u00abvelocidad\u00bb con la que los t\u00e9cnicos argentinos llevaron adelante la implementaci\u00f3n del sistema y la colocaci\u00f3n de las antenas y el telepuerto de transmisi\u00f3n, ya que el convenio se firm\u00f3 en marzo del a\u00f1o pasado y la instalaci\u00f3n se termin\u00f3 de concretar en ocho meses.<\/p>\n<p>&nbsp;<\/p>\n<p>&nbsp;<\/p>\n<p>&nbsp;<\/p>\n<p>&nbsp;<\/p>\n<p>&nbsp;<\/p>\n<p>&nbsp;<\/p>\n<p>&nbsp;<\/p>\n<p>&nbsp;<\/p>\n<p>&nbsp;<\/p>\n<p>&nbsp;<\/p>\n<p>&nbsp;<\/p>\n<p>&nbsp;<\/p>\n<p>&nbsp;<\/p>\n<p>&nbsp;<\/p>\n<p>&nbsp;<\/p>\n","protected":false},"excerpt":{"rendered":"<p>El Ministro de Planificaci\u00f3n Federal y el vicepresidente de Venezuela a cargo del Ejecutivo, Nicol\u00e1s Maduro, pondr\u00e1n hoy en marcha el sistema de Televisi\u00f3n Digital Abierta en el pa\u00eds caribe\u00f1o. De Vido tambi\u00e9n mantendr\u00e1 una reuni\u00f3n con el ministro de Petr\u00f3leos y Minas y presidente de PDVSA, Rafael Ram\u00edrez Carre\u00f1o.<\/p>\n","protected":false},"author":11,"featured_media":0,"comment_status":"open","ping_status":"open","sticky":false,"template":"","format":"standard","meta":{"_jetpack_newsletter_access":"","_jetpack_dont_email_post_to_subs":false,"_jetpack_newsletter_tier_id":0,"_jetpack_memberships_contains_paywalled_content":false,"_jetpack_memberships_contains_paid_content":false,"footnotes":""},"categories":[54],"tags":[],"class_list":["post-16173","post","type-post","status-publish","format-standard","hentry","category-medios"],"jetpack_featured_media_url":"","jetpack_shortlink":"https:\/\/wp.me\/p2JWE0-4cR","jetpack-related-posts":[{"id":106515,"url":"https:\/\/www.24baires.com\/?p=106515","url_meta":{"origin":16173,"position":0},"title":"Venezuela: nuevo intento de desplazar a Maduro de la presidencia","author":"AF","date":"23\/01\/2019","format":false,"excerpt":"El Presidente Mauricio Macri se sum\u00f3 a Donald Trump y a los otros mandatarios de la regi\u00f3n que manifestaron su respaldo al titular de la Asamblea Nacional de Venezuela, quien se proclam\u00f3 \u201cpresidente encargado\u201d de ese pa\u00eds. \"Ac\u00e1 no se rinde nadie\", afirm\u00f3 Maduro en un discurso a los venezolanos.\u2026","rel":"","context":"En \u00abInternacionales\u00bb","block_context":{"text":"Internacionales","link":"https:\/\/www.24baires.com\/?cat=73"},"img":{"alt_text":"","src":"https:\/\/i0.wp.com\/www.24baires.com\/wp-content\/uploads\/2019\/01\/guaid%C3%B3.jpg?resize=350%2C200","width":350,"height":200,"srcset":"https:\/\/i0.wp.com\/www.24baires.com\/wp-content\/uploads\/2019\/01\/guaid%C3%B3.jpg?resize=350%2C200 1x, https:\/\/i0.wp.com\/www.24baires.com\/wp-content\/uploads\/2019\/01\/guaid%C3%B3.jpg?resize=525%2C300 1.5x"},"classes":[]},{"id":16709,"url":"https:\/\/www.24baires.com\/?p=16709","url_meta":{"origin":16173,"position":1},"title":"La TV Digital alcanza ya al 82% de la poblaci\u00f3n","author":"AF","date":"25\/02\/2013","format":false,"excerpt":"El Ministerio de Planificaci\u00f3n Federal inform\u00f3 que el sistema de Televisi\u00f3n Digital Abierta puesto en marcha en Argentina en 2010 llega a la mayor\u00eda de la poblaci\u00f3n argentina. Existen 23 canales disponibles. El sistema de Televisi\u00f3n Digital Abierta (TDA) se puso en marcha en Argentina en 2010 y el nivel\u2026","rel":"","context":"En \u00abTecnolog\u00eda\u00bb","block_context":{"text":"Tecnolog\u00eda","link":"https:\/\/www.24baires.com\/?cat=46"},"img":{"alt_text":"antena tv digital","src":"https:\/\/i0.wp.com\/www.24baires.com\/wp-content\/uploads\/2013\/02\/antena-tv-digital-300x190.jpg?resize=350%2C200","width":350,"height":200},"classes":[]},{"id":102239,"url":"https:\/\/www.24baires.com\/?p=102239","url_meta":{"origin":16173,"position":2},"title":"Elecciones en Venezuela: Madur\u00f3 vot\u00f3 e inst\u00f3 al pueblo a hacerlo","author":"AF","date":"20\/05\/2018","format":false,"excerpt":"Se proclam\u00f3 \"el primer votante de la patria\" en la jornada que podr\u00eda ratificar su continuidad en la presidencia del convulsionado pa\u00eds caribe\u00f1o. La oposici\u00f3n no participa. El presidente de Venezuela, Nicol\u00e1s Maduro, fue el primero en votar en un centro electoral de Caracas este domingo, e inst\u00f3 a los\u2026","rel":"","context":"En \u00abInternacionales\u00bb","block_context":{"text":"Internacionales","link":"https:\/\/www.24baires.com\/?cat=73"},"img":{"alt_text":"","src":"https:\/\/i0.wp.com\/www.24baires.com\/wp-content\/uploads\/2018\/05\/maduro.png?resize=350%2C200","width":350,"height":200,"srcset":"https:\/\/i0.wp.com\/www.24baires.com\/wp-content\/uploads\/2018\/05\/maduro.png?resize=350%2C200 1x, https:\/\/i0.wp.com\/www.24baires.com\/wp-content\/uploads\/2018\/05\/maduro.png?resize=525%2C300 1.5x"},"classes":[]},{"id":106531,"url":"https:\/\/www.24baires.com\/?p=106531","url_meta":{"origin":16173,"position":3},"title":"Trump cerrar\u00e1 la embajada venezolana y los consulados en Estados Unidos","author":"AF","date":"24\/01\/2019","format":false,"excerpt":"Adem\u00e1s ratific\u00f3 la expulsi\u00f3n de los diplom\u00e1ticos estadounidenses: \"Hasta el domingo tienen las 72 horas para retirarse de Venezuela, para marcharse de Venezuela\", detall\u00f3. El jefe de Estado de Venezuela, Nicol\u00e1s Maduro, anunci\u00f3 este jueves que decidi\u00f3 cerrar la embajada y todos los consulados de su pa\u00eds en Estados Unidos,\u2026","rel":"","context":"En \u00abInternacionales\u00bb","block_context":{"text":"Internacionales","link":"https:\/\/www.24baires.com\/?cat=73"},"img":{"alt_text":"","src":"https:\/\/i0.wp.com\/www.24baires.com\/wp-content\/uploads\/2017\/09\/trump-onu.jpg?resize=350%2C200","width":350,"height":200,"srcset":"https:\/\/i0.wp.com\/www.24baires.com\/wp-content\/uploads\/2017\/09\/trump-onu.jpg?resize=350%2C200 1x, https:\/\/i0.wp.com\/www.24baires.com\/wp-content\/uploads\/2017\/09\/trump-onu.jpg?resize=525%2C300 1.5x"},"classes":[]},{"id":122787,"url":"https:\/\/www.24baires.com\/?p=122787","url_meta":{"origin":16173,"position":4},"title":"Estados Unidos invadi\u00f3 Venezuela y Trump asegura haber capturado a Nicol\u00e1s Maduro","author":"GB","date":"03\/01\/2026","format":false,"excerpt":"El presidente de los Estados Unidos asegur\u00f3 haber capturado a su par de Venezuela en la madrugada de este s\u00e1bado. En las primeras horas de este s\u00e1bado 3 de enero, Estados Unidos inici\u00f3 una operaci\u00f3n militar de gran envergadura en territorio venezolano, marcando una escalada hist\u00f3rica tras meses de tensi\u00f3n\u2026","rel":"","context":"En \u00ab\u00daltimo Momento\u00bb","block_context":{"text":"\u00daltimo Momento","link":"https:\/\/www.24baires.com\/?cat=55"},"img":{"alt_text":"","src":"https:\/\/i0.wp.com\/www.24baires.com\/wp-content\/uploads\/2026\/01\/bombardeo-venezuela.webp?resize=350%2C200","width":350,"height":200,"srcset":"https:\/\/i0.wp.com\/www.24baires.com\/wp-content\/uploads\/2026\/01\/bombardeo-venezuela.webp?resize=350%2C200 1x, https:\/\/i0.wp.com\/www.24baires.com\/wp-content\/uploads\/2026\/01\/bombardeo-venezuela.webp?resize=525%2C300 1.5x, https:\/\/i0.wp.com\/www.24baires.com\/wp-content\/uploads\/2026\/01\/bombardeo-venezuela.webp?resize=700%2C400 2x"},"classes":[]},{"id":17587,"url":"https:\/\/www.24baires.com\/?p=17587","url_meta":{"origin":16173,"position":5},"title":"Cristina suspendi\u00f3 un acto, viaja a Caracas y declar\u00f3 tres d\u00edas de duelo nacional","author":"Grupo Sierra","date":"05\/03\/2013","format":false,"excerpt":"La presidenta Cristina Fern\u00e1ndez de Kirchner suspendi\u00f3 hoy un acto que ten\u00eda programado encabezar en la Casa de Gobierno, a ra\u00edz del fallecimiento de su par de Venezuela, Hugo Ch\u00e1vez, y declar\u00f3 tres d\u00edas de duelo nacional y bandera a media asta. Al mismo tiempo funcionarios del gobierno, dirigentes oficialistas\u2026","rel":"","context":"En \u00abPol\u00edtica\u00bb","block_context":{"text":"Pol\u00edtica","link":"https:\/\/www.24baires.com\/?cat=51"},"img":{"alt_text":"","src":"","width":0,"height":0},"classes":[]}],"jetpack_sharing_enabled":true,"jetpack_likes_enabled":true,"_links":{"self":[{"href":"https:\/\/www.24baires.com\/index.php?rest_route=\/wp\/v2\/posts\/16173","targetHints":{"allow":["GET"]}}],"collection":[{"href":"https:\/\/www.24baires.com\/index.php?rest_route=\/wp\/v2\/posts"}],"about":[{"href":"https:\/\/www.24baires.com\/index.php?rest_route=\/wp\/v2\/types\/post"}],"author":[{"embeddable":true,"href":"https:\/\/www.24baires.com\/index.php?rest_route=\/wp\/v2\/users\/11"}],"replies":[{"embeddable":true,"href":"https:\/\/www.24baires.com\/index.php?rest_route=%2Fwp%2Fv2%2Fcomments&post=16173"}],"version-history":[{"count":3,"href":"https:\/\/www.24baires.com\/index.php?rest_route=\/wp\/v2\/posts\/16173\/revisions"}],"predecessor-version":[{"id":16255,"href":"https:\/\/www.24baires.com\/index.php?rest_route=\/wp\/v2\/posts\/16173\/revisions\/16255"}],"wp:attachment":[{"href":"https:\/\/www.24baires.com\/index.php?rest_route=%2Fwp%2Fv2%2Fmedia&parent=16173"}],"wp:term":[{"taxonomy":"category","embeddable":true,"href":"https:\/\/www.24baires.com\/index.php?rest_route=%2Fwp%2Fv2%2Fcategories&post=16173"},{"taxonomy":"post_tag","embeddable":true,"href":"https:\/\/www.24baires.com\/index.php?rest_route=%2Fwp%2Fv2%2Ftags&post=16173"}],"curies":[{"name":"wp","href":"https:\/\/api.w.org\/{rel}","templated":true}]}}