{"id":16168,"date":"2013-02-20T11:56:31","date_gmt":"2013-02-20T14:56:31","guid":{"rendered":"http:\/\/www.24baires.com\/?p=16168"},"modified":"2013-02-21T12:38:58","modified_gmt":"2013-02-21T15:38:58","slug":"mar-del-plata-es-la-capital-nacional-de-la-desocupacion","status":"publish","type":"post","link":"https:\/\/www.24baires.com\/?p=16168","title":{"rendered":"Mar del Plata es la capital nacional de la desocupaci\u00f3n"},"content":{"rendered":"<p><img data-recalc-dims=\"1\" loading=\"lazy\" decoding=\"async\" class=\"alignleft size-full wp-image-16169\" alt=\"a casino\" src=\"https:\/\/i0.wp.com\/www.24baires.com\/wp-content\/uploads\/2013\/02\/a-casino.jpg?resize=352%2C229\" width=\"352\" height=\"229\" srcset=\"https:\/\/i0.wp.com\/www.24baires.com\/wp-content\/uploads\/2013\/02\/a-casino.jpg?w=352&amp;ssl=1 352w, https:\/\/i0.wp.com\/www.24baires.com\/wp-content\/uploads\/2013\/02\/a-casino.jpg?resize=300%2C195&amp;ssl=1 300w\" sizes=\"auto, (max-width: 352px) 100vw, 352px\" \/>Mar del Plata registr\u00f3 a fines de 2012 el \u00edndice de desocupaci\u00f3n m\u00e1s alto del pa\u00eds, con el 9,5 por ciento de la poblaci\u00f3n activa, seg\u00fan las estad\u00edsticas del INDEC, mientras que la contracara fue Santa Rosa, en La Pampa, con un desempleo de apenas 1,4%.<!--more--><\/p>\n<p>&nbsp;<\/p>\n<p>Cabe recordar que la ciudad\u00a0balnearia\u00a0 es gobernada desde hace 5 a\u00f1os por el dirigente vecinalista Gustavo Pulti.<\/p>\n<p>Seg\u00fan el organismo oficial, entre los distritos con mayor gente sin empleo se ubicaron Gran Rosario, con el 8,6%; los partidos del gran Buenos Aires, 7,9; Gran Paran\u00e1, 7,8; Gran C\u00f3rdoba, 7,7; y Salta, 7,2.<\/p>\n<p>En tanto que las ciudades con m\u00e1s baja desocupaci\u00f3n fueron, adem\u00e1s de La Pampa, Formosa y San Luis-El Chorrillo, con el 2 por ciento y Gran Resistencia, con el 2,1.<\/p>\n<p>A nivel nacional, el INDEC inform\u00f3 que la desocupaci\u00f3n a fines de 2012 se ubic\u00f3 en el 6,9%, contra el 6,7% de igual per\u00edodo de un a\u00f1o antes.<\/p>\n<p>En cuanto a las regiones, se registraron los siguientes resultados: Gran Buenos Aires (incluyendo Capital Federal), 7,7 por ciento; Noroeste, 5,3; Cuyo, 3,9 y Noreste, 2,6.<\/p>\n<p>&nbsp;<\/p>\n<p>&nbsp;<\/p>\n<p>&nbsp;<\/p>\n<p>&nbsp;<\/p>\n<p>&nbsp;<\/p>\n<p>&nbsp;<\/p>\n","protected":false},"excerpt":{"rendered":"<p>Mar del Plata registr\u00f3 a fines de 2012 el \u00edndice de desocupaci\u00f3n m\u00e1s alto del pa\u00eds, con el 9,5 por ciento de la poblaci\u00f3n activa, seg\u00fan las estad\u00edsticas del INDEC, mientras que la contracara fue Santa Rosa, en La Pampa, con un desempleo de apenas 1,4%.<\/p>\n","protected":false},"author":11,"featured_media":0,"comment_status":"open","ping_status":"open","sticky":false,"template":"","format":"standard","meta":{"_jetpack_newsletter_access":"","_jetpack_dont_email_post_to_subs":false,"_jetpack_newsletter_tier_id":0,"_jetpack_memberships_contains_paywalled_content":false,"_jetpack_memberships_contains_paid_content":false,"footnotes":""},"categories":[1],"tags":[],"class_list":["post-16168","post","type-post","status-publish","format-standard","hentry","category-sociedad"],"jetpack_featured_media_url":"","jetpack_shortlink":"https:\/\/wp.me\/p2JWE0-4cM","jetpack-related-posts":[{"id":101328,"url":"https:\/\/www.24baires.com\/?p=101328","url_meta":{"origin":16168,"position":0},"title":"Arroyo culp\u00f3 a la situaci\u00f3n nacional por la desocupaci\u00f3n en Mar del Plata","author":"GB","date":"28\/03\/2018","format":false,"excerpt":"\"Es un problema de la econom\u00eda nacional\", dijo el intendente al ser consultado sobre los \u00edndices difundidos por el INDEC. El intendente de Mar del Plata, Carlos Arroyo, deslig\u00f3 al municipio de responsabilidades en la generaci\u00f3n de empleo y pol\u00edticas en materia social y le tir\u00f3 la pelota a Mauricio\u2026","rel":"","context":"En \u00abMunicipios\u00bb","block_context":{"text":"Municipios","link":"https:\/\/www.24baires.com\/?cat=44"},"img":{"alt_text":"","src":"https:\/\/i0.wp.com\/www.24baires.com\/wp-content\/uploads\/2017\/09\/arroyo.jpg?resize=350%2C200","width":350,"height":200,"srcset":"https:\/\/i0.wp.com\/www.24baires.com\/wp-content\/uploads\/2017\/09\/arroyo.jpg?resize=350%2C200 1x, https:\/\/i0.wp.com\/www.24baires.com\/wp-content\/uploads\/2017\/09\/arroyo.jpg?resize=525%2C300 1.5x"},"classes":[]},{"id":35470,"url":"https:\/\/www.24baires.com\/?p=35470","url_meta":{"origin":16168,"position":1},"title":"INDEC: el \u00edndice de desocupaci\u00f3n retrocedi\u00f3 al 6.8%","author":"GB","date":"20\/11\/2013","format":false,"excerpt":"De acuerdo con lo informado por el INDEC, el \u00cdndice de Desocupaci\u00f3n registr\u00f3 una baja de 0,8 puntos porcentuales respecto a igual per\u00edodo del a\u00f1o pasado. El Gran Buenos Aires registr\u00f3 un nivel de desocupaci\u00f3n del 7,4 por ciento, mientras que el \u00e1rea Noroeste cerr\u00f3 el per\u00edodo con la menor\u2026","rel":"","context":"En \u00abEconom\u00eda\u00bb","block_context":{"text":"Econom\u00eda","link":"https:\/\/www.24baires.com\/?cat=45"},"img":{"alt_text":"","src":"","width":0,"height":0},"classes":[]},{"id":40748,"url":"https:\/\/www.24baires.com\/?p=40748","url_meta":{"origin":16168,"position":2},"title":"Mar del Plata y Bah\u00eda Blanca en el podio de las ciudades con m\u00e1s desocupaci\u00f3n del pa\u00eds","author":"GB","date":"19\/02\/2014","format":false,"excerpt":"Seg\u00fan datos revelados por el Indec, el \u00cdndice de Desocupaci\u00f3n en el conglomerado Mar del Plata \u2013 Bat\u00e1n fue del 11,7% al t\u00e9rmino del cuarto trimestre del a\u00f1o, ubic\u00e1ndose as\u00ed como la ciudad con mayor desempleo del pa\u00eds. Pero no es la \u00fanica regi\u00f3n bonaerense en liderar el ranking, sino\u2026","rel":"","context":"En \u00abEconom\u00eda\u00bb","block_context":{"text":"Econom\u00eda","link":"https:\/\/www.24baires.com\/?cat=45"},"img":{"alt_text":"desempleo","src":"https:\/\/i0.wp.com\/www.24baires.com\/wp-content\/uploads\/2014\/02\/desempleo.jpg?resize=350%2C200","width":350,"height":200,"srcset":"https:\/\/i0.wp.com\/www.24baires.com\/wp-content\/uploads\/2014\/02\/desempleo.jpg?resize=350%2C200 1x, https:\/\/i0.wp.com\/www.24baires.com\/wp-content\/uploads\/2014\/02\/desempleo.jpg?resize=525%2C300 1.5x"},"classes":[]},{"id":101189,"url":"https:\/\/www.24baires.com\/?p=101189","url_meta":{"origin":16168,"position":3},"title":"Mar del Plata, la ciudad con mayor \u00edndice de desempleo del pa\u00eds","author":"GB","date":"21\/03\/2018","format":false,"excerpt":"La tasa de desocupaci\u00f3n de la ciudad balnearia es mayor que la del Gran Buenos Aires, revel\u00f3 el INDEC. Mientras el intendente Carlos Arroyo piensa en su reelecci\u00f3n en 2019, el INDEC revel\u00f3 en un informe sobre la situaci\u00f3n laboral que Mar del Plata es la ciudad con mayor \u00edndice\u2026","rel":"","context":"En \u00abPol\u00edtica\u00bb","block_context":{"text":"Pol\u00edtica","link":"https:\/\/www.24baires.com\/?cat=51"},"img":{"alt_text":"","src":"https:\/\/i0.wp.com\/www.24baires.com\/wp-content\/uploads\/2014\/11\/busca-trabajo-desempleo.jpg?resize=350%2C200","width":350,"height":200,"srcset":"https:\/\/i0.wp.com\/www.24baires.com\/wp-content\/uploads\/2014\/11\/busca-trabajo-desempleo.jpg?resize=350%2C200 1x, https:\/\/i0.wp.com\/www.24baires.com\/wp-content\/uploads\/2014\/11\/busca-trabajo-desempleo.jpg?resize=525%2C300 1.5x"},"classes":[]},{"id":95205,"url":"https:\/\/www.24baires.com\/?p=95205","url_meta":{"origin":16168,"position":4},"title":"Crece la desocupaci\u00f3n: Seg\u00fan el INDEC lleg\u00f3 al 9,2% y super\u00f3 el registro de 2016","author":"GB","date":"14\/06\/2017","format":false,"excerpt":"En el primer trimestre ya registr\u00f3 dos puntos m\u00e1s por sobre lo que se estim\u00f3 en todo 2016. En la provincia, Bah\u00eda Blanca, Mar del Plata y el Conurbano son las zonas m\u00e1s afectadas. Seg\u00fan el Instituto Nacional de Estad\u00edstica y Censos (Indec), la tasa de desempleo de Argentina trep\u00f3\u2026","rel":"","context":"En \u00abSociedad\u00bb","block_context":{"text":"Sociedad","link":"https:\/\/www.24baires.com\/?cat=1"},"img":{"alt_text":"","src":"https:\/\/i0.wp.com\/www.24baires.com\/wp-content\/uploads\/2017\/04\/despidos.jpg?resize=350%2C200","width":350,"height":200,"srcset":"https:\/\/i0.wp.com\/www.24baires.com\/wp-content\/uploads\/2017\/04\/despidos.jpg?resize=350%2C200 1x, https:\/\/i0.wp.com\/www.24baires.com\/wp-content\/uploads\/2017\/04\/despidos.jpg?resize=525%2C300 1.5x"},"classes":[]},{"id":93124,"url":"https:\/\/www.24baires.com\/?p=93124","url_meta":{"origin":16168,"position":5},"title":"Mar del Plata, nuevamente la ciudad con mayor desocupaci\u00f3n del pa\u00eds: 10,6%","author":"GB","date":"16\/03\/2017","format":false,"excerpt":"Las cifras del Indec corresponden al cuarto trimestre de 2016. La subocupaci\u00f3n trepa al 13,8% Con el 10,6 por ciento, Mar del Plata sigue siendo la ciudad con mayor tasa de desocupaci\u00f3n del pa\u00eds, seg\u00fan cifras del Instituto Nacional de Estad\u00edstica y Censos (Indec) correspondientes al cuarto trimestre de 2016.\u2026","rel":"","context":"En \u00abSociedad\u00bb","block_context":{"text":"Sociedad","link":"https:\/\/www.24baires.com\/?cat=1"},"img":{"alt_text":"","src":"https:\/\/i0.wp.com\/www.24baires.com\/wp-content\/uploads\/2016\/08\/desempleo.jpg?resize=350%2C200","width":350,"height":200,"srcset":"https:\/\/i0.wp.com\/www.24baires.com\/wp-content\/uploads\/2016\/08\/desempleo.jpg?resize=350%2C200 1x, https:\/\/i0.wp.com\/www.24baires.com\/wp-content\/uploads\/2016\/08\/desempleo.jpg?resize=525%2C300 1.5x"},"classes":[]}],"jetpack_sharing_enabled":true,"jetpack_likes_enabled":true,"_links":{"self":[{"href":"https:\/\/www.24baires.com\/index.php?rest_route=\/wp\/v2\/posts\/16168","targetHints":{"allow":["GET"]}}],"collection":[{"href":"https:\/\/www.24baires.com\/index.php?rest_route=\/wp\/v2\/posts"}],"about":[{"href":"https:\/\/www.24baires.com\/index.php?rest_route=\/wp\/v2\/types\/post"}],"author":[{"embeddable":true,"href":"https:\/\/www.24baires.com\/index.php?rest_route=\/wp\/v2\/users\/11"}],"replies":[{"embeddable":true,"href":"https:\/\/www.24baires.com\/index.php?rest_route=%2Fwp%2Fv2%2Fcomments&post=16168"}],"version-history":[{"count":3,"href":"https:\/\/www.24baires.com\/index.php?rest_route=\/wp\/v2\/posts\/16168\/revisions"}],"predecessor-version":[{"id":16172,"href":"https:\/\/www.24baires.com\/index.php?rest_route=\/wp\/v2\/posts\/16168\/revisions\/16172"}],"wp:attachment":[{"href":"https:\/\/www.24baires.com\/index.php?rest_route=%2Fwp%2Fv2%2Fmedia&parent=16168"}],"wp:term":[{"taxonomy":"category","embeddable":true,"href":"https:\/\/www.24baires.com\/index.php?rest_route=%2Fwp%2Fv2%2Fcategories&post=16168"},{"taxonomy":"post_tag","embeddable":true,"href":"https:\/\/www.24baires.com\/index.php?rest_route=%2Fwp%2Fv2%2Ftags&post=16168"}],"curies":[{"name":"wp","href":"https:\/\/api.w.org\/{rel}","templated":true}]}}