{"id":16157,"date":"2013-02-19T21:00:05","date_gmt":"2013-02-20T00:00:05","guid":{"rendered":"http:\/\/www.24baires.com\/?p=16157"},"modified":"2013-02-19T21:00:46","modified_gmt":"2013-02-20T00:00:46","slug":"camioneros-levantan-el-bloqueo-a-maxiconsumo-por-diez-dias","status":"publish","type":"post","link":"https:\/\/www.24baires.com\/?p=16157","title":{"rendered":"Camioneros levanta el bloqueo a Maxiconsumo por diez d\u00edas"},"content":{"rendered":"<p>El Sindicato de Choferes de Camiones anunci\u00f3 que \u00absuspende la medida de fuerza por por diez d\u00edas\u00bb luego de conocer el pedido del fiscal Mart\u00edn Mainardi, quien solicit\u00f3 al Ministerio de Seguridad \u00abse disponga el cese inmediato de los bloqueos\u00bb.<!--more--><br \/>\nLa causa, tramitada ante el Juzgado Criminal de Instrucci\u00f3n Nro. 35, a cargo del Juez Osvaldo Daniel Rappa, se origina \u00aben la posible comisi\u00f3n de un delito penal, y en atenci\u00f3n al da\u00f1o que podr\u00eda ocasionarse al normal abastecimientode los productos\u00bb.<\/p>\n<p>El juez deleg\u00f3 la instruccci\u00f3n en el fiscal Mainardi, quien a su vez solicit\u00f3 al Ministerio de Seguridad que \u00abse disponga el cese de los bloqueos, como medida de protecci\u00f3n frente a todas las garant\u00edas constitucionales conculcadas\u00bb.<br \/>\nMainardi investiga adem\u00e1s la posible afectaci\u00f3n de las garant\u00edas constitucionales de los trabajadores \u00abque se ven impedidos de cumplir su labor, de las empresas involucradas que no pueden ejercer su actividad normal y de todos aquellos cuya libertad se estar\u00eda obstaculizando con la medida\u00bb.<\/p>\n<p>Tras conocer el pedido del fiscal, el Sindicato de Choferes de Camiones anunci\u00f3 que \u00absuspende la medida de fuerza por diez d\u00edas\u00bb, luego de la reuni\u00f3n convocada por la Subsecretar\u00eda de Trabajo porte\u00f1o, en el marco del conflicto gremial por el reencuadramiento de los trabajadores de Maxiconsumo, empresa que no asisti\u00f3 al encuentro porque no reconoce la \u201cautoridad competente\u201d de la Subsecretar\u00eda en este caso.<\/p>\n<p>Consultado por T\u00e9lam respecto de la intervenci\u00f3n del gobierno porte\u00f1o en este conflicto, el abogado laboralista Lu\u00eds Ram\u00edrez, letrado de los Metrodelegados, asever\u00f3 que el gobierno de la Ciudad de Buenos Aires \u00abno tiene competencia para resolver de fondo\u00bb el conflicto entre el sindicato de empleados de Comercio y Camioneros por la representaci\u00f3n de supermercadistas.<\/p>\n<p>\u00abEl conflicto involucra a dos sindicatos con \u00e1mbitos de actuaci\u00f3n en todo el pa\u00eds. Por lo tanto, el conflicto en s\u00ed es competencia del Ministerio de Trabajo de la Naci\u00f3n, y no de la Subsecretar\u00eda de Trabajo de la Ciudad\u00bb, sostuvo Ram\u00edrez.<\/p>\n<p>Sobre el problema que genera el conflicto intersindical, el abogado laboralista explic\u00f3 que un problema de encuadramiento sindical \u00abdebe ser resuelto conforme a la Ley de Asociaciones Sindicales, que establece un procedimiento para estos casos donde dos sindicatos se disputan una representaci\u00f3n gremial\u00bb.<\/p>\n<p>Asimismo, el ministro de Trabajo de la Naci\u00f3n, Carlos Tomada, asegur\u00f3 ayer que este tipo de conflictos son \u201cintersindicales\u201d.<\/p>\n<p>En tanto, la empresa Maxiconsumo explic\u00f3 que los trabajadores est\u00e1n encuadrados en el convenio colectivo de trabajo del Sindicato de Comercio, y no en el de Camioneros como pretende Hugo Moyano, \u00abporque la empresa no tiene centros de distribuci\u00f3n sino sucursales que trabajan en modalidad de autoservicio\u00bb.<\/p>\n<p>En un comunicado, Maxiconsumo sostuvo que \u00ablos clientes cargan en carros la mercader\u00eda al igual que en cualquier supermercado, por lo que configura una actividad netamente comercial\u201d.<\/p>\n<p>A su vez, el presidente del bloque del Frente Para la Victoria en la legislatura porte\u00f1a, Juan Cabandi\u00e9, asegur\u00f3 que el acuerdo entre (Hugo) Moyano y (Mauricio) Macri \u00abva en contra de los trabajadores\u00bb.<\/p>\n<p>\u201cMoyano tiene la intenci\u00f3n de entorpecer el acuerdo de precios, impidiendo que los alimentos lleguen a la mesa de los argentinos\u00bb, se\u00f1al\u00f3 Cabandi\u00e9, quien agreg\u00f3: \u201cEl acuerdo entre Macri y Moyano, est\u00e1 perjudicando a todos, sobre todo a los trabajadores\u00bb.<\/p>\n<p>En el mismo sentido, el legislador defini\u00f3 como \u00abparad\u00f3jico que Moyano haya recurrido a la Subsecretar\u00eda de Trabajo porte\u00f1a ya que Macri es un ac\u00e9rrimo enemigo de los trabajadores, del modelo productivo y de la industria nacional\u00bb.<\/p>\n<p>En el s\u00e9ptimo d\u00eda de bloqueos a las sucursales de los supermercados mayoristas Maxiconsumo, el titular de la CGT Azopardo, Hugo Moyano, encabez\u00f3 este mediod\u00eda una marcha de camioneros frente al Ministerio de Trabajo, donde pidi\u00f3 por el reencuadramiento de los trabajadores que est\u00e1n actualmente en el gremio de empleados de comercio.<\/p>\n<p>En su discurso, Moyano afirm\u00f3 que \u201csiempre existi\u00f3 la intenci\u00f3n del gremio de Comercio de quitarnos los trabajadores de log\u00edstica\u201d, y agreg\u00f3: \u201cEstos son trabajadores del transporte\u201d.<\/p>\n<p>\u00abNo saben de que forma atacarme. Me tienen bronca, me aborrecen, pero me tienen un poquito de miedo\u00bb, manifest\u00f3 Moyano, al finalizar el acto que provoc\u00f3 un caos de tr\u00e1nsito en el microcentro de la Ciudad.<\/p>\n<p>&nbsp;<\/p>\n<p>&nbsp;<\/p>\n<p>&nbsp;<\/p>\n<p>&nbsp;<\/p>\n<p>&nbsp;<\/p>\n<p>&nbsp;<\/p>\n<p>&nbsp;<\/p>\n<p>&nbsp;<\/p>\n<p>&nbsp;<\/p>\n<p>&nbsp;<\/p>\n<p>&nbsp;<\/p>\n<p>&nbsp;<\/p>\n<p>&nbsp;<\/p>\n<p>&nbsp;<\/p>\n<p>&nbsp;<\/p>\n","protected":false},"excerpt":{"rendered":"<p>El Sindicato de Choferes de Camiones anunci\u00f3 que \u00absuspende la medida de fuerza por por diez d\u00edas\u00bb luego de conocer el pedido del fiscal Mart\u00edn Mainardi, quien solicit\u00f3 al Ministerio de Seguridad \u00abse disponga el cese inmediato de los bloqueos\u00bb.<\/p>\n","protected":false},"author":4,"featured_media":0,"comment_status":"open","ping_status":"open","sticky":false,"template":"","format":"standard","meta":{"_jetpack_newsletter_access":"","_jetpack_dont_email_post_to_subs":false,"_jetpack_newsletter_tier_id":0,"_jetpack_memberships_contains_paywalled_content":false,"_jetpack_memberships_contains_paid_content":false,"footnotes":""},"categories":[1],"tags":[],"class_list":["post-16157","post","type-post","status-publish","format-standard","hentry","category-sociedad"],"jetpack_featured_media_url":"","jetpack_shortlink":"https:\/\/wp.me\/p2JWE0-4cB","jetpack-related-posts":[{"id":17191,"url":"https:\/\/www.24baires.com\/?p=17191","url_meta":{"origin":16157,"position":0},"title":"Solicitan indagatoria a Camioneros por los bloqueos al supermercado Maxiconsumo","author":"AF","date":"02\/03\/2013","format":false,"excerpt":"El Fiscal Mart\u00edn Mainardi imput\u00f3 y pidi\u00f3 la declaraci\u00f3n indagatoria de diez integrantes del Sindicato de Choferes de Camiones por el delito de \"coacci\u00f3n\", en el marco de los bloqueos que ese sector realiz\u00f3 en los locales del supermercado mayorista. En un escrito al que pudo acceder T\u00e9lam, el representante\u2026","rel":"","context":"En \u00abPol\u00edtica\u00bb","block_context":{"text":"Pol\u00edtica","link":"https:\/\/www.24baires.com\/?cat=51"},"img":{"alt_text":"","src":"","width":0,"height":0},"classes":[]},{"id":100464,"url":"https:\/\/www.24baires.com\/?p=100464","url_meta":{"origin":16157,"position":1},"title":"La Justicia orden\u00f3 bloquear a nivel nacional la p\u00e1gina web de Uber","author":"GB","date":"09\/02\/2018","format":false,"excerpt":"El fiscal de la causa advirti\u00f3 que si las prestadoras de Internet no cumplen con la orden, tal como ven\u00edan haciendo hasta ahora por un supuesto impedimento t\u00e9cnico, incurrir\u00e1n en el delito de desobediencia. La C\u00e1mara de Apelaciones en lo Penal, Contravencional y de Faltas, resolvi\u00f3 este viernes laclausura y\u2026","rel":"","context":"En \u00abPol\u00edtica\u00bb","block_context":{"text":"Pol\u00edtica","link":"https:\/\/www.24baires.com\/?cat=51"},"img":{"alt_text":"","src":"https:\/\/i0.wp.com\/www.24baires.com\/wp-content\/uploads\/2016\/04\/uber-taxi.jpg?resize=350%2C200","width":350,"height":200,"srcset":"https:\/\/i0.wp.com\/www.24baires.com\/wp-content\/uploads\/2016\/04\/uber-taxi.jpg?resize=350%2C200 1x, https:\/\/i0.wp.com\/www.24baires.com\/wp-content\/uploads\/2016\/04\/uber-taxi.jpg?resize=525%2C300 1.5x"},"classes":[]},{"id":47381,"url":"https:\/\/www.24baires.com\/?p=47381","url_meta":{"origin":16157,"position":2},"title":"Ciccone: la defensa de Boudou pidi\u00f3 la nulidad del llamado a indagatoria","author":"GB","date":"04\/06\/2014","format":false,"excerpt":"Solicit\u00f3 adem\u00e1s el dictado de una nueva resoluci\u00f3n que \"resguarde garant\u00edas constitucionales\", al remarcar que \"desea dar las explicaciones que resulten necesarias\" pero en base a \"descripciones jur\u00eddicamente v\u00e1lidas\" por parte del juez de la causa. a defensa del vicepresidente Amado Boudou pidi\u00f3 hoy la nulidad de su llamado a\u2026","rel":"","context":"En \u00abPol\u00edtica\u00bb","block_context":{"text":"Pol\u00edtica","link":"https:\/\/www.24baires.com\/?cat=51"},"img":{"alt_text":"boudou2","src":"https:\/\/i0.wp.com\/www.24baires.com\/wp-content\/uploads\/2014\/05\/boudou2.jpg?resize=350%2C200","width":350,"height":200,"srcset":"https:\/\/i0.wp.com\/www.24baires.com\/wp-content\/uploads\/2014\/05\/boudou2.jpg?resize=350%2C200 1x, https:\/\/i0.wp.com\/www.24baires.com\/wp-content\/uploads\/2014\/05\/boudou2.jpg?resize=525%2C300 1.5x"},"classes":[]},{"id":119832,"url":"https:\/\/www.24baires.com\/?p=119832","url_meta":{"origin":16157,"position":3},"title":"Piden investigar la responsabilidad penal de la Polic\u00eda porte\u00f1a en el atentado a Cristina","author":"AF","date":"24\/02\/2023","format":false,"excerpt":"Mediante un escrito de 28 p\u00e1ginas, los abogados de la Vicepresidenta solicitaron al fiscal de la causa indagar sobre la actuaci\u00f3n de la fuerza de la Ciudad de Buenos Aires en el hecho intento de magnicidio del pasado 1 de septiembre. La querella de la vicepresidenta Cristina Fern\u00e1ndez de Kirchner\u2026","rel":"","context":"En \u00abJUDICIALES\u00bb","block_context":{"text":"JUDICIALES","link":"https:\/\/www.24baires.com\/?cat=68"},"img":{"alt_text":"","src":"https:\/\/i0.wp.com\/www.24baires.com\/wp-content\/uploads\/2023\/02\/cfk-atentado.jpg?resize=350%2C200","width":350,"height":200,"srcset":"https:\/\/i0.wp.com\/www.24baires.com\/wp-content\/uploads\/2023\/02\/cfk-atentado.jpg?resize=350%2C200 1x, https:\/\/i0.wp.com\/www.24baires.com\/wp-content\/uploads\/2023\/02\/cfk-atentado.jpg?resize=525%2C300 1.5x, https:\/\/i0.wp.com\/www.24baires.com\/wp-content\/uploads\/2023\/02\/cfk-atentado.jpg?resize=700%2C400 2x"},"classes":[]},{"id":107735,"url":"https:\/\/www.24baires.com\/?p=107735","url_meta":{"origin":16157,"position":4},"title":"Pino Solanas present\u00f3 un proyecto para quitarle inmunidad a Stornelli","author":"AF","date":"20\/04\/2019","format":false,"excerpt":"La iniciativa le reclama al jefe de los fiscales, Eduardo Casal, para que proceda al enjuiciamiento de Stornelli por no presentarse a declarar ante el juez Ramos Padilla. El proyecto cuenta con el respaldo de 17 senadores. El senador porte\u00f1o Fernando \u201cPino\u201d Solanas present\u00f3 un proyecto donde le pide al\u2026","rel":"","context":"En \u00abJUDICIALES\u00bb","block_context":{"text":"JUDICIALES","link":"https:\/\/www.24baires.com\/?cat=68"},"img":{"alt_text":"","src":"https:\/\/i0.wp.com\/www.24baires.com\/wp-content\/uploads\/2019\/03\/stornelli-1.jpg?resize=350%2C200","width":350,"height":200,"srcset":"https:\/\/i0.wp.com\/www.24baires.com\/wp-content\/uploads\/2019\/03\/stornelli-1.jpg?resize=350%2C200 1x, https:\/\/i0.wp.com\/www.24baires.com\/wp-content\/uploads\/2019\/03\/stornelli-1.jpg?resize=525%2C300 1.5x"},"classes":[]},{"id":106258,"url":"https:\/\/www.24baires.com\/?p=106258","url_meta":{"origin":16157,"position":5},"title":"La Justicia ratific\u00f3 las pol\u00edticas represivas de Bullrich y Macri","author":"AF","date":"08\/01\/2019","format":false,"excerpt":"Un magistrado de Jun\u00edn rechaz\u00f3 un amparo presentado contra el nuevo protocolo del Ministerio de Seguridad respecto del uso de armas de fuego por parte de las fuerzas. El juez federal de Jun\u00edn, H\u00e9ctor Pedro Plou, ratific\u00f3 de un plumazo al flamante protocolo creado por el gobierno nacional para el\u2026","rel":"","context":"En \u00abSociedad\u00bb","block_context":{"text":"Sociedad","link":"https:\/\/www.24baires.com\/?cat=1"},"img":{"alt_text":"","src":"https:\/\/i0.wp.com\/www.24baires.com\/wp-content\/uploads\/2018\/08\/bullrich-macri.jpg?resize=350%2C200","width":350,"height":200,"srcset":"https:\/\/i0.wp.com\/www.24baires.com\/wp-content\/uploads\/2018\/08\/bullrich-macri.jpg?resize=350%2C200 1x, https:\/\/i0.wp.com\/www.24baires.com\/wp-content\/uploads\/2018\/08\/bullrich-macri.jpg?resize=525%2C300 1.5x"},"classes":[]}],"jetpack_sharing_enabled":true,"jetpack_likes_enabled":true,"_links":{"self":[{"href":"https:\/\/www.24baires.com\/index.php?rest_route=\/wp\/v2\/posts\/16157","targetHints":{"allow":["GET"]}}],"collection":[{"href":"https:\/\/www.24baires.com\/index.php?rest_route=\/wp\/v2\/posts"}],"about":[{"href":"https:\/\/www.24baires.com\/index.php?rest_route=\/wp\/v2\/types\/post"}],"author":[{"embeddable":true,"href":"https:\/\/www.24baires.com\/index.php?rest_route=\/wp\/v2\/users\/4"}],"replies":[{"embeddable":true,"href":"https:\/\/www.24baires.com\/index.php?rest_route=%2Fwp%2Fv2%2Fcomments&post=16157"}],"version-history":[{"count":3,"href":"https:\/\/www.24baires.com\/index.php?rest_route=\/wp\/v2\/posts\/16157\/revisions"}],"predecessor-version":[{"id":16160,"href":"https:\/\/www.24baires.com\/index.php?rest_route=\/wp\/v2\/posts\/16157\/revisions\/16160"}],"wp:attachment":[{"href":"https:\/\/www.24baires.com\/index.php?rest_route=%2Fwp%2Fv2%2Fmedia&parent=16157"}],"wp:term":[{"taxonomy":"category","embeddable":true,"href":"https:\/\/www.24baires.com\/index.php?rest_route=%2Fwp%2Fv2%2Fcategories&post=16157"},{"taxonomy":"post_tag","embeddable":true,"href":"https:\/\/www.24baires.com\/index.php?rest_route=%2Fwp%2Fv2%2Ftags&post=16157"}],"curies":[{"name":"wp","href":"https:\/\/api.w.org\/{rel}","templated":true}]}}