{"id":16141,"date":"2013-02-19T20:22:06","date_gmt":"2013-02-19T23:22:06","guid":{"rendered":"http:\/\/www.24baires.com\/?p=16141"},"modified":"2013-02-19T19:14:15","modified_gmt":"2013-02-19T22:14:15","slug":"baradel-aseguro-que-recien-el-viernes-se-sabra-si-comienzan-las-clases","status":"publish","type":"post","link":"https:\/\/www.24baires.com\/?p=16141","title":{"rendered":"Baradel asegur\u00f3 que reci\u00e9n el viernes se sabr\u00e1 si comienzan las clases"},"content":{"rendered":"<p>El titular del Sindicato de Trabajadores de la Educaci\u00f3n de Buenos Aires (Suteba) , Roberto Baradel dialog\u00f3 con una radio porte\u00f1a y asegur\u00f3 que \u00abel viernes decidimos si empiezan las clases. Hoy, casi sobre el inicio del ciclo lectivo no hay convocatoria. La ministra de Educaci\u00f3n (Nora de Luc\u00eda) no ten\u00eda certeza de cu\u00e1ndo nos iba a llamar\u00bb, enfatiz\u00f3.<!--more--><\/p>\n<p>El representante gremial explic\u00f3 que la paritaria nacional docente \u00abfija un piso y las provincias no pueden pagar menos que eso, pero son las provincias las responsables de discutir aumentos de salarios\u00bb.<br \/>\nBaradel volvi\u00f3 a reiterar que en caso de efectivizarse el 22 por ciento de aumento, tal como la naci\u00f3n ofreci\u00f3 a los maestros, no lo aceptar\u00edan ya que ese porcentaje \u00abreci\u00e9n se va a cobrar en diciembre\u00bb pr\u00f3ximo.<br \/>\n\u00abEl salario m\u00ednimo que pretendemos es de 3650 pesos jornada simple\u00bb, ratific\u00f3 Baradel, y agreg\u00f3 que \u00aben una negociaci\u00f3n, no nos mantenemos intransigentes, pero no podemos aceptar un recorte como impuso la Naci\u00f3n\u201d.<br \/>\nPor \u00faltimo, advirti\u00f3 que el gobierno bonaerense \u00abno ha hecho ninguna propuesta y no nos ha convocado desde el 8 de febrero. Hay un malestar muy grande\u00bb.<br \/>\nCon este panorama, el inicio de clases es un misterio. Miguel D\u00edaz, titular de Udocba ratific\u00f3 que su gremio no comenzar\u00e1 las clases y anunci\u00f3 que realizar\u00e1n un paro por 72 horas que comenzar\u00e1 el pr\u00f3ximo lunes.<\/p>\n","protected":false},"excerpt":{"rendered":"<p>El titular del Sindicato de Trabajadores de la Educaci\u00f3n de Buenos Aires (Suteba) , Roberto Baradel dialog\u00f3 con una radio porte\u00f1a y asegur\u00f3 que \u00abel viernes decidimos si empiezan las clases. Hoy, casi sobre el inicio del ciclo lectivo no hay convocatoria. La ministra de Educaci\u00f3n (Nora de Luc\u00eda) no ten\u00eda certeza de cu\u00e1ndo nos iba a llamar\u00bb, enfatiz\u00f3.<\/p>\n","protected":false},"author":4,"featured_media":0,"comment_status":"open","ping_status":"open","sticky":false,"template":"","format":"standard","meta":{"_jetpack_newsletter_access":"","_jetpack_dont_email_post_to_subs":false,"_jetpack_newsletter_tier_id":0,"_jetpack_memberships_contains_paywalled_content":false,"_jetpack_memberships_contains_paid_content":false,"footnotes":""},"categories":[1],"tags":[],"class_list":["post-16141","post","type-post","status-publish","format-standard","hentry","category-sociedad"],"jetpack_featured_media_url":"","jetpack_shortlink":"https:\/\/wp.me\/p2JWE0-4cl","jetpack-related-posts":[{"id":113367,"url":"https:\/\/www.24baires.com\/?p=113367","url_meta":{"origin":16141,"position":0},"title":"Baradel celebr\u00f3 que vuelva la paritaria nacional docente","author":"GB","date":"12\/12\/2019","format":false,"excerpt":"El secretario general del Sindicato \u00danico de Trabajadores de la Educaci\u00f3n de Buenos Aires (Suteba), Roberto Baradel, celebr\u00f3 hoy que el gobierno nacional restituya la paritaria nacional docente, una instancia de negociaci\u00f3n con fuerza de ley que fue clausurada por decreto durante la administraci\u00f3n de Mauricio Macri. El dirigente gremial\u2026","rel":"","context":"En \u00abProvincia\u00bb","block_context":{"text":"Provincia","link":"https:\/\/www.24baires.com\/?cat=40"},"img":{"alt_text":"","src":"https:\/\/i0.wp.com\/www.24baires.com\/wp-content\/uploads\/2018\/09\/baradel.jpg?resize=350%2C200","width":350,"height":200,"srcset":"https:\/\/i0.wp.com\/www.24baires.com\/wp-content\/uploads\/2018\/09\/baradel.jpg?resize=350%2C200 1x, https:\/\/i0.wp.com\/www.24baires.com\/wp-content\/uploads\/2018\/09\/baradel.jpg?resize=525%2C300 1.5x"},"classes":[]},{"id":101738,"url":"https:\/\/www.24baires.com\/?p=101738","url_meta":{"origin":16141,"position":1},"title":"S\u00e1nchez Zinny critic\u00f3 el paro docente y asegur\u00f3 que \u201cse descontar\u00e1n los d\u00edas\u201d","author":"GB","date":"21\/04\/2018","format":false,"excerpt":"El director de Cultura y Educaci\u00f3n de la provincia asegur\u00f3 que el paro \u201cno ayuda a las negociaciones\u201d y que se reunieron 16 veces con los gremios, donde se hicieron siete ofertas diferentes. Baradel lo trat\u00f3 de mentiroso y asegur\u00f3 \"no vamos a arreglar a la baja\". Ayer los gremios\u2026","rel":"","context":"En \u00abProvincia\u00bb","block_context":{"text":"Provincia","link":"https:\/\/www.24baires.com\/?cat=40"},"img":{"alt_text":"","src":"https:\/\/i0.wp.com\/www.24baires.com\/wp-content\/uploads\/2018\/04\/sanchez-ziny.jpg?resize=350%2C200","width":350,"height":200,"srcset":"https:\/\/i0.wp.com\/www.24baires.com\/wp-content\/uploads\/2018\/04\/sanchez-ziny.jpg?resize=350%2C200 1x, https:\/\/i0.wp.com\/www.24baires.com\/wp-content\/uploads\/2018\/04\/sanchez-ziny.jpg?resize=525%2C300 1.5x"},"classes":[]},{"id":113937,"url":"https:\/\/www.24baires.com\/?p=113937","url_meta":{"origin":16141,"position":2},"title":"Baradel avis\u00f3 que los docentes quieren un aumento que supere la inflaci\u00f3n","author":"GB","date":"28\/01\/2020","format":false,"excerpt":"El titular de Suteba resalt\u00f3 que no pretenden una cifra concreta de aumento, aunque s\u00ed m\u00e1s que la cl\u00e1usula gatillo. El secretario general del Sindicato \u00danico de Trabajadores de la Educaci\u00f3n de la provincia de Buenos Aires (Suteba), Roberto Baradel, destac\u00f3 que los docentes quieren mejoras en el salario b\u00e1sico\u2026","rel":"","context":"En \u00abProvincia\u00bb","block_context":{"text":"Provincia","link":"https:\/\/www.24baires.com\/?cat=40"},"img":{"alt_text":"","src":"https:\/\/i0.wp.com\/www.24baires.com\/wp-content\/uploads\/2018\/10\/baradel.jpg?resize=350%2C200","width":350,"height":200,"srcset":"https:\/\/i0.wp.com\/www.24baires.com\/wp-content\/uploads\/2018\/10\/baradel.jpg?resize=350%2C200 1x, https:\/\/i0.wp.com\/www.24baires.com\/wp-content\/uploads\/2018\/10\/baradel.jpg?resize=525%2C300 1.5x"},"classes":[]},{"id":106354,"url":"https:\/\/www.24baires.com\/?p=106354","url_meta":{"origin":16141,"position":3},"title":"Baradel anticip\u00f3 que solicitar\u00e1n la cl\u00e1usula gatillo en la paritaria de febrero","author":"GB","date":"15\/01\/2019","format":false,"excerpt":"El titular de Suteba asegur\u00f3 que los gremios solicitaron a la Provincia que la paritaria equipare a la inflaci\u00f3n. Adem\u00e1s anticipo que solicitaran mayor inversi\u00f3n en infraestructura escolar para tener escuelas seguras. Roberto Baradel desminti\u00f3 los dichos de Mar\u00eda Eugenia Vidal en relaci\u00f3n al conflicto docente y anticip\u00f3 que en\u2026","rel":"","context":"En \u00abProvincia\u00bb","block_context":{"text":"Provincia","link":"https:\/\/www.24baires.com\/?cat=40"},"img":{"alt_text":"","src":"https:\/\/i0.wp.com\/www.24baires.com\/wp-content\/uploads\/2018\/10\/baradel.jpg?resize=350%2C200","width":350,"height":200,"srcset":"https:\/\/i0.wp.com\/www.24baires.com\/wp-content\/uploads\/2018\/10\/baradel.jpg?resize=350%2C200 1x, https:\/\/i0.wp.com\/www.24baires.com\/wp-content\/uploads\/2018\/10\/baradel.jpg?resize=525%2C300 1.5x"},"classes":[]},{"id":78231,"url":"https:\/\/www.24baires.com\/?p=78231","url_meta":{"origin":16141,"position":4},"title":"Gremios docentes pidieron $8.500 de salario inicial","author":"AF","date":"28\/01\/2016","format":false,"excerpt":"Lo precis\u00f3 el titular de Suteba, Roberto Baradel. El mi\u00e9rcoles de la semana que viene habr\u00e1 un nuevo encuentro. No hubo contraoferta. El titular de Suteba, Roberto Baradel, detall\u00f3 que en la reuni\u00f3n que mantuvieron los cinco gremios docentes con el ministro de Educaci\u00f3n, Esteban Bulrrich, le plantearon \u201cun un\u2026","rel":"","context":"En \u00abSociedad\u00bb","block_context":{"text":"Sociedad","link":"https:\/\/www.24baires.com\/?cat=1"},"img":{"alt_text":"baradel declaraciones","src":"https:\/\/i0.wp.com\/www.24baires.com\/wp-content\/uploads\/2012\/12\/baradel-declaraciones.jpg?resize=350%2C200","width":350,"height":200,"srcset":"https:\/\/i0.wp.com\/www.24baires.com\/wp-content\/uploads\/2012\/12\/baradel-declaraciones.jpg?resize=350%2C200 1x, https:\/\/i0.wp.com\/www.24baires.com\/wp-content\/uploads\/2012\/12\/baradel-declaraciones.jpg?resize=525%2C300 1.5x"},"classes":[]},{"id":100049,"url":"https:\/\/www.24baires.com\/?p=100049","url_meta":{"origin":16141,"position":5},"title":"Gremios docentes advierten que en estas condiciones \u201cno comenzar\u00e1n las clases\u201d","author":"GB","date":"19\/01\/2018","format":false,"excerpt":"As\u00ed lo asegur\u00f3 el secretario General de SUTEBA, quien envi\u00f3 un mensaje al Ejecutivo y ya puso los primeros requerimientos para que el ciclo lectivo inicie a tiempo. En medio del clima de tensi\u00f3n por el decreto de Mauricio Macri que elimina la paritaria nacional docente y quita injerencia a\u2026","rel":"","context":"En \u00abProvincia\u00bb","block_context":{"text":"Provincia","link":"https:\/\/www.24baires.com\/?cat=40"},"img":{"alt_text":"","src":"https:\/\/i0.wp.com\/www.24baires.com\/wp-content\/uploads\/2017\/03\/marcha-federal-docente.jpg?resize=350%2C200","width":350,"height":200,"srcset":"https:\/\/i0.wp.com\/www.24baires.com\/wp-content\/uploads\/2017\/03\/marcha-federal-docente.jpg?resize=350%2C200 1x, https:\/\/i0.wp.com\/www.24baires.com\/wp-content\/uploads\/2017\/03\/marcha-federal-docente.jpg?resize=525%2C300 1.5x"},"classes":[]}],"jetpack_sharing_enabled":true,"jetpack_likes_enabled":true,"_links":{"self":[{"href":"https:\/\/www.24baires.com\/index.php?rest_route=\/wp\/v2\/posts\/16141","targetHints":{"allow":["GET"]}}],"collection":[{"href":"https:\/\/www.24baires.com\/index.php?rest_route=\/wp\/v2\/posts"}],"about":[{"href":"https:\/\/www.24baires.com\/index.php?rest_route=\/wp\/v2\/types\/post"}],"author":[{"embeddable":true,"href":"https:\/\/www.24baires.com\/index.php?rest_route=\/wp\/v2\/users\/4"}],"replies":[{"embeddable":true,"href":"https:\/\/www.24baires.com\/index.php?rest_route=%2Fwp%2Fv2%2Fcomments&post=16141"}],"version-history":[{"count":3,"href":"https:\/\/www.24baires.com\/index.php?rest_route=\/wp\/v2\/posts\/16141\/revisions"}],"predecessor-version":[{"id":16143,"href":"https:\/\/www.24baires.com\/index.php?rest_route=\/wp\/v2\/posts\/16141\/revisions\/16143"}],"wp:attachment":[{"href":"https:\/\/www.24baires.com\/index.php?rest_route=%2Fwp%2Fv2%2Fmedia&parent=16141"}],"wp:term":[{"taxonomy":"category","embeddable":true,"href":"https:\/\/www.24baires.com\/index.php?rest_route=%2Fwp%2Fv2%2Fcategories&post=16141"},{"taxonomy":"post_tag","embeddable":true,"href":"https:\/\/www.24baires.com\/index.php?rest_route=%2Fwp%2Fv2%2Ftags&post=16141"}],"curies":[{"name":"wp","href":"https:\/\/api.w.org\/{rel}","templated":true}]}}