{"id":16127,"date":"2013-02-19T16:30:42","date_gmt":"2013-02-19T19:30:42","guid":{"rendered":"http:\/\/www.24baires.com\/?p=16127"},"modified":"2013-02-19T15:24:13","modified_gmt":"2013-02-19T18:24:13","slug":"presentan-proyecto-para-crear-una-materia-escolar-sobre-la-violencia-de-genero","status":"publish","type":"post","link":"https:\/\/www.24baires.com\/?p=16127","title":{"rendered":"Presentan proyecto para crear una materia escolar sobre la violencia de g\u00e9nero"},"content":{"rendered":"<p><img data-recalc-dims=\"1\" loading=\"lazy\" decoding=\"async\" class=\"alignleft size-medium wp-image-16128\" alt=\"clase\" src=\"https:\/\/i0.wp.com\/www.24baires.com\/wp-content\/uploads\/2013\/02\/clase.jpg?resize=300%2C198\" width=\"300\" height=\"198\" srcset=\"https:\/\/i0.wp.com\/www.24baires.com\/wp-content\/uploads\/2013\/02\/clase.jpg?resize=300%2C198&amp;ssl=1 300w, https:\/\/i0.wp.com\/www.24baires.com\/wp-content\/uploads\/2013\/02\/clase.jpg?w=560&amp;ssl=1 560w\" sizes=\"auto, (max-width: 300px) 100vw, 300px\" \/>Un proyecto de ley impulsado en el Senado bonaerense busca que los estudiantes de las escuelas del distrito cursen una materia destinada a prevenir la violencia de g\u00e9nero. <!--more--><\/p>\n<p>La iniciativa de la senadora provincial Mar\u00eda Isabel (Coalici\u00f3n C\u00edvica) Gainza, incorpora al dise\u00f1o curricular del sistema educativo bonaerense, con car\u00e1cter obligatorio para todos los niveles y modalidades, programas destinados a la prevenci\u00f3n de la violencia de g\u00e9nero.<\/p>\n<p>Gainza destac\u00f3 que \u00abel t\u00e9rmino femicidio se halla directamente vinculado a la naturalizaci\u00f3n de la sociedad hacia la violencia sexista y la definici\u00f3n de la mujer como propiedad de su pareja o del hombre que as\u00ed la considere\u00bb.<\/p>\n<p>Resalt\u00f3 que \u00ablejos de ser una cuesti\u00f3n meramente enunciativa, las estad\u00edsticas muestran que el fen\u00f3meno contin\u00faa en franco crecimiento\u00bb.<\/p>\n<p>En este contexto, la legisladora propuso la creaci\u00f3n de una nueva curr\u00edcula, la cual \u00abbusca ofrecer a las nuevas generaciones un espacio de reflexi\u00f3n espec\u00edfico para la concientizaci\u00f3n de los derechos inalienables de cada persona en general y de las mujeres en particular\u00bb.<\/p>\n<p>&nbsp;<\/p>\n<p>&nbsp;<\/p>\n<p>&nbsp;<\/p>\n<p>&nbsp;<\/p>\n<p>&nbsp;<\/p>\n<p>&nbsp;<\/p>\n<p>&nbsp;<\/p>\n<p>&nbsp;<\/p>\n<p>&nbsp;<\/p>\n<p>&nbsp;<\/p>\n<p>&nbsp;<\/p>\n<p>&nbsp;<\/p>\n<p>&nbsp;<\/p>\n<p>&nbsp;<\/p>\n<p>&nbsp;<\/p>\n<p>&nbsp;<\/p>\n<p>&nbsp;<\/p>\n<p>&nbsp;<\/p>\n<p>&nbsp;<\/p>\n<p>&nbsp;<\/p>\n","protected":false},"excerpt":{"rendered":"<p>Un proyecto de ley impulsado en el Senado bonaerense busca que los estudiantes de las escuelas del distrito cursen una materia destinada a prevenir la violencia de g\u00e9nero.<\/p>\n","protected":false},"author":4,"featured_media":0,"comment_status":"open","ping_status":"open","sticky":false,"template":"","format":"standard","meta":{"_jetpack_newsletter_access":"","_jetpack_dont_email_post_to_subs":false,"_jetpack_newsletter_tier_id":0,"_jetpack_memberships_contains_paywalled_content":false,"_jetpack_memberships_contains_paid_content":false,"footnotes":""},"categories":[1],"tags":[],"class_list":["post-16127","post","type-post","status-publish","format-standard","hentry","category-sociedad"],"jetpack_featured_media_url":"","jetpack_shortlink":"https:\/\/wp.me\/p2JWE0-4c7","jetpack-related-posts":[{"id":5786,"url":"https:\/\/www.24baires.com\/?p=5786","url_meta":{"origin":16127,"position":0},"title":"Sugieren la creaci\u00f3n de un sistema integral de atenci\u00f3n para adictos","author":"AF","date":"17\/11\/2012","format":false,"excerpt":"El proyecto pertenece a la senadora Mar\u00eda Isabel Gainza y tiene como objetivo implementar en todo el territorio provincial un organismo de atenci\u00f3n p\u00fablico (SiPAPCA) dedicado a prevenir, diagnosticar y brindar atenci\u00f3n m\u00e9dica para personas adictas. El proyecto de la senadora Maria Isabel Gainza propone crear el Sistema P\u00fablico de\u2026","rel":"","context":"En \u00abSociedad\u00bb","block_context":{"text":"Sociedad","link":"https:\/\/www.24baires.com\/?cat=1"},"img":{"alt_text":"","src":"","width":0,"height":0},"classes":[]},{"id":8134,"url":"https:\/\/www.24baires.com\/?p=8134","url_meta":{"origin":16127,"position":1},"title":"Proponen declarar la emergencia del servicio alimentario escolar","author":"AF","date":"06\/12\/2012","format":false,"excerpt":"La iniciativa es impulsada por la senadora bonaerense Mar\u00eda Isabel Gainza frente a la situaci\u00f3n de los proveedores de los comedores escolares, quienes amenazaron con cortar el servicio por la elevada deuda que mantiene la provincia de Buenos Aires. A trav\u00e9s de un proyecto de ley, la legisladora de la\u2026","rel":"","context":"En \u00abSociedad\u00bb","block_context":{"text":"Sociedad","link":"https:\/\/www.24baires.com\/?cat=1"},"img":{"alt_text":"","src":"","width":0,"height":0},"classes":[]},{"id":1627,"url":"https:\/\/www.24baires.com\/?p=1627","url_meta":{"origin":16127,"position":2},"title":"Denuncian que empresa privada reemplaza personal de seguridad por polic\u00edas bonaerenses","author":"AF","date":"10\/10\/2012","format":false,"excerpt":"La senadora provincial de la Coalici\u00f3n C\u00edvica, Mar\u00eda Isabel Gainza, asegur\u00f3 que en las pr\u00f3ximas horas elevar\u00e1n un pedido de informes al Ejecutivo. \u201cLos polic\u00edas son servidores p\u00fablicos que est\u00e1n para dar seguridad a todos los bonaerenses y no a los bienes de una empresa. Queremos saber si Casal est\u00e1\u2026","rel":"","context":"En \u00abSociedad\u00bb","block_context":{"text":"Sociedad","link":"https:\/\/www.24baires.com\/?cat=1"},"img":{"alt_text":"","src":"","width":0,"height":0},"classes":[]},{"id":14906,"url":"https:\/\/www.24baires.com\/?p=14906","url_meta":{"origin":16127,"position":3},"title":"La Senadora Gainza alert\u00f3 al Ejecutivo sobre el deplorable estado de las rutas bonaerenses","author":"AF","date":"07\/02\/2013","format":false,"excerpt":"La senadora de la 7ma secci\u00f3n electoral, Mar\u00eda Isabel Gainza, dio a conocer un parte de prensa, donde se\u00f1ala que \"en los \u00faltimos dos a\u00f1os present\u00f3 13 proyectos alertando al Ejecutivo bonaerense sobre el estado deplorable de las rutas 60, 65, 51, 76, 46\". Mientras el gobierno de Daniel Scioli\u2026","rel":"","context":"En \u00abProvincia\u00bb","block_context":{"text":"Provincia","link":"https:\/\/www.24baires.com\/?cat=40"},"img":{"alt_text":"ruta 2","src":"https:\/\/i0.wp.com\/www.24baires.com\/wp-content\/uploads\/2012\/12\/ruta-2-300x168.jpg?resize=350%2C200","width":350,"height":200},"classes":[]},{"id":2536,"url":"https:\/\/www.24baires.com\/?p=2536","url_meta":{"origin":16127,"position":4},"title":"Ya es Ley la emergencia p\u00fablica por violencia de g\u00e9nero","author":"AF","date":"18\/10\/2012","format":false,"excerpt":"La C\u00e1mara alta aprob\u00f3 el proyecto que adhiere a la Ley Nacional 26.485 contra la violencia hacia las mujeres y faculta al Ejecutivo a reasignar las partidas presupuestarias necesarias. La emergencia se declara por el t\u00e9rmino de dos a\u00f1os con el objetivo de revertir el n\u00famero de v\u00edctimas en territorio\u2026","rel":"","context":"En \u00abSociedad\u00bb","block_context":{"text":"Sociedad","link":"https:\/\/www.24baires.com\/?cat=1"},"img":{"alt_text":"","src":"","width":0,"height":0},"classes":[]},{"id":119579,"url":"https:\/\/www.24baires.com\/?p=119579","url_meta":{"origin":16127,"position":5},"title":"La mitad de las bonaerenses estuvieron o est\u00e1n en situaciones de violencia","author":"AF","date":"24\/11\/2022","format":false,"excerpt":"Seg\u00fan la Encuesta de Prevalencia de Violencia contra las Mujeres el 48,9% de las entrevistadas del Gran Buenos Aires (GBA) y el 44,7% del resto de la provincia que est\u00e1n o han estado en pareja experimentaron violencia dom\u00e9stica. La mitad de las bonaerenses que participaron de una encuesta oficial dijeron\u2026","rel":"","context":"En \u00abProvincia\u00bb","block_context":{"text":"Provincia","link":"https:\/\/www.24baires.com\/?cat=40"},"img":{"alt_text":"","src":"https:\/\/i0.wp.com\/www.24baires.com\/wp-content\/uploads\/2016\/04\/contra-violencia-de-genero.jpg?resize=350%2C200","width":350,"height":200,"srcset":"https:\/\/i0.wp.com\/www.24baires.com\/wp-content\/uploads\/2016\/04\/contra-violencia-de-genero.jpg?resize=350%2C200 1x, https:\/\/i0.wp.com\/www.24baires.com\/wp-content\/uploads\/2016\/04\/contra-violencia-de-genero.jpg?resize=525%2C300 1.5x, https:\/\/i0.wp.com\/www.24baires.com\/wp-content\/uploads\/2016\/04\/contra-violencia-de-genero.jpg?resize=700%2C400 2x"},"classes":[]}],"jetpack_sharing_enabled":true,"jetpack_likes_enabled":true,"_links":{"self":[{"href":"https:\/\/www.24baires.com\/index.php?rest_route=\/wp\/v2\/posts\/16127","targetHints":{"allow":["GET"]}}],"collection":[{"href":"https:\/\/www.24baires.com\/index.php?rest_route=\/wp\/v2\/posts"}],"about":[{"href":"https:\/\/www.24baires.com\/index.php?rest_route=\/wp\/v2\/types\/post"}],"author":[{"embeddable":true,"href":"https:\/\/www.24baires.com\/index.php?rest_route=\/wp\/v2\/users\/4"}],"replies":[{"embeddable":true,"href":"https:\/\/www.24baires.com\/index.php?rest_route=%2Fwp%2Fv2%2Fcomments&post=16127"}],"version-history":[{"count":2,"href":"https:\/\/www.24baires.com\/index.php?rest_route=\/wp\/v2\/posts\/16127\/revisions"}],"predecessor-version":[{"id":16130,"href":"https:\/\/www.24baires.com\/index.php?rest_route=\/wp\/v2\/posts\/16127\/revisions\/16130"}],"wp:attachment":[{"href":"https:\/\/www.24baires.com\/index.php?rest_route=%2Fwp%2Fv2%2Fmedia&parent=16127"}],"wp:term":[{"taxonomy":"category","embeddable":true,"href":"https:\/\/www.24baires.com\/index.php?rest_route=%2Fwp%2Fv2%2Fcategories&post=16127"},{"taxonomy":"post_tag","embeddable":true,"href":"https:\/\/www.24baires.com\/index.php?rest_route=%2Fwp%2Fv2%2Ftags&post=16127"}],"curies":[{"name":"wp","href":"https:\/\/api.w.org\/{rel}","templated":true}]}}