{"id":16114,"date":"2013-02-19T14:49:53","date_gmt":"2013-02-19T17:49:53","guid":{"rendered":"http:\/\/www.24baires.com\/?p=16114"},"modified":"2013-02-19T14:56:52","modified_gmt":"2013-02-19T17:56:52","slug":"denuncian-desde-la-cicop-una-grave-crisis-en-los-hospitales-bonaerenses","status":"publish","type":"post","link":"https:\/\/www.24baires.com\/?p=16114","title":{"rendered":"Denuncian desde la CICOP una grave crisis en los Hospitales bonaerenses"},"content":{"rendered":"<p><img data-recalc-dims=\"1\" loading=\"lazy\" decoding=\"async\" class=\"aligncenter size-full wp-image-16117\" alt=\"paro cicop\" src=\"https:\/\/i0.wp.com\/www.24baires.com\/wp-content\/uploads\/2013\/02\/paro-cicop.jpg?resize=560%2C328\" width=\"560\" height=\"328\" srcset=\"https:\/\/i0.wp.com\/www.24baires.com\/wp-content\/uploads\/2013\/02\/paro-cicop.jpg?w=560&amp;ssl=1 560w, https:\/\/i0.wp.com\/www.24baires.com\/wp-content\/uploads\/2013\/02\/paro-cicop.jpg?resize=300%2C175&amp;ssl=1 300w\" sizes=\"auto, (max-width: 560px) 100vw, 560px\" \/>Suspensi\u00f3n de pagos a las empresas de limpieza, crisis sanitaria en Carmen de Areco, cierres de servicios de neonatolog\u00eda y falta de insumos, son algunos de los ejes planteados por el gremio. Por esa raz\u00f3n, desde la entidad convocaron a un Congreso de Delegados para definir la continuidad del plan de acci\u00f3n. Se realizar\u00e1 el viernes a las 9.30 en la sede de Jos\u00e9 M. Moreno.<!--more--><br \/>\nLos m\u00e9dicos bonaerenses nucleados en el gremio de la CICOP, se reunir\u00e1n el viernes para determinar la continuidad del plan de acci\u00f3n, en el marco de la falta de propuesta salarial de parte del ejecutivo bonaerense.<\/p>\n<p>\u201cLa profundidad de la crisis econ\u00f3mica bonaerense, la inflaci\u00f3n y los problemas financieros del estado provincial amenazan la salud p\u00fablica\u201d, justificaron desde el gremio mediante un comunicado.<\/p>\n<p>Por esa raz\u00f3n, desde la c\u00fapula del gremio llamaron \u201ca realizar asambleas durante esta semana para definir medidas en coordinaci\u00f3n con los gremios de la CTA y dem\u00e1s organizaciones sindicales del Estado provincial\u201d.<\/p>\n<p>En tanto, ATE convoc\u00f3 a paro Provincial para el 25 de febrero y la CTA Provincia de Buenos Aires llam\u00f3 a acompa\u00f1ar todas las acciones que se lleven a cabo a partir de ese d\u00eda.<\/p>\n<p>El 14 de febrero, la CICOP realiz\u00f3 un paro de actividades y una jornada de lucha que incluy\u00f3 a todos los hospitales bonaerenses. All\u00ed los profesionales plantearon la necesidad de una urgente reparaci\u00f3n salarial.<\/p>\n<p>&nbsp;<\/p>\n<p>&nbsp;<\/p>\n<p>&nbsp;<\/p>\n<p>&nbsp;<\/p>\n<p>&nbsp;<\/p>\n<p>&nbsp;<\/p>\n<p>&nbsp;<\/p>\n<p>&nbsp;<\/p>\n<p>&nbsp;<\/p>\n<p>&nbsp;<\/p>\n<p>&nbsp;<\/p>\n<p>&nbsp;<\/p>\n<p>&nbsp;<\/p>\n<p>&nbsp;<\/p>\n<p>&nbsp;<\/p>\n<p>&nbsp;<\/p>\n<p>&nbsp;<\/p>\n","protected":false},"excerpt":{"rendered":"<p>Suspensi\u00f3n de pagos a las empresas de limpieza, crisis sanitaria en Carmen de Areco, cierres de servicios de neonatolog\u00eda y falta de insumos, son algunos de los ejes planteados por el gremio. Por esa raz\u00f3n, desde la entidad convocaron a un Congreso de Delegados para definir la continuidad del plan de acci\u00f3n. Se realizar\u00e1 el viernes a las 9.30 en [&#8230;]<\/p>\n","protected":false},"author":4,"featured_media":0,"comment_status":"open","ping_status":"open","sticky":false,"template":"","format":"standard","meta":{"_jetpack_newsletter_access":"","_jetpack_dont_email_post_to_subs":false,"_jetpack_newsletter_tier_id":0,"_jetpack_memberships_contains_paywalled_content":false,"_jetpack_memberships_contains_paid_content":false,"footnotes":""},"categories":[1],"tags":[],"class_list":["post-16114","post","type-post","status-publish","format-standard","hentry","category-sociedad"],"jetpack_featured_media_url":"","jetpack_shortlink":"https:\/\/wp.me\/p2JWE0-4bU","jetpack-related-posts":[{"id":101903,"url":"https:\/\/www.24baires.com\/?p=101903","url_meta":{"origin":16114,"position":0},"title":"Cicop convoc\u00f3 a un paro ma\u00f1ana y la semana siguiente realizar\u00e1 otro","author":"GB","date":"02\/05\/2018","format":false,"excerpt":"El gremio que nuclea a m\u00e9dicos y profesionales de la salud resolvi\u00f3 un plan de lucha que consta de dos huelgas con acciones regionales y llamar\u00e1n a otros gremios para confluir en una marcha. M\u00e9dicos y profesionales de la salud bonaerenses realizar\u00e1n un paro ma\u00f1ana en todos los hospitales p\u00fablicos\u2026","rel":"","context":"En \u00abProvincia\u00bb","block_context":{"text":"Provincia","link":"https:\/\/www.24baires.com\/?cat=40"},"img":{"alt_text":"","src":"https:\/\/i0.wp.com\/www.24baires.com\/wp-content\/uploads\/2016\/12\/cicop.jpg?resize=350%2C200","width":350,"height":200,"srcset":"https:\/\/i0.wp.com\/www.24baires.com\/wp-content\/uploads\/2016\/12\/cicop.jpg?resize=350%2C200 1x, https:\/\/i0.wp.com\/www.24baires.com\/wp-content\/uploads\/2016\/12\/cicop.jpg?resize=525%2C300 1.5x"},"classes":[]},{"id":112563,"url":"https:\/\/www.24baires.com\/?p=112563","url_meta":{"origin":16114,"position":1},"title":"Judiciales y m\u00e9dicos bonaerenses confluyen en un nuevo paro contra Vidal","author":"GB","date":"21\/10\/2019","format":false,"excerpt":"Tanto la AJB como Cicop llevar\u00e1n a cabo este mi\u00e9rcoles 23 una huelga en todo el territorio bonaerense en busca de que el gobierno los convoque a paritarias. A d\u00edas de las elecciones, dos de los gremios estatales bonaerenses revolvieron continuar con sus reclamos hacia la gobernadora, Mar\u00eda Eugenia Vidal.\u2026","rel":"","context":"En \u00abProvincia\u00bb","block_context":{"text":"Provincia","link":"https:\/\/www.24baires.com\/?cat=40"},"img":{"alt_text":"","src":"https:\/\/i0.wp.com\/www.24baires.com\/wp-content\/uploads\/2017\/09\/judiciales-cicop.jpg?resize=350%2C200","width":350,"height":200,"srcset":"https:\/\/i0.wp.com\/www.24baires.com\/wp-content\/uploads\/2017\/09\/judiciales-cicop.jpg?resize=350%2C200 1x, https:\/\/i0.wp.com\/www.24baires.com\/wp-content\/uploads\/2017\/09\/judiciales-cicop.jpg?resize=525%2C300 1.5x"},"classes":[]},{"id":112599,"url":"https:\/\/www.24baires.com\/?p=112599","url_meta":{"origin":16114,"position":2},"title":"Nuevo paro de judiciales y m\u00e9dicos bonaerenses","author":"GB","date":"23\/10\/2019","format":false,"excerpt":"Tanto la AJB como Cicop lleva a cabo este mi\u00e9rcoles una huelga en todo el territorio bonaerense en busca de que el gobierno los convoque a paritarias. Dos de los gremios estatales bonaerenses revolvieron continuar con sus reclamos hacia la gobernadora, Mar\u00eda Eugenia Vidal. La AJB y Cicop resolvieron confluir\u2026","rel":"","context":"En \u00abProvincia\u00bb","block_context":{"text":"Provincia","link":"https:\/\/www.24baires.com\/?cat=40"},"img":{"alt_text":"","src":"https:\/\/i0.wp.com\/www.24baires.com\/wp-content\/uploads\/2019\/04\/judiciales-cicop.jpg?resize=350%2C200","width":350,"height":200,"srcset":"https:\/\/i0.wp.com\/www.24baires.com\/wp-content\/uploads\/2019\/04\/judiciales-cicop.jpg?resize=350%2C200 1x, https:\/\/i0.wp.com\/www.24baires.com\/wp-content\/uploads\/2019\/04\/judiciales-cicop.jpg?resize=525%2C300 1.5x"},"classes":[]},{"id":101497,"url":"https:\/\/www.24baires.com\/?p=101497","url_meta":{"origin":16114,"position":3},"title":"M\u00e9dicos bonaerenses reclaman una convocatoria a paritarias","author":"GB","date":"09\/04\/2018","format":false,"excerpt":"Desde Cicop destacaron la \"unidad en acci\u00f3n\" con otros gremios estatales y advirtieron: \"Somos muchos los que no vamos a aceptar propuestas a la baja\". Tras el paro del \u00faltimo jueves, los m\u00e9dicos bonaerenses nucleados en Cicop le reclamaron a Mar\u00eda Eugenia Vidal que convoque a una reuni\u00f3n paritaria para\u2026","rel":"","context":"En \u00abLocales\u00bb","block_context":{"text":"Locales","link":"https:\/\/www.24baires.com\/?cat=38"},"img":{"alt_text":"","src":"https:\/\/i0.wp.com\/www.24baires.com\/wp-content\/uploads\/2016\/12\/cicop.jpg?resize=350%2C200","width":350,"height":200,"srcset":"https:\/\/i0.wp.com\/www.24baires.com\/wp-content\/uploads\/2016\/12\/cicop.jpg?resize=350%2C200 1x, https:\/\/i0.wp.com\/www.24baires.com\/wp-content\/uploads\/2016\/12\/cicop.jpg?resize=525%2C300 1.5x"},"classes":[]},{"id":104505,"url":"https:\/\/www.24baires.com\/?p=104505","url_meta":{"origin":16114,"position":4},"title":"Cicop vuelve al paro por 48 horas con una marcha a la Gobernaci\u00f3n","author":"GB","date":"17\/09\/2018","format":false,"excerpt":"M\u00e9dicos y profesionales bonaerenses profundizan la protesta en el marco del pedido de paritarias para discutir aumentos de sueldos. El mi\u00e9rcoles confluir\u00e1n en una movilizaci\u00f3n junto a otros gremios. Al reclamo salarial de los estatales, docentes y judiciales, los m\u00e9dicos y profesionales de la salud bonaerenses se le suman en\u2026","rel":"","context":"En \u00abProvincia\u00bb","block_context":{"text":"Provincia","link":"https:\/\/www.24baires.com\/?cat=40"},"img":{"alt_text":"","src":"https:\/\/i0.wp.com\/www.24baires.com\/wp-content\/uploads\/2016\/12\/cicop.jpg?resize=350%2C200","width":350,"height":200,"srcset":"https:\/\/i0.wp.com\/www.24baires.com\/wp-content\/uploads\/2016\/12\/cicop.jpg?resize=350%2C200 1x, https:\/\/i0.wp.com\/www.24baires.com\/wp-content\/uploads\/2016\/12\/cicop.jpg?resize=525%2C300 1.5x"},"classes":[]},{"id":101920,"url":"https:\/\/www.24baires.com\/?p=101920","url_meta":{"origin":16114,"position":5},"title":"M\u00e9dicos bonaerenses comienzan el paro provincial con movilizaciones regionales","author":"GB","date":"03\/05\/2018","format":false,"excerpt":"Trabajadores nucleados en Cicop realizan una huelga por 24 horas en todo el territorio bonaerense en reclamo de paritarias salariales. La semana pr\u00f3xima realizar\u00e1n otra medida fuerza. M\u00e9dicos y profesionales de la salud bonaerenses realizan un paro en todos los hospitales p\u00fablicos provinciales en reclamo de la realizaci\u00f3n de paritarias\u2026","rel":"","context":"En \u00abProvincia\u00bb","block_context":{"text":"Provincia","link":"https:\/\/www.24baires.com\/?cat=40"},"img":{"alt_text":"","src":"https:\/\/i0.wp.com\/www.24baires.com\/wp-content\/uploads\/2014\/02\/Paro-Cicop.jpg?resize=350%2C200","width":350,"height":200,"srcset":"https:\/\/i0.wp.com\/www.24baires.com\/wp-content\/uploads\/2014\/02\/Paro-Cicop.jpg?resize=350%2C200 1x, https:\/\/i0.wp.com\/www.24baires.com\/wp-content\/uploads\/2014\/02\/Paro-Cicop.jpg?resize=525%2C300 1.5x"},"classes":[]}],"jetpack_sharing_enabled":true,"jetpack_likes_enabled":true,"_links":{"self":[{"href":"https:\/\/www.24baires.com\/index.php?rest_route=\/wp\/v2\/posts\/16114","targetHints":{"allow":["GET"]}}],"collection":[{"href":"https:\/\/www.24baires.com\/index.php?rest_route=\/wp\/v2\/posts"}],"about":[{"href":"https:\/\/www.24baires.com\/index.php?rest_route=\/wp\/v2\/types\/post"}],"author":[{"embeddable":true,"href":"https:\/\/www.24baires.com\/index.php?rest_route=\/wp\/v2\/users\/4"}],"replies":[{"embeddable":true,"href":"https:\/\/www.24baires.com\/index.php?rest_route=%2Fwp%2Fv2%2Fcomments&post=16114"}],"version-history":[{"count":3,"href":"https:\/\/www.24baires.com\/index.php?rest_route=\/wp\/v2\/posts\/16114\/revisions"}],"predecessor-version":[{"id":16119,"href":"https:\/\/www.24baires.com\/index.php?rest_route=\/wp\/v2\/posts\/16114\/revisions\/16119"}],"wp:attachment":[{"href":"https:\/\/www.24baires.com\/index.php?rest_route=%2Fwp%2Fv2%2Fmedia&parent=16114"}],"wp:term":[{"taxonomy":"category","embeddable":true,"href":"https:\/\/www.24baires.com\/index.php?rest_route=%2Fwp%2Fv2%2Fcategories&post=16114"},{"taxonomy":"post_tag","embeddable":true,"href":"https:\/\/www.24baires.com\/index.php?rest_route=%2Fwp%2Fv2%2Ftags&post=16114"}],"curies":[{"name":"wp","href":"https:\/\/api.w.org\/{rel}","templated":true}]}}