{"id":16106,"date":"2013-02-19T14:05:05","date_gmt":"2013-02-19T17:05:05","guid":{"rendered":"http:\/\/www.24baires.com\/?p=16106"},"modified":"2013-02-19T14:05:05","modified_gmt":"2013-02-19T17:05:05","slug":"miguel-diaz-de-udocba-solamente-un-huevon-o-un-traidor-puede-aceptar-estas-condiciones","status":"publish","type":"post","link":"https:\/\/www.24baires.com\/?p=16106","title":{"rendered":"Miguel D\u00edaz de Udocba: \u00abSolamente un huev\u00f3n o un traidor puede aceptar estas condiciones\u00bb"},"content":{"rendered":"<p>As\u00ed lo asegur\u00f3 el titular de ese gremio docente enrolado en la Cgt. Ratific\u00f3 el paro por 72 horas a partir del pr\u00f3ximo lunes, que coincidir\u00e1 con la medida de fuerza de Ate.<!--more--><\/p>\n<p>El secretario general de Udocba, Miguel D\u00edaz asegur\u00f3 a <strong>24baires.com<\/strong> que \u201clas asambleas est\u00e1n ratificando el paro. El jueves vamos a hacer una rueda de prensa con una presentaci\u00f3n en donde vamos a exponer las razones de la medida de fuerza. De todos modos, ya es de p\u00fablico conocimiento que no hay propuesta salarial en la provincia de Buenos Aires; la propuesta marco de naci\u00f3n es un desastre y nosotros no estamos en condiciones y no vamos a soportar discutir las bajas de los salarios\u201d.<\/p>\n<p>Consultado sobre si piensan si el gobernador Scioli va a convocarlos, el gremialista explic\u00f3 que \u201cnosotros estamos al servicio de lo que manejan los compa\u00f1eros. Si nos llaman sobre la hora y cinco segundos antes, vamos a estar presentes. Si no nos llaman, va a seguir la medida de fuerza.<br \/>\nSi nos llaman y hay una propuesta, vamos a escuchar, las asambleas se han expresado y hay mandatos m\u00e1s fuertes que la propuesta nuestra. Hay muchos compa\u00f1eros que quieren ir a paro indeterminado\u201d, advirti\u00f3.<\/p>\n<p>D\u00edaz se refiri\u00f3 a la propuesta salarial de provincia, que podr\u00eda ser similar a la de naci\u00f3n y que ya fue rechazada por los docentes. Al respecto, se\u00f1al\u00f3 que \u201ceste n\u00famero lo rechazamos con fundamentos. No solo no cubre la inflaci\u00f3n del a\u00f1o pasado, sino que nos obliga a una inflaci\u00f3n que vamos a padecerla. El 31 de diciembre vamos a estar festejando la p\u00e9rdida del salario de un 15%. Solamente un huev\u00f3n o un traidor puede aceptar estas condiciones\u201d, dispar\u00f3.<\/p>\n<p>Por otra parte, el dirigente asegur\u00f3 que el paro por 72 horas que ya fue anunciado va a ser en conjunto el primer d\u00eda con Ate y Soeme. Esto va a empujar al resto de las organizaciones. Si la gente no tiene un canal de expresi\u00f3n, va a ser como el agua, buscar un lugar para salir. En eso nos diferenciamos desde Udocba, aunque si estamos todos los gremios, mejor\u201d.<\/p>\n<p>Por \u00faltimo, D\u00edaz asever\u00f3 que \u201cla inflaci\u00f3n est\u00e1 galopando, es un a\u00f1o complicado. La verdad es que estamos perdiendo muchos salarios. Nosotros ten\u00edamos expectativas que como era un a\u00f1o electoral iba a haber una propuesta, pero el gobierno nacional y el provincial pretenden que laburemos gratis\u201d, concluy\u00f3.<\/p>\n","protected":false},"excerpt":{"rendered":"<p>As\u00ed lo asegur\u00f3 el titular de ese gremio docente enrolado en la Cgt. Ratific\u00f3 el paro por 72 horas a partir del pr\u00f3ximo lunes, que coincidir\u00e1 con la medida de fuerza de Ate.<\/p>\n","protected":false},"author":4,"featured_media":0,"comment_status":"open","ping_status":"open","sticky":false,"template":"","format":"standard","meta":{"_jetpack_newsletter_access":"","_jetpack_dont_email_post_to_subs":false,"_jetpack_newsletter_tier_id":0,"_jetpack_memberships_contains_paywalled_content":false,"_jetpack_memberships_contains_paid_content":false,"footnotes":""},"categories":[1],"tags":[],"class_list":["post-16106","post","type-post","status-publish","format-standard","hentry","category-sociedad"],"jetpack_featured_media_url":"","jetpack_shortlink":"https:\/\/wp.me\/p2JWE0-4bM","jetpack-related-posts":[{"id":7390,"url":"https:\/\/www.24baires.com\/?p=7390","url_meta":{"origin":16106,"position":0},"title":"Udocba analiza hacer paro por tiempo indeterminado","author":"Grupo Sierra","date":"30\/11\/2012","format":false,"excerpt":"Lo anunci\u00f3 el titular de ese gremio, Miguel D\u00edaz, en reclamo a los salarios adeudados que \u201cen algunos casos llegan a casi un a\u00f1o\u201d. Advierten que presentar\u00e1n un amparo ante la justicia. El titular de la Uni\u00f3n de Docentes de la provincia de Buenos Aires (UDOCBA), Miguel D\u00edaz asegur\u00f3 a\u2026","rel":"","context":"En \u00abProvincia\u00bb","block_context":{"text":"Provincia","link":"https:\/\/www.24baires.com\/?cat=40"},"img":{"alt_text":"","src":"","width":0,"height":0},"classes":[]},{"id":24179,"url":"https:\/\/www.24baires.com\/?p=24179","url_meta":{"origin":16106,"position":1},"title":"Fracas\u00f3 reuni\u00f3n entre Frente Gremial y gobierno: docentes van al paro. Udocba se retir\u00f3 del encuentro.","author":"Grupo Sierra","date":"23\/05\/2013","format":false,"excerpt":"As\u00ed lo aseguraron los titulares de Suteba y la Feb, Roberto Baradel y Mirta Petrocini respectivamente al finalizar el encuentro que mantuvieron hace instantes con representantes del gobierno provincial. Pese al cuarto intermedio convocado el martes pasado, no hubo mejora en la propuesta y los trabajadores de la educaci\u00f3n se\u2026","rel":"","context":"En \u00abProvincia\u00bb","block_context":{"text":"Provincia","link":"https:\/\/www.24baires.com\/?cat=40"},"img":{"alt_text":"baradel declaraciones","src":"https:\/\/i0.wp.com\/www.24baires.com\/wp-content\/uploads\/2012\/12\/baradel-declaraciones.jpg?resize=350%2C200","width":350,"height":200,"srcset":"https:\/\/i0.wp.com\/www.24baires.com\/wp-content\/uploads\/2012\/12\/baradel-declaraciones.jpg?resize=350%2C200 1x, https:\/\/i0.wp.com\/www.24baires.com\/wp-content\/uploads\/2012\/12\/baradel-declaraciones.jpg?resize=525%2C300 1.5x"},"classes":[]},{"id":114251,"url":"https:\/\/www.24baires.com\/?p=114251","url_meta":{"origin":16106,"position":2},"title":"Docentes: dos gremios rechazaron y uno acept\u00f3, pero las clases empiezan","author":"GB","date":"29\/02\/2020","format":false,"excerpt":"Suteba fue el \u00fanico gremio que dio el visto bueno, aunque los sindicatos que no lo hicieron descartaron una medida de fuerza. El Sindicato \u00danico de Trabajadores de la Educaci\u00f3n de Buenos Aires (Suteba) acept\u00f3 la propuesta de aumento salarial del Gobierno provincial, pero la Uni\u00f3n de Docentes de Buenos\u2026","rel":"","context":"En \u00abProvincia\u00bb","block_context":{"text":"Provincia","link":"https:\/\/www.24baires.com\/?cat=40"},"img":{"alt_text":"","src":"https:\/\/i0.wp.com\/www.24baires.com\/wp-content\/uploads\/2020\/01\/kicillof-docentes.jpeg?resize=350%2C200","width":350,"height":200,"srcset":"https:\/\/i0.wp.com\/www.24baires.com\/wp-content\/uploads\/2020\/01\/kicillof-docentes.jpeg?resize=350%2C200 1x, https:\/\/i0.wp.com\/www.24baires.com\/wp-content\/uploads\/2020\/01\/kicillof-docentes.jpeg?resize=525%2C300 1.5x"},"classes":[]},{"id":51016,"url":"https:\/\/www.24baires.com\/?p=51016","url_meta":{"origin":16106,"position":3},"title":"Udocba amenaza con extender el paro docente por 17 d\u00edas","author":"GB","date":"02\/08\/2014","format":false,"excerpt":"Reclaman la reapertura de paritarias y un salario b\u00e1sico de 6.400 pesos. La decisi\u00f3n ser\u00e1 tomada el mi\u00e9rcoles tras el cese de actividades de 72 horas anunciado para el 4, 5 y 6 de agosto. El titular de Uni\u00f3n de Docentes de la Provincia de Buenos Aires (Udocba), Miguel D\u00edaz,\u2026","rel":"","context":"En \u00abProvincia\u00bb","block_context":{"text":"Provincia","link":"https:\/\/www.24baires.com\/?cat=40"},"img":{"alt_text":"udocba","src":"https:\/\/i0.wp.com\/www.24baires.com\/wp-content\/uploads\/2014\/08\/udocba.jpg?resize=350%2C200","width":350,"height":200,"srcset":"https:\/\/i0.wp.com\/www.24baires.com\/wp-content\/uploads\/2014\/08\/udocba.jpg?resize=350%2C200 1x, https:\/\/i0.wp.com\/www.24baires.com\/wp-content\/uploads\/2014\/08\/udocba.jpg?resize=525%2C300 1.5x"},"classes":[]},{"id":100825,"url":"https:\/\/www.24baires.com\/?p=100825","url_meta":{"origin":16106,"position":4},"title":"UDOCBA lanz\u00f3 un paro de 48 horas desde el lunes y puso en jaque el inicio de clases","author":"GB","date":"02\/03\/2018","format":false,"excerpt":"Se trata del primer gremio que, de manera org\u00e1nica, confirma paro de actividades en rechazo a las ofertas salariales que efectu\u00f3 la Provincia. Tambi\u00e9n paran los afiliados a SUTEBA Multicolor. Tras la celebraci\u00f3n de un plenario de secretarios generales, UDOCBA, el gremio docente afin a la CGT que comanda Miguel\u2026","rel":"","context":"En \u00abProvincia\u00bb","block_context":{"text":"Provincia","link":"https:\/\/www.24baires.com\/?cat=40"},"img":{"alt_text":"","src":"https:\/\/i0.wp.com\/www.24baires.com\/wp-content\/uploads\/2013\/12\/Dise%C3%B1o-de-escuelas.jpg?resize=350%2C200","width":350,"height":200,"srcset":"https:\/\/i0.wp.com\/www.24baires.com\/wp-content\/uploads\/2013\/12\/Dise%C3%B1o-de-escuelas.jpg?resize=350%2C200 1x, https:\/\/i0.wp.com\/www.24baires.com\/wp-content\/uploads\/2013\/12\/Dise%C3%B1o-de-escuelas.jpg?resize=525%2C300 1.5x"},"classes":[]},{"id":107465,"url":"https:\/\/www.24baires.com\/?p=107465","url_meta":{"origin":16106,"position":5},"title":"Un gremio docente ya decidi\u00f3 rechazar la oferta salarial del Gobierno","author":"GB","date":"01\/04\/2019","format":false,"excerpt":"El secretario general Udocba, Miguel D\u00edaz, asegur\u00f3 hoy que ese gremio rechazar\u00e1 la propuesta de aumento salarial formulada por el Gobierno bonaerense por considerarla \"exigua\" y por \"no lograr la recuperaci\u00f3n de la p\u00e9rdida del poder adquisitivo\". Asimismo, advirti\u00f3 que si no aparece una nueva oferta antes del mi\u00e9rcoles, los\u2026","rel":"","context":"En \u00abProvincia\u00bb","block_context":{"text":"Provincia","link":"https:\/\/www.24baires.com\/?cat=40"},"img":{"alt_text":"","src":"https:\/\/i0.wp.com\/www.24baires.com\/wp-content\/uploads\/2016\/02\/d%C3%ADaz-udocba.jpg?resize=350%2C200","width":350,"height":200,"srcset":"https:\/\/i0.wp.com\/www.24baires.com\/wp-content\/uploads\/2016\/02\/d%C3%ADaz-udocba.jpg?resize=350%2C200 1x, https:\/\/i0.wp.com\/www.24baires.com\/wp-content\/uploads\/2016\/02\/d%C3%ADaz-udocba.jpg?resize=525%2C300 1.5x"},"classes":[]}],"jetpack_sharing_enabled":true,"jetpack_likes_enabled":true,"_links":{"self":[{"href":"https:\/\/www.24baires.com\/index.php?rest_route=\/wp\/v2\/posts\/16106","targetHints":{"allow":["GET"]}}],"collection":[{"href":"https:\/\/www.24baires.com\/index.php?rest_route=\/wp\/v2\/posts"}],"about":[{"href":"https:\/\/www.24baires.com\/index.php?rest_route=\/wp\/v2\/types\/post"}],"author":[{"embeddable":true,"href":"https:\/\/www.24baires.com\/index.php?rest_route=\/wp\/v2\/users\/4"}],"replies":[{"embeddable":true,"href":"https:\/\/www.24baires.com\/index.php?rest_route=%2Fwp%2Fv2%2Fcomments&post=16106"}],"version-history":[{"count":2,"href":"https:\/\/www.24baires.com\/index.php?rest_route=\/wp\/v2\/posts\/16106\/revisions"}],"predecessor-version":[{"id":16108,"href":"https:\/\/www.24baires.com\/index.php?rest_route=\/wp\/v2\/posts\/16106\/revisions\/16108"}],"wp:attachment":[{"href":"https:\/\/www.24baires.com\/index.php?rest_route=%2Fwp%2Fv2%2Fmedia&parent=16106"}],"wp:term":[{"taxonomy":"category","embeddable":true,"href":"https:\/\/www.24baires.com\/index.php?rest_route=%2Fwp%2Fv2%2Fcategories&post=16106"},{"taxonomy":"post_tag","embeddable":true,"href":"https:\/\/www.24baires.com\/index.php?rest_route=%2Fwp%2Fv2%2Ftags&post=16106"}],"curies":[{"name":"wp","href":"https:\/\/api.w.org\/{rel}","templated":true}]}}