{"id":16091,"date":"2013-02-19T10:30:51","date_gmt":"2013-02-19T13:30:51","guid":{"rendered":"http:\/\/www.24baires.com\/?p=16091"},"modified":"2013-02-19T12:42:07","modified_gmt":"2013-02-19T15:42:07","slug":"suteba-advierte-que-el-lunes-no-comenzarian-las-clases","status":"publish","type":"post","link":"https:\/\/www.24baires.com\/?p=16091","title":{"rendered":"Suteba advierte que el lunes no comenzar\u00edan las clases"},"content":{"rendered":"<p><img data-recalc-dims=\"1\" loading=\"lazy\" decoding=\"async\" class=\"alignleft size-medium wp-image-6669\" alt=\"baradel\" src=\"https:\/\/i0.wp.com\/www.24baires.com\/wp-content\/uploads\/2012\/11\/baradel1.jpg?resize=300%2C192\" width=\"300\" height=\"192\" srcset=\"https:\/\/i0.wp.com\/www.24baires.com\/wp-content\/uploads\/2012\/11\/baradel1.jpg?resize=300%2C192&amp;ssl=1 300w, https:\/\/i0.wp.com\/www.24baires.com\/wp-content\/uploads\/2012\/11\/baradel1.jpg?w=448&amp;ssl=1 448w\" sizes=\"auto, (max-width: 300px) 100vw, 300px\" \/>Baradel calific\u00f3 de \u201cirresponsable\u201d la actitud del gobierno bonaerense de no convocar a los docentes y de no efectuar ninguna propuesta salarial.<!--more--><br \/>\nEl titular de SUTEBA, Roberto Baradel, advirti\u00f3 que \u201cla situaci\u00f3n en la provincia de Buenos Aires es de una par\u00e1lisis total en cuanto a las negociaciones que ven\u00edamos llevando adelante con el gobierno bonaerense\u201d. Aclar\u00f3 que \u201cen realidad, m\u00e1s que negociaciones hubo convocatoria pero no hubo ninguna propuesta de recomposici\u00f3n salarial, lo que es una gran irresponsabilidad por parte del gobierno de la provincia de Buenos Aires: no nos han convocado, no nos han dado explicaciones, dejan trascender informaci\u00f3n a trav\u00e9s de los medios. Es una actitud irresponsable teniendo en cuenta que tenemos tres d\u00edas por delante para el inicio del ciclo lectivo\u201d.<\/p>\n<p>Subray\u00f3 que desde el Frente Gremial Docente \u201chacemos responsable exclusivamente del gobierno de la provincia de Buenos Aires del inicio del ciclo lectivo\u201d. Si no hay convocatoria, no hay una propuesta para poder discutir y que discutamos con los trabajadores de la educaci\u00f3n, el lunes 25 va a haber conflicto que es un conflicto que empieza y va a continuar\u201d.<\/p>\n<p>&nbsp;<\/p>\n<p>&nbsp;<\/p>\n<p>&nbsp;<\/p>\n<p>&nbsp;<\/p>\n<p>&nbsp;<\/p>\n<p>&nbsp;<\/p>\n<p>&nbsp;<\/p>\n<p>&nbsp;<\/p>\n<p>&nbsp;<\/p>\n<p>&nbsp;<\/p>\n<p>&nbsp;<\/p>\n<p>&nbsp;<\/p>\n<p>&nbsp;<\/p>\n<p>&nbsp;<\/p>\n<p>&nbsp;<\/p>\n<p>&nbsp;<\/p>\n<p>&nbsp;<\/p>\n<p>&nbsp;<\/p>\n<p>&nbsp;<\/p>\n<p>&nbsp;<\/p>\n","protected":false},"excerpt":{"rendered":"<p>Baradel calific\u00f3 de \u201cirresponsable\u201d la actitud del gobierno bonaerense de no convocar a los docentes y de no efectuar ninguna propuesta salarial.<\/p>\n","protected":false},"author":4,"featured_media":0,"comment_status":"open","ping_status":"open","sticky":false,"template":"","format":"standard","meta":{"_jetpack_newsletter_access":"","_jetpack_dont_email_post_to_subs":false,"_jetpack_newsletter_tier_id":0,"_jetpack_memberships_contains_paywalled_content":false,"_jetpack_memberships_contains_paid_content":false,"footnotes":""},"categories":[1],"tags":[],"class_list":["post-16091","post","type-post","status-publish","format-standard","hentry","category-sociedad"],"jetpack_featured_media_url":"","jetpack_shortlink":"https:\/\/wp.me\/p2JWE0-4bx","jetpack-related-posts":[{"id":102549,"url":"https:\/\/www.24baires.com\/?p=102549","url_meta":{"origin":16091,"position":0},"title":"Baradel anticip\u00f3 que los docentes no aceptar\u00e1n \u00abun salario a la baja\u00bb","author":"AF","date":"05\/06\/2018","format":false,"excerpt":"El jefe de Suteba critic\u00f3 que no se pueda negociar el piso salarial, en referencia a la resoluci\u00f3n que adem\u00e1s le quita poder a Ctera. El secretario general del Sindicato \u00danico de Trabajadores de la Educaci\u00f3n (Suteba), Roberto Baradel, arremeti\u00f3 este martes contra la gobernadora bonaerense Maria Eugenia Vidal por\u2026","rel":"","context":"En \u00abSociedad\u00bb","block_context":{"text":"Sociedad","link":"https:\/\/www.24baires.com\/?cat=1"},"img":{"alt_text":"","src":"https:\/\/i0.wp.com\/www.24baires.com\/wp-content\/uploads\/2017\/07\/baradel.jpg?resize=350%2C200","width":350,"height":200,"srcset":"https:\/\/i0.wp.com\/www.24baires.com\/wp-content\/uploads\/2017\/07\/baradel.jpg?resize=350%2C200 1x, https:\/\/i0.wp.com\/www.24baires.com\/wp-content\/uploads\/2017\/07\/baradel.jpg?resize=525%2C300 1.5x"},"classes":[]},{"id":101449,"url":"https:\/\/www.24baires.com\/?p=101449","url_meta":{"origin":16091,"position":1},"title":"Baradel: \u00abLa intenci\u00f3n de Vidal no es solucionar el conflicto, es disciplinar\u00bb","author":"AF","date":"05\/04\/2018","format":false,"excerpt":"El titular de Suteba destac\u00f3 la masiva marcha a La Plata y el alto acatamiento del paro docente que integr\u00f2 a estatales bonaerenses \"en rechazo al ajuste y al 15% de aumento salarial\" ofrecido por el gobierno provincial. El titular de Suteba, Roberto Baradel, destac\u00f3 el alto acatamiento del paro\u2026","rel":"","context":"En \u00abSociedad\u00bb","block_context":{"text":"Sociedad","link":"https:\/\/www.24baires.com\/?cat=1"},"img":{"alt_text":"","src":"https:\/\/i0.wp.com\/www.24baires.com\/wp-content\/uploads\/2017\/07\/baradel.jpg?resize=350%2C200","width":350,"height":200,"srcset":"https:\/\/i0.wp.com\/www.24baires.com\/wp-content\/uploads\/2017\/07\/baradel.jpg?resize=350%2C200 1x, https:\/\/i0.wp.com\/www.24baires.com\/wp-content\/uploads\/2017\/07\/baradel.jpg?resize=525%2C300 1.5x"},"classes":[]},{"id":100343,"url":"https:\/\/www.24baires.com\/?p=100343","url_meta":{"origin":16091,"position":2},"title":"Baradel: \u00abNo vamos a aceptar de ninguna manera un techo salarial\u00bb","author":"GB","date":"03\/02\/2018","format":false,"excerpt":"El titular de Suteba le reclam\u00f3 a Vidal que convoque a paritarias \"libres y sin techo\" y la acus\u00f3 de \"dilatar los plazos\". El titular del Sindicato Unificado de Trabajadores de la Educaci\u00f3n (Suteba), Roberto Baradel, advirti\u00f3 que los gremios docentes no aceptar\u00e1n el techo salarial de 15 por ciento\u2026","rel":"","context":"En \u00abPol\u00edtica\u00bb","block_context":{"text":"Pol\u00edtica","link":"https:\/\/www.24baires.com\/?cat=51"},"img":{"alt_text":"","src":"https:\/\/i0.wp.com\/www.24baires.com\/wp-content\/uploads\/2014\/03\/Baradel.jpg?resize=350%2C200","width":350,"height":200},"classes":[]},{"id":114251,"url":"https:\/\/www.24baires.com\/?p=114251","url_meta":{"origin":16091,"position":3},"title":"Docentes: dos gremios rechazaron y uno acept\u00f3, pero las clases empiezan","author":"GB","date":"29\/02\/2020","format":false,"excerpt":"Suteba fue el \u00fanico gremio que dio el visto bueno, aunque los sindicatos que no lo hicieron descartaron una medida de fuerza. El Sindicato \u00danico de Trabajadores de la Educaci\u00f3n de Buenos Aires (Suteba) acept\u00f3 la propuesta de aumento salarial del Gobierno provincial, pero la Uni\u00f3n de Docentes de Buenos\u2026","rel":"","context":"En \u00abProvincia\u00bb","block_context":{"text":"Provincia","link":"https:\/\/www.24baires.com\/?cat=40"},"img":{"alt_text":"","src":"https:\/\/i0.wp.com\/www.24baires.com\/wp-content\/uploads\/2020\/01\/kicillof-docentes.jpeg?resize=350%2C200","width":350,"height":200,"srcset":"https:\/\/i0.wp.com\/www.24baires.com\/wp-content\/uploads\/2020\/01\/kicillof-docentes.jpeg?resize=350%2C200 1x, https:\/\/i0.wp.com\/www.24baires.com\/wp-content\/uploads\/2020\/01\/kicillof-docentes.jpeg?resize=525%2C300 1.5x"},"classes":[]},{"id":16927,"url":"https:\/\/www.24baires.com\/?p=16927","url_meta":{"origin":16091,"position":4},"title":"Los Gremios Docentes rechazaron la oferta de Scioli por \u201cinsuficiente e irresponsable\u201d","author":"Grupo Sierra","date":"27\/02\/2013","format":false,"excerpt":"LA PLATA.- El Frente Gremial Docente Bonaerense rechaz\u00f3 la propuesta de aumento salarial efectuada por el gobierno provincial a la que calificaron de \"insuficiente e irresponsable\". As\u00ed lo explicaron los titulares de la Federaci\u00f3n de Educadores Bonaerenses (FEB), Mirta Petrocini y del Sindicato \u00danico de Trabajadores de la Educaci\u00f3n (Suteba),\u2026","rel":"","context":"En \u00abProvincia\u00bb","block_context":{"text":"Provincia","link":"https:\/\/www.24baires.com\/?cat=40"},"img":{"alt_text":"","src":"","width":0,"height":0},"classes":[]},{"id":107083,"url":"https:\/\/www.24baires.com\/?p=107083","url_meta":{"origin":16091,"position":5},"title":"Docentes inician el ciclo lectivo con un paro por 72 horas y marchar\u00e1n a Plaza de Mayo","author":"GB","date":"06\/03\/2019","format":false,"excerpt":"Mientras la paritaria no arroja resultados favorables tanto para los gremios como para el gobierno, esta semana las aulas permanecer\u00e1n vac\u00edas. Todos los gremios que componen el Frente de Unidad Docentes Bonaerense resolvieron declarar un paro de 72 horas, en paralelo con la convocatoria de la huelga nacional llevada a\u2026","rel":"","context":"En \u00abSociedad\u00bb","block_context":{"text":"Sociedad","link":"https:\/\/www.24baires.com\/?cat=1"},"img":{"alt_text":"","src":"https:\/\/i0.wp.com\/www.24baires.com\/wp-content\/uploads\/2019\/03\/docentes.jpg?resize=350%2C200","width":350,"height":200,"srcset":"https:\/\/i0.wp.com\/www.24baires.com\/wp-content\/uploads\/2019\/03\/docentes.jpg?resize=350%2C200 1x, https:\/\/i0.wp.com\/www.24baires.com\/wp-content\/uploads\/2019\/03\/docentes.jpg?resize=525%2C300 1.5x"},"classes":[]}],"jetpack_sharing_enabled":true,"jetpack_likes_enabled":true,"_links":{"self":[{"href":"https:\/\/www.24baires.com\/index.php?rest_route=\/wp\/v2\/posts\/16091","targetHints":{"allow":["GET"]}}],"collection":[{"href":"https:\/\/www.24baires.com\/index.php?rest_route=\/wp\/v2\/posts"}],"about":[{"href":"https:\/\/www.24baires.com\/index.php?rest_route=\/wp\/v2\/types\/post"}],"author":[{"embeddable":true,"href":"https:\/\/www.24baires.com\/index.php?rest_route=\/wp\/v2\/users\/4"}],"replies":[{"embeddable":true,"href":"https:\/\/www.24baires.com\/index.php?rest_route=%2Fwp%2Fv2%2Fcomments&post=16091"}],"version-history":[{"count":2,"href":"https:\/\/www.24baires.com\/index.php?rest_route=\/wp\/v2\/posts\/16091\/revisions"}],"predecessor-version":[{"id":16093,"href":"https:\/\/www.24baires.com\/index.php?rest_route=\/wp\/v2\/posts\/16091\/revisions\/16093"}],"wp:attachment":[{"href":"https:\/\/www.24baires.com\/index.php?rest_route=%2Fwp%2Fv2%2Fmedia&parent=16091"}],"wp:term":[{"taxonomy":"category","embeddable":true,"href":"https:\/\/www.24baires.com\/index.php?rest_route=%2Fwp%2Fv2%2Fcategories&post=16091"},{"taxonomy":"post_tag","embeddable":true,"href":"https:\/\/www.24baires.com\/index.php?rest_route=%2Fwp%2Fv2%2Ftags&post=16091"}],"curies":[{"name":"wp","href":"https:\/\/api.w.org\/{rel}","templated":true}]}}