{"id":16082,"date":"2013-02-19T09:00:01","date_gmt":"2013-02-19T12:00:01","guid":{"rendered":"http:\/\/www.24baires.com\/?p=16082"},"modified":"2013-02-19T12:17:34","modified_gmt":"2013-02-19T15:17:34","slug":"un-nino-de-7-anos-fue-herido-por-un-equipo-de-rayos-x-en-un-hospital-de-la-matanza","status":"publish","type":"post","link":"https:\/\/www.24baires.com\/?p=16082","title":{"rendered":"Un ni\u00f1o de 7 a\u00f1os fue herido por un equipo de rayos X en un hospital de La Matanza"},"content":{"rendered":"<p>Debi\u00f3 ser asistido en el Hospital de Ni\u00f1os de San Justo cuando se le cay\u00f3 parte de un equipo de rayos X, de ese mismo centro asistencial, en la cabeza mientras se realizaba una radiograf\u00eda de rutina.<!--more--><br \/>\nEl ni\u00f1o, de nombre Rodrigo, deber\u00e1 ser intervenido quir\u00fargicamente el jueves pr\u00f3ximo, informaron la mam\u00e1, fuentes sanitarias y policiales.<\/p>\n<p>Karina, madre de Rodrigo, denunci\u00f3 adem\u00e1s que luego del accidente debi\u00f3 ir \u00abcorriendo sola hasta la guardia\u00bb donde el ni\u00f1o fue asistido por los m\u00e9dicos del sector pero que luego de hacerle los primeros auxilios debi\u00f3 esperar \u00abal neurocirujano desde las 8:15 hasta las 18:30\u00bb de ayer lunes.<\/p>\n<p>\u00abCuando sal\u00ed con \u00e9l no lo pod\u00eda alzar y nadie me levant\u00f3 a mi nene, los m\u00e9dicos de guardia le pusieron unas gasas, calmantes, antibi\u00f3ticos y me hicieron esperar al neurocirujano. Reci\u00e9n despu\u00e9s que lo vio \u00e9l le hicieron unos puntos\u00bb, aclar\u00f3 la madre.<\/p>\n<p>Seg\u00fan la mujer, fue este ultimo especialista quien decidi\u00f3 que Rodrigo deber\u00e1 \u00abser operado el jueves pr\u00f3ximo\u00bb.<\/p>\n<p>\u00abLe ten\u00edan que hacer dos o tres placas, luego de la primera, cuando movieron el aparato para hacer la segunda, una parte se cae encima nuestro. No pudimos correr, ni atinar a nada, yo sent\u00ed el dolor del golpe pero pens\u00e9 que yo sola me hab\u00eda golpeado pero cuando lo vi a mi nene le sal\u00eda sangre de la cabeza y gritaba\u00bb, relat\u00f3 la madre.<\/p>\n<p>Por su parte, una fuente policial dijo que \u00abtras la denuncia en la justicia efectuada por la madre del ni\u00f1o, la causa fue caratulada como lesiones por accidente\u00bb y que \u00abla investigaci\u00f3n de la misma ser\u00e1 llevada a cabo por la Fiscal\u00eda n\u00famero 5, de los tribunales de La Matanza, a cargo del doctor Diomede\u00bb.<\/p>\n<p>En tanto, fuentes del centro asistencial dijeron que la \u00abcirug\u00eda de reconstituci\u00f3n\u00bb se le realizar\u00e1 al ni\u00f1o el jueves por la ma\u00f1ana\u00bb.<\/p>\n<p>&nbsp;<\/p>\n<p>&nbsp;<\/p>\n<p>&nbsp;<\/p>\n<p>&nbsp;<\/p>\n<p>&nbsp;<\/p>\n<p>&nbsp;<\/p>\n<p>&nbsp;<\/p>\n<p>&nbsp;<\/p>\n<p>&nbsp;<\/p>\n<p>&nbsp;<\/p>\n<p>&nbsp;<\/p>\n<p>&nbsp;<\/p>\n<p>&nbsp;<\/p>\n<p>&nbsp;<\/p>\n<p>&nbsp;<\/p>\n<p>&nbsp;<\/p>\n<p>&nbsp;<\/p>\n","protected":false},"excerpt":{"rendered":"<p>Debi\u00f3 ser asistido en el Hospital de Ni\u00f1os de San Justo cuando se le cay\u00f3 parte de un equipo de rayos X, de ese mismo centro asistencial, en la cabeza mientras se realizaba una radiograf\u00eda de rutina.<\/p>\n","protected":false},"author":4,"featured_media":0,"comment_status":"open","ping_status":"open","sticky":false,"template":"","format":"standard","meta":{"_jetpack_newsletter_access":"","_jetpack_dont_email_post_to_subs":false,"_jetpack_newsletter_tier_id":0,"_jetpack_memberships_contains_paywalled_content":false,"_jetpack_memberships_contains_paid_content":false,"footnotes":""},"categories":[1],"tags":[],"class_list":["post-16082","post","type-post","status-publish","format-standard","hentry","category-sociedad"],"jetpack_featured_media_url":"","jetpack_shortlink":"https:\/\/wp.me\/p2JWE0-4bo","jetpack-related-posts":[{"id":16326,"url":"https:\/\/www.24baires.com\/?p=16326","url_meta":{"origin":16082,"position":0},"title":"La Matanza: operaron exitosamente al ni\u00f1o accidentado en la cabeza en el Hospital","author":"AF","date":"21\/02\/2013","format":false,"excerpt":"El equipo de neurocirug\u00eda del Hospital del Ni\u00f1o de San Justo oper\u00f3 exitosamente al ni\u00f1o de 7 a\u00f1os que hab\u00eda sufrido una fractura de cr\u00e1neo el lunes pasado cuando un equipo de rayos x lo golpe\u00f3 en la cabeza. El incidente hab\u00eda sucedido el d\u00eda lunes, a las 7:45hs, cuando\u2026","rel":"","context":"En \u00abSociedad\u00bb","block_context":{"text":"Sociedad","link":"https:\/\/www.24baires.com\/?cat=1"},"img":{"alt_text":"","src":"","width":0,"height":0},"classes":[]},{"id":91257,"url":"https:\/\/www.24baires.com\/?p=91257","url_meta":{"origin":16082,"position":1},"title":"Hubo m\u00e1s de cien heridos por los festejos de fin de a\u00f1o","author":"AF","date":"02\/01\/2017","format":false,"excerpt":"Son al menos 65 menores y 57 adultos, que sufrieron quemaduras o lesiones de distinta gravedad por mal uso de pirotecnia o impacto de corchos y otros incidentes vinculados a los festejos del a\u00f1o nuevo en todo el pa\u00eds, informaron hoy fuentes oficiales. Al menos 65 menores y 57 adultos\u2026","rel":"","context":"En \u00abSociedad\u00bb","block_context":{"text":"Sociedad","link":"https:\/\/www.24baires.com\/?cat=1"},"img":{"alt_text":"","src":"https:\/\/i0.wp.com\/www.24baires.com\/wp-content\/uploads\/2012\/12\/herido-pirotecnia.jpg?resize=350%2C200","width":350,"height":200,"srcset":"https:\/\/i0.wp.com\/www.24baires.com\/wp-content\/uploads\/2012\/12\/herido-pirotecnia.jpg?resize=350%2C200 1x, https:\/\/i0.wp.com\/www.24baires.com\/wp-content\/uploads\/2012\/12\/herido-pirotecnia.jpg?resize=525%2C300 1.5x"},"classes":[]},{"id":45287,"url":"https:\/\/www.24baires.com\/?p=45287","url_meta":{"origin":16082,"position":2},"title":"Ni\u00f1a agredida en un colegio de Berazategui: \u00abNo volver\u00e1 a la escuela\u00bb","author":"Grupo Sierra","date":"04\/05\/2014","format":false,"excerpt":"La menor de ocho a\u00f1os debi\u00f3 ser internada en el hospital Evita Pueblo local tras ser brutalmente golpeada el pasado mi\u00e9rcoles por un grupo de chicos en la Escuela N\u00ba 25 de Hudson. All\u00ed fue asistida a ra\u00edz de un traumatismo de cr\u00e1neo, un hematoma en el estomago y una\u2026","rel":"","context":"En \u00abSociedad\u00bb","block_context":{"text":"Sociedad","link":"https:\/\/www.24baires.com\/?cat=1"},"img":{"alt_text":"bullying","src":"https:\/\/i0.wp.com\/www.24baires.com\/wp-content\/uploads\/2013\/08\/bullying-300x187.jpg?resize=350%2C200","width":350,"height":200},"classes":[]},{"id":102978,"url":"https:\/\/www.24baires.com\/?p=102978","url_meta":{"origin":16082,"position":3},"title":"Florencio Varela: nacieron dos beb\u00e9s casi en simult\u00e1neo en una comisar\u00eda","author":"AF","date":"25\/06\/2018","format":false,"excerpt":"Dos beb\u00e9s, una nena y un nene, nacieron casi en simult\u00e1neo esta madrugada, con una diferencia de 20 minutos, en la comisar\u00eda sexta de la localidad de Ingeniero Allan, en Florencio Varela. El primero ocurri\u00f3 cuando la parturienta y su pareja llegaron a la guardia y el nacimiento del ni\u00f1o\u2026","rel":"","context":"En \u00abSociedad\u00bb","block_context":{"text":"Sociedad","link":"https:\/\/www.24baires.com\/?cat=1"},"img":{"alt_text":"","src":"https:\/\/i0.wp.com\/www.24baires.com\/wp-content\/uploads\/2018\/06\/hospital-florencio-varela.jpg?resize=350%2C200","width":350,"height":200,"srcset":"https:\/\/i0.wp.com\/www.24baires.com\/wp-content\/uploads\/2018\/06\/hospital-florencio-varela.jpg?resize=350%2C200 1x, https:\/\/i0.wp.com\/www.24baires.com\/wp-content\/uploads\/2018\/06\/hospital-florencio-varela.jpg?resize=525%2C300 1.5x"},"classes":[]},{"id":44761,"url":"https:\/\/www.24baires.com\/?p=44761","url_meta":{"origin":16082,"position":4},"title":"San Vicente: m\u00e1s de 30 chicos se intoxicaron en una escuela","author":"GB","date":"26\/04\/2014","format":false,"excerpt":"Alumnos de la escuela primaria N\u00ba4 y del secundario anexo de ese establecimiento se intoxicaron y fueron trasladados al hospital Ram\u00f3n Carrillo. Aunque es prematuro emitir un pron\u00f3stico sobre cu\u00e1les fueron las causas, desde el Municipio manifestaron que las intoxicaciones se podr\u00edan haber dado por \"alimentos consumidos en el almuerzo\".\u2026","rel":"","context":"En \u00abLocales\u00bb","block_context":{"text":"Locales","link":"https:\/\/www.24baires.com\/?cat=38"},"img":{"alt_text":"san vicenet","src":"https:\/\/i0.wp.com\/www.24baires.com\/wp-content\/uploads\/2014\/04\/san-vicenet-300x190.jpg?resize=350%2C200","width":350,"height":200},"classes":[]},{"id":60885,"url":"https:\/\/www.24baires.com\/?p=60885","url_meta":{"origin":16082,"position":5},"title":"Le hicieron una radiograf\u00eda y encontraron a Bob Esponja en su pecho","author":"GB","date":"28\/01\/2015","format":false,"excerpt":"Los m\u00e9dicos de un hospital saudita se vieron sorprendidos al realizarle una radiograf\u00eda a un joven de 16 a\u00f1os, ya que en su pecho se encontraba el mism\u00edsimo Bob Esponja. La doctora Ghofran Ageely, del personal de radiolog\u00eda en el Hospital Universitario King Abdulaziz en Jeddah, Arabia Saudita, cont\u00f3 que\u2026","rel":"","context":"En \u00abMuy Bizarro\u00bb","block_context":{"text":"Muy Bizarro","link":"https:\/\/www.24baires.com\/?cat=77"},"img":{"alt_text":"rayos x bob","src":"https:\/\/i0.wp.com\/www.24baires.com\/wp-content\/uploads\/2015\/01\/rayos-x-bob.png?resize=350%2C200","width":350,"height":200,"srcset":"https:\/\/i0.wp.com\/www.24baires.com\/wp-content\/uploads\/2015\/01\/rayos-x-bob.png?resize=350%2C200 1x, https:\/\/i0.wp.com\/www.24baires.com\/wp-content\/uploads\/2015\/01\/rayos-x-bob.png?resize=525%2C300 1.5x"},"classes":[]}],"jetpack_sharing_enabled":true,"jetpack_likes_enabled":true,"_links":{"self":[{"href":"https:\/\/www.24baires.com\/index.php?rest_route=\/wp\/v2\/posts\/16082","targetHints":{"allow":["GET"]}}],"collection":[{"href":"https:\/\/www.24baires.com\/index.php?rest_route=\/wp\/v2\/posts"}],"about":[{"href":"https:\/\/www.24baires.com\/index.php?rest_route=\/wp\/v2\/types\/post"}],"author":[{"embeddable":true,"href":"https:\/\/www.24baires.com\/index.php?rest_route=\/wp\/v2\/users\/4"}],"replies":[{"embeddable":true,"href":"https:\/\/www.24baires.com\/index.php?rest_route=%2Fwp%2Fv2%2Fcomments&post=16082"}],"version-history":[{"count":2,"href":"https:\/\/www.24baires.com\/index.php?rest_route=\/wp\/v2\/posts\/16082\/revisions"}],"predecessor-version":[{"id":16084,"href":"https:\/\/www.24baires.com\/index.php?rest_route=\/wp\/v2\/posts\/16082\/revisions\/16084"}],"wp:attachment":[{"href":"https:\/\/www.24baires.com\/index.php?rest_route=%2Fwp%2Fv2%2Fmedia&parent=16082"}],"wp:term":[{"taxonomy":"category","embeddable":true,"href":"https:\/\/www.24baires.com\/index.php?rest_route=%2Fwp%2Fv2%2Fcategories&post=16082"},{"taxonomy":"post_tag","embeddable":true,"href":"https:\/\/www.24baires.com\/index.php?rest_route=%2Fwp%2Fv2%2Ftags&post=16082"}],"curies":[{"name":"wp","href":"https:\/\/api.w.org\/{rel}","templated":true}]}}