{"id":16059,"date":"2013-02-19T11:52:15","date_gmt":"2013-02-19T14:52:15","guid":{"rendered":"http:\/\/www.24baires.com\/?p=16059"},"modified":"2013-02-19T20:57:48","modified_gmt":"2013-02-19T23:57:48","slug":"desde-maxiconsumo-aseguran-que-por-el-bloqueo-las-perdidas-son-inconmensurables","status":"publish","type":"post","link":"https:\/\/www.24baires.com\/?p=16059","title":{"rendered":"Desde Maxiconsumo aseguran que por el bloqueo las p\u00e9rdidas \u00abson inconmensurables\u00bb"},"content":{"rendered":"<p style=\"text-align: center;\"><img data-recalc-dims=\"1\" loading=\"lazy\" decoding=\"async\" class=\"aligncenter  wp-image-16061\" alt=\"maxiconsumo\" src=\"https:\/\/i0.wp.com\/www.24baires.com\/wp-content\/uploads\/2013\/02\/maxiconsumo.jpg?resize=560%2C375\" width=\"560\" height=\"375\" \/><\/p>\n<p>El responsable de operaciones de la empresa, Pedro Szapiro, se refiri\u00f3 de esa manera a las consecuencias que genera el bloqueo que el sindicato de camioneros viene realizando a 32 centros de distribuci\u00f3n mayorista en todo el pa\u00eds.<!--more--><\/p>\n<p>El gerente de operaciones de Maxiconsumo, Pedro Szapiro, afirm\u00f3 hoy que \u00abson inconmensurables\u00bb las p\u00e9rdidas econ\u00f3micas causadas por el bloqueo que el sindicato de camioneros viene realizando a 32 centros de distribuci\u00f3n mayorista en todo el pa\u00eds y abog\u00f3 por una pronta resoluci\u00f3n del conflicto.<\/p>\n<p>\u00abHoy tenemos bloqueadas la totalidad de las sucursales de la empresa, que son 32 en todo el pa\u00eds. Las p\u00e9rdidas son inconmensurables. Esperamos que se solucione pronto porque el perjuicio es enorme para mucha gente\u00bb, dijo Szapiro en di\u00e1logo con T\u00e9lam.<\/p>\n<p>El gerente de Maxiconsumo explic\u00f3 que los centros de distribuci\u00f3n \u00abatienden a 50 mil comercios medianos y chicos en todo el pa\u00eds, que est\u00e1n sufriendo porque no los podemos abastecer y tenemos 1500 empleados, a quienes les vamos a seguir pagando el sueldo y seguiremos asumiendo todos los costos\u00bb.<\/p>\n<p>\u00abYa exploramos todas las v\u00edas necesarias. Agotamos todas las instancias necesarias para que esto se solucione, pero lo \u00fanico que seguimos teniendo son los locales bloqueados\u00bb, dijo y agreg\u00f3: \u00abNo estoy escuchando, en ning\u00fan momento, que se est\u00e9 analizando un reclamo legal como para destrabar esta situaci\u00f3n\u00bb.<\/p>\n<p>Por \u00faltimo, afirm\u00f3: \u00abNosotros estamos dentro de la ley y seguiremos est\u00e1ndolo\u00bb.<\/p>\n<p>&nbsp;<\/p>\n<p>&nbsp;<\/p>\n<p>&nbsp;<\/p>\n","protected":false},"excerpt":{"rendered":"<p>El responsable de operaciones de la empresa, Pedro Szapiro, se refiri\u00f3 de esa manera a las consecuencias que genera el bloqueo que el sindicato de camioneros viene realizando a 32 centros de distribuci\u00f3n mayorista en todo el pa\u00eds.<\/p>\n","protected":false},"author":11,"featured_media":0,"comment_status":"open","ping_status":"open","sticky":false,"template":"","format":"standard","meta":{"_jetpack_newsletter_access":"","_jetpack_dont_email_post_to_subs":false,"_jetpack_newsletter_tier_id":0,"_jetpack_memberships_contains_paywalled_content":false,"_jetpack_memberships_contains_paid_content":false,"footnotes":""},"categories":[1],"tags":[],"class_list":["post-16059","post","type-post","status-publish","format-standard","hentry","category-sociedad"],"jetpack_featured_media_url":"","jetpack_shortlink":"https:\/\/wp.me\/p2JWE0-4b1","jetpack-related-posts":[{"id":15918,"url":"https:\/\/www.24baires.com\/?p=15918","url_meta":{"origin":16059,"position":0},"title":"Camioneros ahora bloquear\u00e1n las 31 sucursales de Maxiconsumo","author":"Grupo Sierra","date":"17\/02\/2013","format":false,"excerpt":"La medida del sindicato de Camioneros, liderado por Pablo Moyano, podr\u00eda afectar el abastecimiento de las g\u00f3ndolas y el acuerdo de precios. Con esta medida, se intenta una profundizaci\u00f3n del conflicto en la disputa que mantiene con la Federaci\u00f3n Argentina de Empleados de Comercio y Servicios, por el reencuadramiento sindical\u2026","rel":"","context":"En \u00abSociedad\u00bb","block_context":{"text":"Sociedad","link":"https:\/\/www.24baires.com\/?cat=1"},"img":{"alt_text":"","src":"","width":0,"height":0},"classes":[]},{"id":15596,"url":"https:\/\/www.24baires.com\/?p=15596","url_meta":{"origin":16059,"position":1},"title":"Camioneros bloquean a Maxiconsumo en el Gran Buenos Aires","author":"Grupo Sierra","date":"14\/02\/2013","format":false,"excerpt":"El Sindicato de Choferes de Camiones continuaba por segundo d\u00eda consecutivo con el bloqueo de varios centros de distribuci\u00f3n de la cadena Maxiconsumo, que provee a almacenes, autoservicios y supermercados. La protesta se produce en los centros que la firma tiene en las localidades bonaerenses de San Justo, Burzaco y\u2026","rel":"","context":"En \u00abSociedad\u00bb","block_context":{"text":"Sociedad","link":"https:\/\/www.24baires.com\/?cat=1"},"img":{"alt_text":"bloqueo camioneros","src":"https:\/\/i0.wp.com\/www.24baires.com\/wp-content\/uploads\/2013\/02\/bloqueo-camioneros.jpg?resize=350%2C200","width":350,"height":200,"srcset":"https:\/\/i0.wp.com\/www.24baires.com\/wp-content\/uploads\/2013\/02\/bloqueo-camioneros.jpg?resize=350%2C200 1x, https:\/\/i0.wp.com\/www.24baires.com\/wp-content\/uploads\/2013\/02\/bloqueo-camioneros.jpg?resize=525%2C300 1.5x"},"classes":[]},{"id":16157,"url":"https:\/\/www.24baires.com\/?p=16157","url_meta":{"origin":16059,"position":2},"title":"Camioneros levanta el bloqueo a Maxiconsumo por diez d\u00edas","author":"AF","date":"19\/02\/2013","format":false,"excerpt":"El Sindicato de Choferes de Camiones anunci\u00f3 que \"suspende la medida de fuerza por por diez d\u00edas\" luego de conocer el pedido del fiscal Mart\u00edn Mainardi, quien solicit\u00f3 al Ministerio de Seguridad \"se disponga el cese inmediato de los bloqueos\". La causa, tramitada ante el Juzgado Criminal de Instrucci\u00f3n Nro.\u2026","rel":"","context":"En \u00abSociedad\u00bb","block_context":{"text":"Sociedad","link":"https:\/\/www.24baires.com\/?cat=1"},"img":{"alt_text":"","src":"","width":0,"height":0},"classes":[]},{"id":17191,"url":"https:\/\/www.24baires.com\/?p=17191","url_meta":{"origin":16059,"position":3},"title":"Solicitan indagatoria a Camioneros por los bloqueos al supermercado Maxiconsumo","author":"AF","date":"02\/03\/2013","format":false,"excerpt":"El Fiscal Mart\u00edn Mainardi imput\u00f3 y pidi\u00f3 la declaraci\u00f3n indagatoria de diez integrantes del Sindicato de Choferes de Camiones por el delito de \"coacci\u00f3n\", en el marco de los bloqueos que ese sector realiz\u00f3 en los locales del supermercado mayorista. En un escrito al que pudo acceder T\u00e9lam, el representante\u2026","rel":"","context":"En \u00abPol\u00edtica\u00bb","block_context":{"text":"Pol\u00edtica","link":"https:\/\/www.24baires.com\/?cat=51"},"img":{"alt_text":"","src":"","width":0,"height":0},"classes":[]},{"id":16016,"url":"https:\/\/www.24baires.com\/?p=16016","url_meta":{"origin":16059,"position":4},"title":"Tomada: \u00abMoyano s\u00f3lo pretende afectar la normal distribuci\u00f3n de alimentos\u00bb","author":"AF","date":"18\/02\/2013","format":false,"excerpt":"El ministro de Trabajo, Carlos Tomada, brind\u00f3 una conferencia de prensa en la que hizo referencia al bloqueo establecido por Hugo Moyano al mayorista Maxiconsumo, con el reclamo de representaci\u00f3n. \"Es raro que \u00e9ste sea el primer acto despu\u00e9s de la aparici\u00f3n de su fuerza pol\u00edtica\", se\u00f1al\u00f3. \"El pedido de\u2026","rel":"","context":"En \u00abPol\u00edtica\u00bb","block_context":{"text":"Pol\u00edtica","link":"https:\/\/www.24baires.com\/?cat=51"},"img":{"alt_text":"tomada","src":"https:\/\/i0.wp.com\/www.24baires.com\/wp-content\/uploads\/2013\/02\/tomada.jpg?resize=350%2C200","width":350,"height":200},"classes":[]},{"id":115651,"url":"https:\/\/www.24baires.com\/?p=115651","url_meta":{"origin":16059,"position":5},"title":"Camioneros bloquea todos los centros de distribuci\u00f3n de Mercado Libre","author":"AF","date":"16\/07\/2020","format":false,"excerpt":"El sindicato liderado por Pablo Moyano reclama la existencia de afiliaciones compulsivas de los trabajadores a otros gremios. La entrega de productos est\u00e1 suspendida. El gremio de Camioneros bloque\u00f3 este jueves siete centros de log\u00edstica de la empresa Mercado Libre en protesta por la aparente afiliaci\u00f3n compulsiva de trabajadores a\u2026","rel":"","context":"En \u00abSociedad\u00bb","block_context":{"text":"Sociedad","link":"https:\/\/www.24baires.com\/?cat=1"},"img":{"alt_text":"","src":"https:\/\/i0.wp.com\/www.24baires.com\/wp-content\/uploads\/2020\/07\/0037858462.jpg?resize=350%2C200","width":350,"height":200},"classes":[]}],"jetpack_sharing_enabled":true,"jetpack_likes_enabled":true,"_links":{"self":[{"href":"https:\/\/www.24baires.com\/index.php?rest_route=\/wp\/v2\/posts\/16059","targetHints":{"allow":["GET"]}}],"collection":[{"href":"https:\/\/www.24baires.com\/index.php?rest_route=\/wp\/v2\/posts"}],"about":[{"href":"https:\/\/www.24baires.com\/index.php?rest_route=\/wp\/v2\/types\/post"}],"author":[{"embeddable":true,"href":"https:\/\/www.24baires.com\/index.php?rest_route=\/wp\/v2\/users\/11"}],"replies":[{"embeddable":true,"href":"https:\/\/www.24baires.com\/index.php?rest_route=%2Fwp%2Fv2%2Fcomments&post=16059"}],"version-history":[{"count":3,"href":"https:\/\/www.24baires.com\/index.php?rest_route=\/wp\/v2\/posts\/16059\/revisions"}],"predecessor-version":[{"id":16066,"href":"https:\/\/www.24baires.com\/index.php?rest_route=\/wp\/v2\/posts\/16059\/revisions\/16066"}],"wp:attachment":[{"href":"https:\/\/www.24baires.com\/index.php?rest_route=%2Fwp%2Fv2%2Fmedia&parent=16059"}],"wp:term":[{"taxonomy":"category","embeddable":true,"href":"https:\/\/www.24baires.com\/index.php?rest_route=%2Fwp%2Fv2%2Fcategories&post=16059"},{"taxonomy":"post_tag","embeddable":true,"href":"https:\/\/www.24baires.com\/index.php?rest_route=%2Fwp%2Fv2%2Ftags&post=16059"}],"curies":[{"name":"wp","href":"https:\/\/api.w.org\/{rel}","templated":true}]}}