{"id":16047,"date":"2013-02-18T20:55:51","date_gmt":"2013-02-18T23:55:51","guid":{"rendered":"http:\/\/www.24baires.com\/?p=16047"},"modified":"2013-02-18T20:42:54","modified_gmt":"2013-02-18T23:42:54","slug":"murio-un-nieto-de-raul-alfonsin-mientras-jugaba-al-tenis-en-chascomus","status":"publish","type":"post","link":"https:\/\/www.24baires.com\/?p=16047","title":{"rendered":"Muri\u00f3 un nieto de Ra\u00fal Alfons\u00edn mientras jugaba al tenis en Chascom\u00fas"},"content":{"rendered":"<p>Gran parte de Chascom\u00fas qued\u00f3 conmocionada tras la inesperada y repentina muerte de Carlos Ra\u00fal Alconada Alfons\u00edn, nieto del ex Presidente, que se descompens\u00f3 mientras jugaba al tenis en el club \u201cCampo Puerto Chascom\u00fas\u201d.<!--more--><\/p>\n<p>Carlos era hijo de Ana Mar\u00eda Alfons\u00edn, una de las 6 hijas de Ra\u00fal (hermana de \u201cRicardito\u201d, el dirigente radical) y Carlos Rom\u00e1n Alconada, que viven en City Bell, La Plata, pero suelen visitar la localidad de Chascom\u00fas, de donde es oriundo el fallecido ex Presidente.<\/p>\n<p>A pesar de que lo trasladaron de urgencia al hospital m\u00e1s cercano, no pudieron evitar la muerte s\u00fabita tras la descompensaci\u00f3n que sufri\u00f3.<\/p>\n<p>Los restos del hombre de 38 a\u00f1os fueron velados y cremados en el cementerio Parque de la Gloria.<\/p>\n<p>&nbsp;<\/p>\n<p>&nbsp;<\/p>\n<p>&nbsp;<\/p>\n<p>&nbsp;<\/p>\n<p>&nbsp;<\/p>\n<p>&nbsp;<\/p>\n<p>&nbsp;<\/p>\n<p>&nbsp;<\/p>\n<p>&nbsp;<\/p>\n<p>&nbsp;<\/p>\n<p>&nbsp;<\/p>\n<p>&nbsp;<\/p>\n<p>&nbsp;<\/p>\n<p>&nbsp;<\/p>\n","protected":false},"excerpt":{"rendered":"<p>Gran parte de Chascom\u00fas qued\u00f3 conmocionada tras la inesperada y repentina muerte de Carlos Ra\u00fal Alconada Alfons\u00edn, nieto del ex Presidente, que se descompens\u00f3 mientras jugaba al tenis en el club \u201cCampo Puerto Chascom\u00fas\u201d.<\/p>\n","protected":false},"author":4,"featured_media":0,"comment_status":"open","ping_status":"open","sticky":false,"template":"","format":"standard","meta":{"_jetpack_newsletter_access":"","_jetpack_dont_email_post_to_subs":false,"_jetpack_newsletter_tier_id":0,"_jetpack_memberships_contains_paywalled_content":false,"_jetpack_memberships_contains_paid_content":false,"footnotes":""},"categories":[1],"tags":[],"class_list":["post-16047","post","type-post","status-publish","format-standard","hentry","category-sociedad"],"jetpack_featured_media_url":"","jetpack_shortlink":"https:\/\/wp.me\/p2JWE0-4aP","jetpack-related-posts":[{"id":121867,"url":"https:\/\/www.24baires.com\/?p=121867","url_meta":{"origin":16047,"position":0},"title":"Kicillof celebrar\u00e1 la amistad entre la Argentina y Brasil desde Chascom\u00fas","author":"GB","date":"03\/12\/2024","format":false,"excerpt":"El Gobernador reforzar\u00e1 el buen v\u00ednculo que mantiene con el pa\u00eds del norte en la fecha conmemorativa del abrazo entre Ra\u00fal Alfons\u00edn y Jos\u00e9 Sarney y el v\u00ednculo que posibilit\u00f3 la consolidaci\u00f3n del Mercosur. El Gobernador bonaerense Axel Kicillof estar\u00e1 en Chascom\u00fas este martes 3 de diciembre para celebrar el\u2026","rel":"","context":"En \u00abProvincia\u00bb","block_context":{"text":"Provincia","link":"https:\/\/www.24baires.com\/?cat=40"},"img":{"alt_text":"","src":"https:\/\/i0.wp.com\/www.24baires.com\/wp-content\/uploads\/2024\/12\/kici-bandera-brasil.webp?resize=350%2C200","width":350,"height":200,"srcset":"https:\/\/i0.wp.com\/www.24baires.com\/wp-content\/uploads\/2024\/12\/kici-bandera-brasil.webp?resize=350%2C200 1x, https:\/\/i0.wp.com\/www.24baires.com\/wp-content\/uploads\/2024\/12\/kici-bandera-brasil.webp?resize=525%2C300 1.5x, https:\/\/i0.wp.com\/www.24baires.com\/wp-content\/uploads\/2024\/12\/kici-bandera-brasil.webp?resize=700%2C400 2x"},"classes":[]},{"id":34185,"url":"https:\/\/www.24baires.com\/?p=34185","url_meta":{"origin":16047,"position":1},"title":"Alfons\u00edn vot\u00f3 en Chascom\u00fas y celebr\u00f3 el voto adolescente","author":"GB","date":"27\/10\/2013","format":false,"excerpt":"En su terru\u00f1o, Ricardo Alfons\u00edn emiti\u00f3 su sufragio apenas pasadas las 8.00. El primer postulante bonaerense en hacerlo. Madrugador, el segundo candidato del Frente Progresista C\u00edvico y Social, Ricardo Alfons\u00edn, fue el primero de los candidatos bonaerenses en emitir su voto esta ma\u00f1ana, media hora despu\u00e9s de que abrieron los\u2026","rel":"","context":"En \u00abELECCIONES 2013\u00bb","block_context":{"text":"ELECCIONES 2013","link":"https:\/\/www.24baires.com\/?cat=72"},"img":{"alt_text":"","src":"","width":0,"height":0},"classes":[]},{"id":18233,"url":"https:\/\/www.24baires.com\/?p=18233","url_meta":{"origin":16047,"position":2},"title":"El \u00abD\u00eda del Militante Radical\u00bb se reflej\u00f3 tambi\u00e9n en Twitter","author":"Grupo Sierra","date":"12\/03\/2013","format":false,"excerpt":"Un 12 de marzo de 1927 en Chascom\u00fas, naci\u00f3 Ra\u00fal Alfons\u00edn. Gobernaba la Argentina, otro radical, el hijo m\u00e1s \u201crevoltoso\u201d del patriciado porte\u00f1o, Marcelo T. de Alvear. Dirigentes pol\u00edticos, radicales y memoriosos pusieron sus 140 caracteres en escena la fecha en recuerdo al l\u00edder del radicalismo, que fue impuesta como\u2026","rel":"","context":"En \u00abPol\u00edtica\u00bb","block_context":{"text":"Pol\u00edtica","link":"https:\/\/www.24baires.com\/?cat=51"},"img":{"alt_text":"","src":"","width":0,"height":0},"classes":[]},{"id":53246,"url":"https:\/\/www.24baires.com\/?p=53246","url_meta":{"origin":16047,"position":3},"title":"Con escasa participaci\u00f3n, Alfons\u00edn gan\u00f3 las elecciones para ser titular de la UCR provincial","author":"AF","date":"08\/09\/2014","format":false,"excerpt":"El diputado nacional Ricardo Alfons\u00edn se impon\u00eda en la elecci\u00f3n para conducir el Comit\u00e9 Provincia de la UCR y obten\u00eda un triunfo contundente en los distritos del interior bonaerense, aunque la lista opositora encabezada por Daniel Salvador no hab\u00eda reconocido la derrota y afirmaba que la diferencia de votos era\u2026","rel":"","context":"En \u00abPol\u00edtica\u00bb","block_context":{"text":"Pol\u00edtica","link":"https:\/\/www.24baires.com\/?cat=51"},"img":{"alt_text":"alfonsin","src":"https:\/\/i0.wp.com\/www.24baires.com\/wp-content\/uploads\/2013\/09\/alfonsin.jpg?resize=350%2C200","width":350,"height":200,"srcset":"https:\/\/i0.wp.com\/www.24baires.com\/wp-content\/uploads\/2013\/09\/alfonsin.jpg?resize=350%2C200 1x, https:\/\/i0.wp.com\/www.24baires.com\/wp-content\/uploads\/2013\/09\/alfonsin.jpg?resize=525%2C300 1.5x"},"classes":[]},{"id":26572,"url":"https:\/\/www.24baires.com\/?p=26572","url_meta":{"origin":16047,"position":4},"title":"Enojados con el &#8216;marga-alfonsinismo&#8217;, Moreau y Storani eval\u00faan no presentar candidatos","author":"Grupo Sierra","date":"21\/06\/2013","format":false,"excerpt":"Nuevos Aires, el sector de la UCR bonaerense que responde a Leopoldo Moreau y Federico Storani, eval\u00faa no presentar candidatos propios en las primarias de agosto para enfrentar la n\u00f3mina del Frente Progresista C\u00edvico y Social, encabezada por Margarita Stolbizer y Ricardo Alfons\u00edn. As\u00ed lo afirm\u00f3 en di\u00e1logo con T\u00e9lam\u2026","rel":"","context":"En \u00abPol\u00edtica\u00bb","block_context":{"text":"Pol\u00edtica","link":"https:\/\/www.24baires.com\/?cat=51"},"img":{"alt_text":"","src":"","width":0,"height":0},"classes":[]},{"id":26645,"url":"https:\/\/www.24baires.com\/?p=26645","url_meta":{"origin":16047,"position":5},"title":"Moreau y Storani finalmente bajaron su lista de las primarias del FPCyS","author":"Grupo Sierra","date":"22\/06\/2013","format":false,"excerpt":"Nuevos Aires, el sector de la UCR bonaerense que responde a Leopoldo Moreau y Federico Storani, decidi\u00f3 finalmente hoy no presentar candidatos a cargos nacionales en las primarias de agosto para enfrentar la n\u00f3mina del Frente Progresista C\u00edvico y Social, encabezada por Margarita Stolbizer y Ricardo Alfons\u00edn. La determinaci\u00f3n se\u2026","rel":"","context":"En \u00abPol\u00edtica\u00bb","block_context":{"text":"Pol\u00edtica","link":"https:\/\/www.24baires.com\/?cat=51"},"img":{"alt_text":"moreau y storani terra","src":"https:\/\/i0.wp.com\/www.24baires.com\/wp-content\/uploads\/2013\/06\/moreau-y-storani-terra.jpg?resize=350%2C200","width":350,"height":200,"srcset":"https:\/\/i0.wp.com\/www.24baires.com\/wp-content\/uploads\/2013\/06\/moreau-y-storani-terra.jpg?resize=350%2C200 1x, https:\/\/i0.wp.com\/www.24baires.com\/wp-content\/uploads\/2013\/06\/moreau-y-storani-terra.jpg?resize=525%2C300 1.5x"},"classes":[]}],"jetpack_sharing_enabled":true,"jetpack_likes_enabled":true,"_links":{"self":[{"href":"https:\/\/www.24baires.com\/index.php?rest_route=\/wp\/v2\/posts\/16047","targetHints":{"allow":["GET"]}}],"collection":[{"href":"https:\/\/www.24baires.com\/index.php?rest_route=\/wp\/v2\/posts"}],"about":[{"href":"https:\/\/www.24baires.com\/index.php?rest_route=\/wp\/v2\/types\/post"}],"author":[{"embeddable":true,"href":"https:\/\/www.24baires.com\/index.php?rest_route=\/wp\/v2\/users\/4"}],"replies":[{"embeddable":true,"href":"https:\/\/www.24baires.com\/index.php?rest_route=%2Fwp%2Fv2%2Fcomments&post=16047"}],"version-history":[{"count":2,"href":"https:\/\/www.24baires.com\/index.php?rest_route=\/wp\/v2\/posts\/16047\/revisions"}],"predecessor-version":[{"id":16050,"href":"https:\/\/www.24baires.com\/index.php?rest_route=\/wp\/v2\/posts\/16047\/revisions\/16050"}],"wp:attachment":[{"href":"https:\/\/www.24baires.com\/index.php?rest_route=%2Fwp%2Fv2%2Fmedia&parent=16047"}],"wp:term":[{"taxonomy":"category","embeddable":true,"href":"https:\/\/www.24baires.com\/index.php?rest_route=%2Fwp%2Fv2%2Fcategories&post=16047"},{"taxonomy":"post_tag","embeddable":true,"href":"https:\/\/www.24baires.com\/index.php?rest_route=%2Fwp%2Fv2%2Ftags&post=16047"}],"curies":[{"name":"wp","href":"https:\/\/api.w.org\/{rel}","templated":true}]}}