{"id":16032,"date":"2013-02-18T19:20:08","date_gmt":"2013-02-18T22:20:08","guid":{"rendered":"http:\/\/www.24baires.com\/?p=16032"},"modified":"2013-02-18T19:02:17","modified_gmt":"2013-02-18T22:02:17","slug":"denuncian-que-los-hospitales-bonaerenses-niegan-el-aborto-no-punible","status":"publish","type":"post","link":"https:\/\/www.24baires.com\/?p=16032","title":{"rendered":"Denuncian que los hospitales bonaerenses niegan el aborto no punible"},"content":{"rendered":"<p><img data-recalc-dims=\"1\" loading=\"lazy\" decoding=\"async\" class=\"alignleft size-medium wp-image-16033\" alt=\"gradaschi\" src=\"https:\/\/i0.wp.com\/www.24baires.com\/wp-content\/uploads\/2013\/02\/gradaschi.jpg?resize=300%2C191\" width=\"300\" height=\"191\" srcset=\"https:\/\/i0.wp.com\/www.24baires.com\/wp-content\/uploads\/2013\/02\/gradaschi.jpg?resize=300%2C191&amp;ssl=1 300w, https:\/\/i0.wp.com\/www.24baires.com\/wp-content\/uploads\/2013\/02\/gradaschi.jpg?w=560&amp;ssl=1 560w\" sizes=\"auto, (max-width: 300px) 100vw, 300px\" \/>La diputada Natalia Gradaschi asegur\u00f3 que ese derecho no se cumple por \u201cfalta de decisi\u00f3n pol\u00edtica\u201d del gobernador Daniel Scioli y propuso un proyecto de ley consensuado con la legisladora Viviana Nocito para que la pr\u00e1ctica se garantice en todos los centros de salud de la Provincia.<!--more--><\/p>\n<p>La legisladora bonaerense Natalia Gradaschi denunci\u00f3 hoy que \u201cen la mayor\u00eda de las instituciones de Salud de la Provincia se les niega el derecho al aborto no punible a las mujeres que lo requieren\u201d.<\/p>\n<p>La Provincia tiene en vigencia un Protocolo de Aborto no Punible del Ejecutivo, pero \u201clo que hace falta es la decisi\u00f3n pol\u00edtica del Gobernador de implementarlo y comenzar a difundir de forma eficiente cu\u00e1les son los derechos de las mujeres\u201d.<\/p>\n<p>\u201cAnte este incumplimiento, la provincia de Buenos Aires necesita de una ley que garantice la pr\u00e1ctica ya que as\u00ed ser\u00eda de cumplimiento obligatorio para los profesionales\u201d, explic\u00f3 la diputada provincial.<\/p>\n<p>Gradaschi impulsa un proyecto de ley de Protocolo de Aborto no Punible consensuado con la diputada Viviana Nocito, que ya fue aprobada por en dos comisiones y que ahora se encuentra en la de Legislaci\u00f3n General de Diputados.<\/p>\n<p>\u201cEstamos trabajando para que este Protocolo se trate en breve en el recinto, ya que su aprobaci\u00f3n pondr\u00eda al Estado Provincial en el lugar del que nunca se tendr\u00eda que haber corrido, que es el de garante de los derechos, en este caso, de las mujeres\u201d, dijo la diputada.<\/p>\n<p>El Protocolo de Aborto no Punible, que de aprobarse ser\u00e1 de cumplimiento obligatorio en todos los servicios de Salud, busca \u201cgarantizar el acceso oportuno y en condiciones de equidad e igualdad a la interrupci\u00f3n de la gestaci\u00f3n en los casos de aborto no punible enunciados en los incisos 1 y 2 del art\u00edculo 86\u00ba del C\u00f3digo Penal de la Naci\u00f3n, que exime de pena al m\u00e9dico y a la paciente que llevan adelante la pr\u00e1ctica\u201d.<\/p>\n<p>Adem\u00e1s, establece que la pr\u00e1ctica de aborto no punible (o su negativa fundada) debe concretarse en un plazo de 5 d\u00edas a partir de la solicitud de la mujer.<\/p>\n<p>En su art\u00edculo 8, el proyecto establece que \u201cla interrupci\u00f3n de un embarazo en los casos de aborto no punible, no requiere de autorizaci\u00f3n judicial, ni de ning\u00fan otro requisito (\u2026) siendo la imposici\u00f3n de exigencias adicionales, considerada como atentatoria de los derechos de la mujer y la exposici\u00f3n a incrementar el riesgo para su salud\u201d.<\/p>\n<p>En ese sentido, establece tambi\u00e9n que \u201clas pr\u00e1cticas m\u00e9dicas requeridas en la presente ley no configuran casos judiciales y, por consiguiente, se efectivizar\u00e1n sin requerimiento o autorizaci\u00f3n de ninguna autoridad judicial\u201d. En el art\u00edculo 5 dispone que \u201ccuando el embarazo se hubiera producido en el marco de lo normado en el inciso 2\u00b0 del art\u00edculo 86\u00ba del C\u00f3digo Penal, se debe solicitar a la mujer o &#8211; en caso de corresponder &#8211; a quien la representa, una declaraci\u00f3n jurada en la cual manifieste que se encuentra en las situaciones descriptas por dicho inciso\u201d<\/p>\n<p>Lo dispuesto por el proyecto de ley de Protocolo de Aborto no punible ser\u00e1 de cumplimiento obligatorio en todos los servicios de salud (p\u00fablicos, privados y de la seguridad social). Todas las obras sociales y empresas de medicina prepaga que ejerzan su actividad en la Provincia de Buenos Aires deber\u00e1n incorporar en su men\u00fa prestacional la cobertura de las pr\u00e1cticas previstas en la iniciativa.<\/p>\n<p>&nbsp;<\/p>\n<p>&nbsp;<\/p>\n<p>&nbsp;<\/p>\n<p>&nbsp;<\/p>\n<p>&nbsp;<\/p>\n<p>&nbsp;<\/p>\n<p>&nbsp;<\/p>\n<p>&nbsp;<\/p>\n<p>&nbsp;<\/p>\n<p>&nbsp;<\/p>\n<p>&nbsp;<\/p>\n<p>&nbsp;<\/p>\n<p>&nbsp;<\/p>\n<p>&nbsp;<\/p>\n<p>&nbsp;<\/p>\n<p>&nbsp;<\/p>\n<p>&nbsp;<\/p>\n<p>&nbsp;<\/p>\n<p>&nbsp;<\/p>\n<p>&nbsp;<\/p>\n<p>&nbsp;<\/p>\n<p>&nbsp;<\/p>\n<p>&nbsp;<\/p>\n","protected":false},"excerpt":{"rendered":"<p>La diputada Natalia Gradaschi asegur\u00f3 que ese derecho no se cumple por \u201cfalta de decisi\u00f3n pol\u00edtica\u201d del gobernador Daniel Scioli y propuso un proyecto de ley consensuado con la legisladora Viviana Nocito para que la pr\u00e1ctica se garantice en todos los centros de salud de la Provincia.<\/p>\n","protected":false},"author":4,"featured_media":0,"comment_status":"open","ping_status":"open","sticky":false,"template":"","format":"standard","meta":{"_jetpack_newsletter_access":"","_jetpack_dont_email_post_to_subs":false,"_jetpack_newsletter_tier_id":0,"_jetpack_memberships_contains_paywalled_content":false,"_jetpack_memberships_contains_paid_content":false,"footnotes":""},"categories":[1],"tags":[],"class_list":["post-16032","post","type-post","status-publish","format-standard","hentry","category-sociedad"],"jetpack_featured_media_url":"","jetpack_shortlink":"https:\/\/wp.me\/p2JWE0-4aA","jetpack-related-posts":[{"id":89181,"url":"https:\/\/www.24baires.com\/?p=89181","url_meta":{"origin":16032,"position":0},"title":"Marchan a Gobernaci\u00f3n contra el rechazo de Vidal al protocolo de aborto no punible","author":"AF","date":"27\/10\/2016","format":false,"excerpt":"Con fuertes cr\u00edticas, dirigentes de izquierda convocaron para este jueves a una movilizaci\u00f3n a la Gobernaci\u00f3n bonaerense para rechazar la marcha atr\u00e1s de la Provincia en la adhesi\u00f3n al protocolo nacional de aborto no punible. La dirigente del MST-Nueva Izquierda, Vilma Ripoll, inform\u00f3 que la concentraci\u00f3n se realizar\u00e1 a las\u2026","rel":"","context":"En \u00abSociedad\u00bb","block_context":{"text":"Sociedad","link":"https:\/\/www.24baires.com\/?cat=1"},"img":{"alt_text":"gobernacion","src":"https:\/\/i0.wp.com\/www.24baires.com\/wp-content\/uploads\/2016\/10\/gobernaci%C3%B3n.jpg?resize=350%2C200","width":350,"height":200,"srcset":"https:\/\/i0.wp.com\/www.24baires.com\/wp-content\/uploads\/2016\/10\/gobernaci%C3%B3n.jpg?resize=350%2C200 1x, https:\/\/i0.wp.com\/www.24baires.com\/wp-content\/uploads\/2016\/10\/gobernaci%C3%B3n.jpg?resize=525%2C300 1.5x"},"classes":[]},{"id":89118,"url":"https:\/\/www.24baires.com\/?p=89118","url_meta":{"origin":16032,"position":1},"title":"La oposici\u00f3n rechaz\u00f3 la marcha atr\u00e1s de Vidal en el aborto punible","author":"GB","date":"25\/10\/2016","format":false,"excerpt":"Distintos sectores de la oposici\u00f3n repudiaron hoy el congelamiento al protocolo de aborto no punible y dijeron la decisi\u00f3n de la gobernadora, Mar\u00eda Eugenia Vidal, \u201cpone en riesgo la vida de miles de mujeres\u201d. Mientras la senadora del Frente para la Victoria M\u00f3nica (FpV) Macha asegur\u00f3 hoy que \u201cdeja sin\u2026","rel":"","context":"En \u00abProvincia\u00bb","block_context":{"text":"Provincia","link":"https:\/\/www.24baires.com\/?cat=40"},"img":{"alt_text":"vidal","src":"https:\/\/i0.wp.com\/www.24baires.com\/wp-content\/uploads\/2016\/06\/vidal-1-300x168.jpg?resize=350%2C200","width":350,"height":200},"classes":[]},{"id":44047,"url":"https:\/\/www.24baires.com\/?p=44047","url_meta":{"origin":16032,"position":2},"title":"Impulsan proyecto para regular el acceso al aborto no punible en Provincia","author":"GB","date":"16\/04\/2014","format":false,"excerpt":"Un proyecto legislativo impulsado por el FpV en la C\u00e1mara de Diputados bonaerense busca regular y garantizar el acceso a los abortos no punibles en todos los establecimientos de la red sanitaria provincial. \u201cBusca institucionalizar y modernizar el trabajo que viene haciendo la Provincia de Buenos Aires en relaci\u00f3n con\u2026","rel":"","context":"En \u00abSociedad\u00bb","block_context":{"text":"Sociedad","link":"https:\/\/www.24baires.com\/?cat=1"},"img":{"alt_text":"diputados ba","src":"https:\/\/i0.wp.com\/www.24baires.com\/wp-content\/uploads\/2012\/12\/diputados-ba-300x198.jpg?resize=350%2C200","width":350,"height":200},"classes":[]},{"id":30105,"url":"https:\/\/www.24baires.com\/?p=30105","url_meta":{"origin":16032,"position":3},"title":"Buscan asegurar el aborto no punible y la ley de educaci\u00f3n sexual","author":"GB","date":"13\/08\/2013","format":false,"excerpt":"La diputada nacional Mar\u00eda Luisa Storani, responsable del grupo parlamentario argentino que participa de la Reuni\u00f3n sobre Poblaci\u00f3n y Desarrollo de Naciones Unidas en Montevideo, afirm\u00f3 hoy que \"es una obligaci\u00f3n del Estado hacer cumplir a las provincias el aborto no punible en casos de violaci\u00f3n y la ley de\u2026","rel":"","context":"En \u00abSociedad\u00bb","block_context":{"text":"Sociedad","link":"https:\/\/www.24baires.com\/?cat=1"},"img":{"alt_text":"","src":"","width":0,"height":0},"classes":[]},{"id":42057,"url":"https:\/\/www.24baires.com\/?p=42057","url_meta":{"origin":16032,"position":4},"title":"A dos a\u00f1os del fallo, denuncian que no se respeta el aborto legal","author":"Grupo Sierra","date":"13\/03\/2014","format":false,"excerpt":"En el segundo aniversario de la sentencia de la Corte que exhort\u00f3 a las autoridades p\u00fablicas a garantizar el acceso al aborto legal, las organizaciones denuncian que se trata de un derecho ampliamente vulnerado en la mayor\u00eda de las jurisdicciones del pa\u00eds. A dos a\u00f1os del hist\u00f3rico fallo \u201cF.,A.L.\u201d en\u2026","rel":"","context":"En \u00abJUDICIALES\u00bb","block_context":{"text":"JUDICIALES","link":"https:\/\/www.24baires.com\/?cat=68"},"img":{"alt_text":"aborto","src":"https:\/\/i0.wp.com\/www.24baires.com\/wp-content\/uploads\/2014\/03\/aborto-300x132.jpg?resize=350%2C200","width":350,"height":200},"classes":[]},{"id":103892,"url":"https:\/\/www.24baires.com\/?p=103892","url_meta":{"origin":16032,"position":5},"title":"Pacagnini: \u00abVidal form\u00f3 un Gabinete anti-derechos\u00bb","author":"GB","date":"15\/08\/2018","format":false,"excerpt":"El Secretario General de Cicop le apunt\u00f3 a la Gobernadora tras la muerte de la mujer de 24 a\u00f1os por un aborto clandestino. La Asociaci\u00f3n de Profesionales de la Salud bonaerense (Cicop) le apunt\u00f3 a la gobernadora Mar\u00eda Eugenia Vidal tras la muerte de una mujer de 24 a\u00f1os por\u2026","rel":"","context":"En \u00abProvincia\u00bb","block_context":{"text":"Provincia","link":"https:\/\/www.24baires.com\/?cat=40"},"img":{"alt_text":"","src":"https:\/\/i0.wp.com\/www.24baires.com\/wp-content\/uploads\/2014\/02\/Paro-Cicop.jpg?resize=350%2C200","width":350,"height":200,"srcset":"https:\/\/i0.wp.com\/www.24baires.com\/wp-content\/uploads\/2014\/02\/Paro-Cicop.jpg?resize=350%2C200 1x, https:\/\/i0.wp.com\/www.24baires.com\/wp-content\/uploads\/2014\/02\/Paro-Cicop.jpg?resize=525%2C300 1.5x"},"classes":[]}],"jetpack_sharing_enabled":true,"jetpack_likes_enabled":true,"_links":{"self":[{"href":"https:\/\/www.24baires.com\/index.php?rest_route=\/wp\/v2\/posts\/16032","targetHints":{"allow":["GET"]}}],"collection":[{"href":"https:\/\/www.24baires.com\/index.php?rest_route=\/wp\/v2\/posts"}],"about":[{"href":"https:\/\/www.24baires.com\/index.php?rest_route=\/wp\/v2\/types\/post"}],"author":[{"embeddable":true,"href":"https:\/\/www.24baires.com\/index.php?rest_route=\/wp\/v2\/users\/4"}],"replies":[{"embeddable":true,"href":"https:\/\/www.24baires.com\/index.php?rest_route=%2Fwp%2Fv2%2Fcomments&post=16032"}],"version-history":[{"count":2,"href":"https:\/\/www.24baires.com\/index.php?rest_route=\/wp\/v2\/posts\/16032\/revisions"}],"predecessor-version":[{"id":16035,"href":"https:\/\/www.24baires.com\/index.php?rest_route=\/wp\/v2\/posts\/16032\/revisions\/16035"}],"wp:attachment":[{"href":"https:\/\/www.24baires.com\/index.php?rest_route=%2Fwp%2Fv2%2Fmedia&parent=16032"}],"wp:term":[{"taxonomy":"category","embeddable":true,"href":"https:\/\/www.24baires.com\/index.php?rest_route=%2Fwp%2Fv2%2Fcategories&post=16032"},{"taxonomy":"post_tag","embeddable":true,"href":"https:\/\/www.24baires.com\/index.php?rest_route=%2Fwp%2Fv2%2Ftags&post=16032"}],"curies":[{"name":"wp","href":"https:\/\/api.w.org\/{rel}","templated":true}]}}