{"id":16021,"date":"2013-02-18T18:01:54","date_gmt":"2013-02-18T21:01:54","guid":{"rendered":"http:\/\/www.24baires.com\/?p=16021"},"modified":"2013-02-18T18:01:54","modified_gmt":"2013-02-18T21:01:54","slug":"la-fragata-libertad-partio-de-mar-del-plata-hacia-puerto-madryn","status":"publish","type":"post","link":"https:\/\/www.24baires.com\/?p=16021","title":{"rendered":"La Fragata Libertad parti\u00f3 de Mar del Plata hacia Puerto Madryn"},"content":{"rendered":"<p><img data-recalc-dims=\"1\" loading=\"lazy\" decoding=\"async\" class=\"alignleft size-medium wp-image-10814\" alt=\"fragata libertad\" src=\"https:\/\/i0.wp.com\/www.24baires.com\/wp-content\/uploads\/2012\/12\/fragata-libertad.jpg?resize=300%2C200\" width=\"300\" height=\"200\" srcset=\"https:\/\/i0.wp.com\/www.24baires.com\/wp-content\/uploads\/2012\/12\/fragata-libertad.jpg?resize=300%2C200&amp;ssl=1 300w, https:\/\/i0.wp.com\/www.24baires.com\/wp-content\/uploads\/2012\/12\/fragata-libertad.jpg?w=510&amp;ssl=1 510w\" sizes=\"auto, (max-width: 300px) 100vw, 300px\" \/>La fragata, que durante su permanencia en el puerto marplatense fue visitada por 130 mil turistas, parti\u00f3 rumbo a la ciudad chubutense de Puerto Madryn y luego ser\u00e1 llevada al astillero R\u00edo Santiago para su alistamiento.<!--more--><br \/>\nLa nave, que el 9 de enero pasado hab\u00eda sido recibida por la presidenta Cristina Fern\u00e1ndez de Kirchner luego de permanecer retenida en forma ilegal durante 77 d\u00edas en el puerto del pa\u00eds africano, fue despedida hoy por unas cuatro mil personas que se acercaron a la zona del puerto con banderas y pancartas.<\/p>\n<p>Tras soltar amarras, marplatenses y turistas aplaudieron la salida mientras el buque era llevado por dos remolcadores de la Armada hacia aguas profundas.<\/p>\n<p>Carlos Filipi, de la oficina de Relaciones P\u00fablicas de la Base Naval local, dijo que \u00abno es seguro que ingrese a Puerto Madryn aunque s\u00ed estar\u00e1 amarrada en la Pen\u00ednsula Valdez y luego ir\u00e1 al astillero R\u00edo Santiago\u00bb, donde preparar\u00e1n el buque escuela para emprender su 44\u00ba viaje de instrucci\u00f3n de los guardiamarina.<\/p>\n<p>La Fragata Libertad arrib\u00f3 a la terminal portuaria local tras permanecer en el puerto de Tema, donde fue retenida indebidamente por la justicia de Ghana a ra\u00edz de una demanda impulsada por los fondos buitre.<\/p>\n<p>Ese d\u00eda, m\u00e1s de 200 mil argentinos vivieron una jornada de fiesta en la costa marplatense, en la que se agolparon desde horas tempranas para saludar la llegada del buque escuela.<\/p>\n<p>Los verdes barrancos y parques de la zona portuaria fueron el escenario de la fiesta popular en la que no faltaron banderas con el colorido de numerosas agrupaciones pol\u00edticas, sociales y gremiales.<\/p>\n<p>En este marco, la presidenta asegur\u00f3 que la llegada de la Fragata Libertad simbolizaba \u00abla defensa irrestricta de los derechos soberanos de la Argentina y su dignidad nacional\u00bb.<\/p>\n<p>\u00abHoy m\u00e1s que nunca Patria s\u00ed, colonia no\u00bb, dijo Cristina en su discurso de recibimiento de la embarcaci\u00f3n.<\/p>\n<p>La Fragata Libertad fue retenida ilegalmente el 2 de octubre por orden de un juez de Ghana que aval\u00f3 un pedido de un fondo buitre estadounidense, que est\u00e1 en litigio con el Estado argentino en los tribunales de Nueva York.<\/p>\n<p>El buque escuela nacional fue liberado el 15 de diciembre, luego de que el Tribunal Internacional del Mar, ante una presentaci\u00f3n del gobierno argentino, ratific\u00f3 que los buques de guerra son inembargables.<\/p>\n<p>La nave zarp\u00f3 desde Tema el 19 de diciembre y tras 21 d\u00edas de navegaci\u00f3n lleg\u00f3 a Mar del Plata.<\/p>\n<p>La historia de la Fragata Libertad se remonta al 13 de noviembre de 1953, cuando fue autorizada su construcci\u00f3n en el Astillero R\u00edo Santiago de Ensenada.<\/p>\n<p>Tres a\u00f1os m\u00e1s tarde, ya bajo el gobierno de facto de Aramburu, fue bautizada con el nombre de \u2018Libertad\u2019.<\/p>\n<p>El buque escuela naci\u00f3 para reemplazar a la Fragata Sarmiento en sus viajes de instrucci\u00f3n para los cadetes y se incorpor\u00f3 finalmente a la Armada el 28 de mayo de 1963.<\/p>\n<p>El Poder Ejecutivo Nacional, por decreto presidencial n\u00famero 727 del 30 de mayo del 2001 nombr\u00f3 a la fragata nave embajadora de la Rep\u00fablica.<\/p>\n<p>&nbsp;<\/p>\n<p>&nbsp;<\/p>\n<p>&nbsp;<\/p>\n<p>&nbsp;<\/p>\n<p>&nbsp;<\/p>\n<p>&nbsp;<\/p>\n<p>&nbsp;<\/p>\n<p>&nbsp;<\/p>\n<p>&nbsp;<\/p>\n<p>&nbsp;<\/p>\n<p>&nbsp;<\/p>\n<p>&nbsp;<\/p>\n<p>&nbsp;<\/p>\n<p>&nbsp;<\/p>\n<p>&nbsp;<\/p>\n<p>&nbsp;<\/p>\n<p>&nbsp;<\/p>\n<p>&nbsp;<\/p>\n<p>&nbsp;<\/p>\n<p>&nbsp;<\/p>\n<p>&nbsp;<\/p>\n<p>&nbsp;<\/p>\n<p>&nbsp;<\/p>\n<p>&nbsp;<\/p>\n","protected":false},"excerpt":{"rendered":"<p>La fragata, que durante su permanencia en el puerto marplatense fue visitada por 130 mil turistas, parti\u00f3 rumbo a la ciudad chubutense de Puerto Madryn y luego ser\u00e1 llevada al astillero R\u00edo Santiago para su alistamiento.<\/p>\n","protected":false},"author":4,"featured_media":0,"comment_status":"open","ping_status":"open","sticky":false,"template":"","format":"standard","meta":{"_jetpack_newsletter_access":"","_jetpack_dont_email_post_to_subs":false,"_jetpack_newsletter_tier_id":0,"_jetpack_memberships_contains_paywalled_content":false,"_jetpack_memberships_contains_paid_content":false,"footnotes":""},"categories":[1],"tags":[],"class_list":["post-16021","post","type-post","status-publish","format-standard","hentry","category-sociedad"],"jetpack_featured_media_url":"","jetpack_shortlink":"https:\/\/wp.me\/p2JWE0-4ap","jetpack-related-posts":[{"id":39676,"url":"https:\/\/www.24baires.com\/?p=39676","url_meta":{"origin":16021,"position":0},"title":"La Fragata Libertad ya parti\u00f3 rumbo a La Habana","author":"Grupo Sierra","date":"01\/02\/2014","format":false,"excerpt":"El buque escuela Fragata Libertad parti\u00f3 del Puerto de Buenos Aires hacia un periplo por pa\u00edses latinoamericanos integrantes de Unasur y Celac, por lo que recalar\u00e1 en julio en el puerto de la ciudad cubana de La Habana, que la nave argentina no visitaba desde 1967, inform\u00f3 el capit\u00e1n del\u2026","rel":"","context":"En \u00abGeneral\u00bb","block_context":{"text":"General","link":"https:\/\/www.24baires.com\/?cat=67"},"img":{"alt_text":"fragata libertad beso 2014","src":"https:\/\/i0.wp.com\/www.24baires.com\/wp-content\/uploads\/2014\/02\/fragata-libertad-beso-2014.jpg?resize=350%2C200","width":350,"height":200,"srcset":"https:\/\/i0.wp.com\/www.24baires.com\/wp-content\/uploads\/2014\/02\/fragata-libertad-beso-2014.jpg?resize=350%2C200 1x, https:\/\/i0.wp.com\/www.24baires.com\/wp-content\/uploads\/2014\/02\/fragata-libertad-beso-2014.jpg?resize=525%2C300 1.5x"},"classes":[]},{"id":9721,"url":"https:\/\/www.24baires.com\/?p=9721","url_meta":{"origin":16021,"position":1},"title":"La senadora Di Rado propone un acto popular para recibir a la Fragata en Mar del Plata","author":"Grupo Sierra","date":"19\/12\/2012","format":false,"excerpt":"La senadora provincial Cristina Di Rado celebr\u00f3 la decisi\u00f3n de la Presidenta de la Naci\u00f3n de que la Fragata Libertad arribe al pa\u00eds tocando el puerto de la ciudad de Mar del Plata y reiter\u00f3 su pedido que ese d\u00eda haya actos en cada ciudad de la Rep\u00fablica Argentina. \u201cEstoy\u2026","rel":"","context":"En \u00abPol\u00edtica\u00bb","block_context":{"text":"Pol\u00edtica","link":"https:\/\/www.24baires.com\/?cat=51"},"img":{"alt_text":"DI RADO CRISTINA","src":"https:\/\/i0.wp.com\/www.24baires.com\/wp-content\/uploads\/2012\/12\/DI-RADO-CRISTINA-300x287.jpg?resize=350%2C200","width":350,"height":200},"classes":[]},{"id":9537,"url":"https:\/\/www.24baires.com\/?p=9537","url_meta":{"origin":16021,"position":2},"title":"Piden que la Fragata Libertad amarre en enero en Mar del Plata","author":"Grupo Sierra","date":"17\/12\/2012","format":false,"excerpt":"La senadora provincial Cristina Di Rado solicitar\u00e1 formalmente que el buque escuela una vez que llegue al puerto de Buenos Aires, se dirija cuanto antes a Mar del Plata. \"Hay m\u00faltiples razones que apoyan mi pedido, pero las m\u00e1s importante es el cari\u00f1o que cada vez que llega a Mar\u2026","rel":"","context":"En \u00abPol\u00edtica\u00bb","block_context":{"text":"Pol\u00edtica","link":"https:\/\/www.24baires.com\/?cat=51"},"img":{"alt_text":"","src":"","width":0,"height":0},"classes":[]},{"id":112519,"url":"https:\/\/www.24baires.com\/?p=112519","url_meta":{"origin":16021,"position":3},"title":"Imputaron a tres oficiales de la Armada en la causa por el ARA San Juan","author":"AF","date":"16\/10\/2019","format":false,"excerpt":"La Justicia Federal llamar\u00e1 a indagatoria al ex jefe de Log\u00edstica de la Fuerza de Submarinos, al ex encargado de Operaciones del Comando de la Fuerza de Submarinos y a quien era el jefe del Estado Mayor de la Fuerza de Submarinos. Un a\u00f1o y 11 meses despu\u00e9s de la\u2026","rel":"","context":"En \u00abJUDICIALES\u00bb","block_context":{"text":"JUDICIALES","link":"https:\/\/www.24baires.com\/?cat=68"},"img":{"alt_text":"","src":"https:\/\/i0.wp.com\/www.24baires.com\/wp-content\/uploads\/2017\/11\/ara-submarino-san-juan.jpg?resize=350%2C200","width":350,"height":200,"srcset":"https:\/\/i0.wp.com\/www.24baires.com\/wp-content\/uploads\/2017\/11\/ara-submarino-san-juan.jpg?resize=350%2C200 1x, https:\/\/i0.wp.com\/www.24baires.com\/wp-content\/uploads\/2017\/11\/ara-submarino-san-juan.jpg?resize=525%2C300 1.5x"},"classes":[]},{"id":51081,"url":"https:\/\/www.24baires.com\/?p=51081","url_meta":{"origin":16021,"position":4},"title":"Las ballenas pasaron sus vacaciones en Mar del Plata","author":"Grupo Sierra","date":"03\/08\/2014","format":false,"excerpt":"Desde hace unos d\u00edas un grupo de ballenas visita las costas marplatenses, revolucionando a todos los habitantes y turistas. Si bien la \u00e9poca es correcta, la presencia de estos cet\u00e1ceos es m\u00e1s habitual en las regiones patag\u00f3nicas que en territorio bonaerense, como es el caso de Puerto Madryn. Sin embargo,\u2026","rel":"","context":"En \u00abTurismo\u00bb","block_context":{"text":"Turismo","link":"https:\/\/www.24baires.com\/?cat=69"},"img":{"alt_text":"","src":"","width":0,"height":0},"classes":[]},{"id":98093,"url":"https:\/\/www.24baires.com\/?p=98093","url_meta":{"origin":16021,"position":5},"title":"Puerto Madryn ser\u00e1 la sede del pr\u00f3ximo Encuentro Nacional de Mujeres","author":"AF","date":"16\/10\/2017","format":false,"excerpt":"En la \u00faltima jornada del 32 Encuentro Nacional de Mujeres, realizado en Chaco, se decidi\u00f3 hoy por aclamaci\u00f3n que Puerto Madryn, en la provincia de Chubut, sea la sede del a\u00f1o que viene. La \u00faltima jornada del 32 Encuentro Nacional de Mujeres, que se desarroll\u00f3 desde el viernes hasta hoy\u2026","rel":"","context":"En \u00abSociedad\u00bb","block_context":{"text":"Sociedad","link":"https:\/\/www.24baires.com\/?cat=1"},"img":{"alt_text":"","src":"https:\/\/i0.wp.com\/www.24baires.com\/wp-content\/uploads\/2017\/10\/enm.jpg?resize=350%2C200","width":350,"height":200,"srcset":"https:\/\/i0.wp.com\/www.24baires.com\/wp-content\/uploads\/2017\/10\/enm.jpg?resize=350%2C200 1x, https:\/\/i0.wp.com\/www.24baires.com\/wp-content\/uploads\/2017\/10\/enm.jpg?resize=525%2C300 1.5x"},"classes":[]}],"jetpack_sharing_enabled":true,"jetpack_likes_enabled":true,"_links":{"self":[{"href":"https:\/\/www.24baires.com\/index.php?rest_route=\/wp\/v2\/posts\/16021","targetHints":{"allow":["GET"]}}],"collection":[{"href":"https:\/\/www.24baires.com\/index.php?rest_route=\/wp\/v2\/posts"}],"about":[{"href":"https:\/\/www.24baires.com\/index.php?rest_route=\/wp\/v2\/types\/post"}],"author":[{"embeddable":true,"href":"https:\/\/www.24baires.com\/index.php?rest_route=\/wp\/v2\/users\/4"}],"replies":[{"embeddable":true,"href":"https:\/\/www.24baires.com\/index.php?rest_route=%2Fwp%2Fv2%2Fcomments&post=16021"}],"version-history":[{"count":2,"href":"https:\/\/www.24baires.com\/index.php?rest_route=\/wp\/v2\/posts\/16021\/revisions"}],"predecessor-version":[{"id":16023,"href":"https:\/\/www.24baires.com\/index.php?rest_route=\/wp\/v2\/posts\/16021\/revisions\/16023"}],"wp:attachment":[{"href":"https:\/\/www.24baires.com\/index.php?rest_route=%2Fwp%2Fv2%2Fmedia&parent=16021"}],"wp:term":[{"taxonomy":"category","embeddable":true,"href":"https:\/\/www.24baires.com\/index.php?rest_route=%2Fwp%2Fv2%2Fcategories&post=16021"},{"taxonomy":"post_tag","embeddable":true,"href":"https:\/\/www.24baires.com\/index.php?rest_route=%2Fwp%2Fv2%2Ftags&post=16021"}],"curies":[{"name":"wp","href":"https:\/\/api.w.org\/{rel}","templated":true}]}}