{"id":1601,"date":"2012-10-10T10:05:33","date_gmt":"2012-10-10T13:05:33","guid":{"rendered":"http:\/\/www.24baires.com\/?p=1601"},"modified":"2012-10-10T10:52:28","modified_gmt":"2012-10-10T13:52:28","slug":"cuartango-rechaza-la-sindicalizacion-policial","status":"publish","type":"post","link":"https:\/\/www.24baires.com\/?p=1601","title":{"rendered":"Cuartango rechaza la sindicalizaci\u00f3n policial"},"content":{"rendered":"<p><img data-recalc-dims=\"1\" loading=\"lazy\" decoding=\"async\" class=\"alignleft size-full wp-image-1602\" title=\"CUARTAGNO\" src=\"https:\/\/i0.wp.com\/www.24baires.com\/wp-content\/uploads\/2012\/10\/CUARTAGNO.jpg?resize=191%2C138\" alt=\"\" width=\"191\" height=\"138\" \/>El ministro de Trabajo, Oscar Cuartango, rechaz\u00f3 que la Legislatura pueda aprobar la sindicalizaci\u00f3n de los efectivos de la Polic\u00eda y advirti\u00f3 que \u201cla competencia\u201d sobre ese tema es \u201cde la Naci\u00f3n\u201d.<br \/>\nAsimismo, remarc\u00f3 que si la Legislatura aprueba una ley provincial en ese sentido, se tratar\u00eda de una medida \u201cinconstitucional\u201d.<!--more--><br \/>\nCuartango sostuvo que el tema de la sindicalizaci\u00f3n de las fuerzas de seguridad \u201ces por dem\u00e1s pol\u00e9mico\u201d, pero indic\u00f3 que la Organizaci\u00f3n Internacional del Trabajo (OIT) \u201cdeja librado a la decisi\u00f3n de los Estados soberanos la posibilidad de autorizarla o no, de tal forma que el Estado que opta por no avanzar en ese sentido no veda ning\u00fan convenio de la OIT\u201d.<br \/>\n\u201cLa competencia en materia de sindicalizaci\u00f3n es de la Naci\u00f3n, y la que asigna personer\u00eda a quienes pretenden obtener reconocimiento es la Direcci\u00f3n Nacional de Asociaciones Sindicales que depende del Ministerio de Trabajo de la Naci\u00f3n. Y es ese Ministerio el que firma el reconocimiento\u201d, precis\u00f3.<br \/>\nCuartango dijo que esas resoluciones \u201cson recurribles ante la C\u00e1mara Nacional de Apelaciones del Trabajo, que es el m\u00e1s alto tribunal laboral de la Naci\u00f3n\u201d.<\/p>\n","protected":false},"excerpt":{"rendered":"<p>El ministro de Trabajo, Oscar Cuartango, rechaz\u00f3 que la Legislatura pueda aprobar la sindicalizaci\u00f3n de los efectivos de la Polic\u00eda y advirti\u00f3 que \u201cla competencia\u201d sobre ese tema es \u201cde la Naci\u00f3n\u201d. Asimismo, remarc\u00f3 que si la Legislatura aprueba una ley provincial en ese sentido, se tratar\u00eda de una medida \u201cinconstitucional\u201d.<\/p>\n","protected":false},"author":4,"featured_media":0,"comment_status":"open","ping_status":"open","sticky":false,"template":"","format":"standard","meta":{"_jetpack_newsletter_access":"","_jetpack_dont_email_post_to_subs":false,"_jetpack_newsletter_tier_id":0,"_jetpack_memberships_contains_paywalled_content":false,"_jetpack_memberships_contains_paid_content":false,"footnotes":""},"categories":[1],"tags":[],"class_list":["post-1601","post","type-post","status-publish","format-standard","hentry","category-sociedad"],"jetpack_featured_media_url":"","jetpack_shortlink":"https:\/\/wp.me\/p2JWE0-pP","jetpack-related-posts":[{"id":3371,"url":"https:\/\/www.24baires.com\/?p=3371","url_meta":{"origin":1601,"position":0},"title":"Trabajadores despedidos del Diario Hoy protestaron por la inacci\u00f3n de Cuartango","author":"Grupo Sierra","date":"26\/10\/2012","format":false,"excerpt":"Los empleados cesanteados del matutino platense junto a trabajadores de otros medios reclamaron frente a la cartera laboral de la Provincia que el ministro \u201chaga cumplir las leyes\u201d frente a los atropellos de Myriam Rene\u00e9 Ch\u00e1vez de Balcedo. Aseguran que el diario es financiado casi exclusivamente por el gobierno de\u2026","rel":"","context":"En \u00abMedios\u00bb","block_context":{"text":"Medios","link":"https:\/\/www.24baires.com\/?cat=54"},"img":{"alt_text":"","src":"","width":0,"height":0},"classes":[]},{"id":82836,"url":"https:\/\/www.24baires.com\/?p=82836","url_meta":{"origin":1601,"position":1},"title":"Triaca, dur\u00edsimo con los empresarios y con el Gobierno K","author":"AF","date":"18\/05\/2016","format":false,"excerpt":"El ministro de Trabajo Jorge Triaca, dijo que actualmente hay un 35% de trabajadores en negro; se\u00f1al\u00f3 que el gobierno anterior dej\u00f3 un acumulado de 700% de inflaci\u00f3n; se mostr\u00f3 opuesto a la sindicalizaci\u00f3n de la polic\u00eda; anticip\u00f3 que en el Consejo del Salario y la Producci\u00f3n se analizar\u00e1n los\u2026","rel":"","context":"En \u00abPol\u00edtica\u00bb","block_context":{"text":"Pol\u00edtica","link":"https:\/\/www.24baires.com\/?cat=51"},"img":{"alt_text":"triaca 4","src":"https:\/\/i0.wp.com\/www.24baires.com\/wp-content\/uploads\/2016\/05\/triaca-4.jpg?resize=350%2C200","width":350,"height":200,"srcset":"https:\/\/i0.wp.com\/www.24baires.com\/wp-content\/uploads\/2016\/05\/triaca-4.jpg?resize=350%2C200 1x, https:\/\/i0.wp.com\/www.24baires.com\/wp-content\/uploads\/2016\/05\/triaca-4.jpg?resize=525%2C300 1.5x"},"classes":[]},{"id":42658,"url":"https:\/\/www.24baires.com\/?p=42658","url_meta":{"origin":1601,"position":2},"title":"Los docentes no levantar\u00e1n el paro","author":"Grupo Sierra","date":"24\/03\/2014","format":false,"excerpt":"El Frente Gremial Docente bonaerense ratific\u00f3 el paro por considerar que la medida cautelar que los obliga a dar clases viola el derecho a huelga. Cuartango afirm\u00f3 que \"quedar\u00e1n fuera de la ley\". El Frente Gremial Docente Bonaerense (FGDB) ratific\u00f3 hoy que no levantar\u00e1 el paro pese al fallo judicial\u2026","rel":"","context":"En \u00abSociedad\u00bb","block_context":{"text":"Sociedad","link":"https:\/\/www.24baires.com\/?cat=1"},"img":{"alt_text":"de luc\u00eda docentes","src":"https:\/\/i0.wp.com\/www.24baires.com\/wp-content\/uploads\/2013\/03\/de-luc%C3%ADa-docentes.jpg?resize=350%2C200","width":350,"height":200,"srcset":"https:\/\/i0.wp.com\/www.24baires.com\/wp-content\/uploads\/2013\/03\/de-luc%C3%ADa-docentes.jpg?resize=350%2C200 1x, https:\/\/i0.wp.com\/www.24baires.com\/wp-content\/uploads\/2013\/03\/de-luc%C3%ADa-docentes.jpg?resize=525%2C300 1.5x"},"classes":[]},{"id":36472,"url":"https:\/\/www.24baires.com\/?p=36472","url_meta":{"origin":1601,"position":3},"title":"Berni: la sociedad no puede ser \u00abreh\u00e9n y v\u00edctima\u00bb de un grupo de polic\u00edas","author":"AF","date":"09\/12\/2013","format":false,"excerpt":"El secretario de Seguridad de la Naci\u00f3n destac\u00f3 la necesidad de que \"todo el arco pol\u00edtico\" repudie las acciones de aquellos que, \"con estas actitudes irresponsables y hasta casi rozando lo delincuencial, someten a la poblaci\u00f3n a una extorsi\u00f3n donde se ponen en riesgo los bienes tutelados por la Constituci\u00f3n\u2026","rel":"","context":"En \u00abPol\u00edtica\u00bb","block_context":{"text":"Pol\u00edtica","link":"https:\/\/www.24baires.com\/?cat=51"},"img":{"alt_text":"Berni","src":"https:\/\/i0.wp.com\/www.24baires.com\/wp-content\/uploads\/2013\/08\/Berni-300x187.jpg?resize=350%2C200","width":350,"height":200},"classes":[]},{"id":40285,"url":"https:\/\/www.24baires.com\/?p=40285","url_meta":{"origin":1601,"position":4},"title":"Paritarias docentes: Cuartango comunic\u00f3 que \u00abpor ahora no se tocar\u00e1 el tema salarial\u00bb","author":"GB","date":"11\/02\/2014","format":false,"excerpt":"As\u00ed se los comunic\u00f3 a los docentes, el ministro de Trabajo bonaerense, Oscar Cuartango, en la primera reuni\u00f3n que mantuvieron hoy, en la que se pas\u00f3 a un cuarto intermedio sin fecha hasta que se determine para el sector el piso salarial a nivel nacional. En este sentido precis\u00f3 que\u2026","rel":"","context":"En \u00abPol\u00edtica\u00bb","block_context":{"text":"Pol\u00edtica","link":"https:\/\/www.24baires.com\/?cat=51"},"img":{"alt_text":"cuartango","src":"https:\/\/i0.wp.com\/www.24baires.com\/wp-content\/uploads\/2014\/02\/cuartango.jpg?resize=350%2C200","width":350,"height":200},"classes":[]},{"id":31032,"url":"https:\/\/www.24baires.com\/?p=31032","url_meta":{"origin":1601,"position":5},"title":"Cuartango: \u00abCalificar la medida de ganancias como electoralista es injusto y pendenciero\u00bb","author":"AF","date":"30\/08\/2013","format":false,"excerpt":"Oscar Cuartango, Ministro de Trabajo de la Provincia de Buenos Aires, expres\u00f3 que el anuncio de la baja del Impuesto a las Ganancias \u201ces una medida sumamente acertada que va a tener impacto en el bolsillo del trabajador y que va a potenciar el consumo en el mercado interno\u201d. En\u2026","rel":"","context":"En \u00abPol\u00edtica\u00bb","block_context":{"text":"Pol\u00edtica","link":"https:\/\/www.24baires.com\/?cat=51"},"img":{"alt_text":"","src":"","width":0,"height":0},"classes":[]}],"jetpack_sharing_enabled":true,"jetpack_likes_enabled":true,"_links":{"self":[{"href":"https:\/\/www.24baires.com\/index.php?rest_route=\/wp\/v2\/posts\/1601","targetHints":{"allow":["GET"]}}],"collection":[{"href":"https:\/\/www.24baires.com\/index.php?rest_route=\/wp\/v2\/posts"}],"about":[{"href":"https:\/\/www.24baires.com\/index.php?rest_route=\/wp\/v2\/types\/post"}],"author":[{"embeddable":true,"href":"https:\/\/www.24baires.com\/index.php?rest_route=\/wp\/v2\/users\/4"}],"replies":[{"embeddable":true,"href":"https:\/\/www.24baires.com\/index.php?rest_route=%2Fwp%2Fv2%2Fcomments&post=1601"}],"version-history":[{"count":0,"href":"https:\/\/www.24baires.com\/index.php?rest_route=\/wp\/v2\/posts\/1601\/revisions"}],"wp:attachment":[{"href":"https:\/\/www.24baires.com\/index.php?rest_route=%2Fwp%2Fv2%2Fmedia&parent=1601"}],"wp:term":[{"taxonomy":"category","embeddable":true,"href":"https:\/\/www.24baires.com\/index.php?rest_route=%2Fwp%2Fv2%2Fcategories&post=1601"},{"taxonomy":"post_tag","embeddable":true,"href":"https:\/\/www.24baires.com\/index.php?rest_route=%2Fwp%2Fv2%2Ftags&post=1601"}],"curies":[{"name":"wp","href":"https:\/\/api.w.org\/{rel}","templated":true}]}}