{"id":16007,"date":"2013-02-18T15:00:09","date_gmt":"2013-02-18T18:00:09","guid":{"rendered":"http:\/\/www.24baires.com\/?p=16007"},"modified":"2013-02-18T14:27:02","modified_gmt":"2013-02-18T17:27:02","slug":"medio-millon-de-turistas-en-el-partido-de-la-costa-la-primera-quincena-de-febrero","status":"publish","type":"post","link":"https:\/\/www.24baires.com\/?p=16007","title":{"rendered":"Medio mill\u00f3n de turistas en el Partido de la Costa la primera quincena de febrero"},"content":{"rendered":"<p style=\"text-align: center;\"><img data-recalc-dims=\"1\" loading=\"lazy\" decoding=\"async\" class=\"aligncenter  wp-image-16008\" alt=\"municipio de la costa turismo\" src=\"https:\/\/i0.wp.com\/www.24baires.com\/wp-content\/uploads\/2013\/02\/municipio-de-la-costa-turismo.jpg?resize=560%2C375\" width=\"560\" height=\"375\" \/><\/p>\n<p>La Secretar\u00eda de Turismo local inform\u00f3 que el municipio cerr\u00f3 la primera quincena de febrero con 554.525 turistas, lo que significa un incremento del 4,71% en relaci\u00f3n al mismo per\u00edodo de 2012.Las principales localidades balnearias del partido son San Clemente del Tuy\u00fa, Las Toninas,Santa Teresita, Mar del Tuy\u00fa, Costa del Este, San Bernardo y Mar de Aj\u00f3.<!--more--><\/p>\n<p>En lo que se refiere a ocupaci\u00f3n hotelera e inmobiliaria, durante esta primera quincena, ambos sectores registraron un promedio del 70 por ciento segun se inform\u00f3.<\/p>\n<p>En tanto durante el fin de semana de carnaval (del 8 al 10 de febrero), La Costa colm\u00f3 su capacidad de alojamiento, al mismo tiempo que increment\u00f3 un 9.5 por ciento el n\u00famero de visitantes con respecto del mismo per\u00edodo de 2012.<\/p>\n<p>El partido de La Costa tuvo adem\u00e1s del intenso movimiento una nutrida agenda de actividades gratuitas que el gobierno local, junto al gobierno nacional y provincial dispusieron para esta temporada de veraniega.<\/p>\n<p>Por quinto a\u00f1o consecutivo la localidad de Lucila del Mar fue protagonista, el jueves 14 de febrero, de los festejos por el \u00abD\u00eda de los Enamorados\u00bb en el Partido de La Costa, que incluyeron un despliegue estelar de artistas nacionales de primer nivel.<\/p>\n<p>El D\u00eda de San Valent\u00edn, la localidad de la zona sur cont\u00f3 con la presentaci\u00f3n de la banda La Franela, integrada por el guitarrista \u00abPiti\u00bb Fern\u00e1ndez, uno de los m\u00fasicos fundadores de Los Piojos y el cierre de la velada estuvo a cargo de la reconocida banda reggae, Los Cafres.<\/p>\n<p>Como viene ocurriendo desde hace cinco a\u00f1os, la Municipalidad de La Costa, a trav\u00e9s de la gesti\u00f3n del intendente Juan Pablo de Jes\u00fas, busca instalar a la localidad de Lucila del Mar como \u00abcapital nacional de los enamorados\u00bb.<\/p>\n<p>&nbsp;<\/p>\n<p>&nbsp;<\/p>\n<p>&nbsp;<\/p>\n<p>&nbsp;<\/p>\n<p>&nbsp;<\/p>\n<p>&nbsp;<\/p>\n<p>&nbsp;<\/p>\n","protected":false},"excerpt":{"rendered":"<p>La Secretar\u00eda de Turismo local inform\u00f3 que el municipio cerr\u00f3 la primera quincena de febrero con 554.525 turistas, lo que significa un incremento del 4,71% en relaci\u00f3n al mismo per\u00edodo de 2012.Las principales localidades balnearias del partido son San Clemente del Tuy\u00fa, Las Toninas,Santa Teresita, Mar del Tuy\u00fa, Costa del Este, San Bernardo y Mar de Aj\u00f3.<\/p>\n","protected":false},"author":11,"featured_media":0,"comment_status":"open","ping_status":"open","sticky":false,"template":"","format":"standard","meta":{"_jetpack_newsletter_access":"","_jetpack_dont_email_post_to_subs":false,"_jetpack_newsletter_tier_id":0,"_jetpack_memberships_contains_paywalled_content":false,"_jetpack_memberships_contains_paid_content":false,"footnotes":""},"categories":[1],"tags":[],"class_list":["post-16007","post","type-post","status-publish","format-standard","hentry","category-sociedad"],"jetpack_featured_media_url":"","jetpack_shortlink":"https:\/\/wp.me\/p2JWE0-4ab","jetpack-related-posts":[{"id":105601,"url":"https:\/\/www.24baires.com\/?p=105601","url_meta":{"origin":16007,"position":0},"title":"Los alquileres en los destinos tur\u00edsticos bonaerenses aumentaron un 55%","author":"GB","date":"26\/11\/2018","format":false,"excerpt":"As\u00ed lo inform\u00f3 la Defensor\u00eda del Pueblo bonaerense tras un relevamiento en doce ciudades. El organismo propuso una serie de medidas para \"evitar estafas\". Los alquileres en los destinos tur\u00edsticos de la provincia de Buenos Aires aumentaron un 55 por ciento con respecto al a\u00f1o pasado, seg\u00fan revel\u00f3 la Defensor\u00eda\u2026","rel":"","context":"En \u00abSociedad\u00bb","block_context":{"text":"Sociedad","link":"https:\/\/www.24baires.com\/?cat=1"},"img":{"alt_text":"","src":"https:\/\/i0.wp.com\/www.24baires.com\/wp-content\/uploads\/2015\/01\/turistas-mar-del-plata.jpg?resize=350%2C200","width":350,"height":200,"srcset":"https:\/\/i0.wp.com\/www.24baires.com\/wp-content\/uploads\/2015\/01\/turistas-mar-del-plata.jpg?resize=350%2C200 1x, https:\/\/i0.wp.com\/www.24baires.com\/wp-content\/uploads\/2015\/01\/turistas-mar-del-plata.jpg?resize=525%2C300 1.5x"},"classes":[]},{"id":61066,"url":"https:\/\/www.24baires.com\/?p=61066","url_meta":{"origin":16007,"position":1},"title":"En la Costa, las reservas para febrero ya superan el 70%","author":"AF","date":"31\/01\/2015","format":false,"excerpt":"Los principales destinos tur\u00edsticos de la provincia de Buenos Aires, Mar del Plata, Villa Gesell y Necochea, registran para el primer fin de semana del mes un nivel de reservas promedio que alcanza el 70% de las plazas hoteleras, seg\u00fan inform\u00f3 la Secretar\u00eda de Turismo bonaerense. En Pinamar trepan al\u2026","rel":"","context":"En \u00abLocales\u00bb","block_context":{"text":"Locales","link":"https:\/\/www.24baires.com\/?cat=38"},"img":{"alt_text":"mar del plata playa","src":"https:\/\/i0.wp.com\/www.24baires.com\/wp-content\/uploads\/2015\/01\/mar-del-plata-playa.jpg?resize=350%2C200","width":350,"height":200,"srcset":"https:\/\/i0.wp.com\/www.24baires.com\/wp-content\/uploads\/2015\/01\/mar-del-plata-playa.jpg?resize=350%2C200 1x, https:\/\/i0.wp.com\/www.24baires.com\/wp-content\/uploads\/2015\/01\/mar-del-plata-playa.jpg?resize=525%2C300 1.5x"},"classes":[]},{"id":14467,"url":"https:\/\/www.24baires.com\/?p=14467","url_meta":{"origin":16007,"position":2},"title":"Esperan una ocupaci\u00f3n hotelera del 80 por ciento en los Municipios de la Costa","author":"Grupo Sierra","date":"02\/02\/2013","format":false,"excerpt":"Un relevamiento realizado entre representantes del comercio, hoteleros y operadores tur\u00edsticos del Municipio de La Costa, Pinamar y Villa Gesell expresaron que la primera quincena de febrero marca una ocupaci\u00f3n hotelera y de reservas de entre un 75 y un 80 por ciento. \"Tuvimos que convencer a los propietarios de\u2026","rel":"","context":"En \u00abSociedad\u00bb","block_context":{"text":"Sociedad","link":"https:\/\/www.24baires.com\/?cat=1"},"img":{"alt_text":"playa costa atlantica","src":"https:\/\/i0.wp.com\/www.24baires.com\/wp-content\/uploads\/2013\/02\/playa-costa-atlantica.jpg?resize=350%2C200","width":350,"height":200,"srcset":"https:\/\/i0.wp.com\/www.24baires.com\/wp-content\/uploads\/2013\/02\/playa-costa-atlantica.jpg?resize=350%2C200 1x, https:\/\/i0.wp.com\/www.24baires.com\/wp-content\/uploads\/2013\/02\/playa-costa-atlantica.jpg?resize=525%2C300 1.5x"},"classes":[]},{"id":14132,"url":"https:\/\/www.24baires.com\/?p=14132","url_meta":{"origin":16007,"position":3},"title":"Gran movimiento en terminales y aeropuertos por el cambio de quincena","author":"AF","date":"31\/01\/2013","format":false,"excerpt":"El recambio y el feriado promovieron una mayor demanda de pasajes de micro hacia la Costa por lo que los servicios fueron reforzados, mientras en Aeroparque est\u00e1n casi agotados. Hay un intenso movimiento en rutas. La Comisi\u00f3n Nacional de Regulaci\u00f3n del Transporte (CNRT), precis\u00f3 que a los 1.600 servicios que\u2026","rel":"","context":"En \u00abSociedad\u00bb","block_context":{"text":"Sociedad","link":"https:\/\/www.24baires.com\/?cat=1"},"img":{"alt_text":"RETIRO","src":"https:\/\/i0.wp.com\/www.24baires.com\/wp-content\/uploads\/2013\/01\/RETIRO-300x264.jpg?resize=350%2C200","width":350,"height":200},"classes":[]},{"id":119722,"url":"https:\/\/www.24baires.com\/?p=119722","url_meta":{"origin":16007,"position":4},"title":"Ocupaci\u00f3n de entre el 85% y 100% en destinos bonaerenses en la primera quincena de enero","author":"GB","date":"16\/01\/2023","format":false,"excerpt":"As\u00ed surge de los relevamientos del Observatorio Argentino de Turismo (OAT). \"Estamos viviendo un gran verano, con muy buenos niveles de ocupaci\u00f3n, similares a los de la hist\u00f3rica temporada del 2022. De acuerdo a nuestras proyecciones, tambi\u00e9n ser\u00e1 intenso el movimiento tur\u00edstico durante la segunda quincena de enero y todo\u2026","rel":"","context":"En \u00abSociedad\u00bb","block_context":{"text":"Sociedad","link":"https:\/\/www.24baires.com\/?cat=1"},"img":{"alt_text":"","src":"https:\/\/i0.wp.com\/www.24baires.com\/wp-content\/uploads\/2020\/05\/mar-del-plata.jpg?resize=350%2C200","width":350,"height":200,"srcset":"https:\/\/i0.wp.com\/www.24baires.com\/wp-content\/uploads\/2020\/05\/mar-del-plata.jpg?resize=350%2C200 1x, https:\/\/i0.wp.com\/www.24baires.com\/wp-content\/uploads\/2020\/05\/mar-del-plata.jpg?resize=525%2C300 1.5x, https:\/\/i0.wp.com\/www.24baires.com\/wp-content\/uploads\/2020\/05\/mar-del-plata.jpg?resize=700%2C400 2x"},"classes":[]},{"id":113110,"url":"https:\/\/www.24baires.com\/?p=113110","url_meta":{"origin":16007,"position":5},"title":"La Costa: se puso en marcha el Operativo de Seguridad en Playa","author":"GB","date":"24\/11\/2019","format":false,"excerpt":"Fue el intendente del partido, Juan Pablo de Jes\u00fas, quien dio comienzo al operativo para el pr\u00f3ximo verano. \u201cCada 15 d\u00edas se incrementa el personal afectado al operativo para llegar al 1 de enero al tope de integrantes que cubren los m\u00e1s de 90 kil\u00f3metros de costa del distrito\", declar\u00f3.\u2026","rel":"","context":"En \u00abSociedad\u00bb","block_context":{"text":"Sociedad","link":"https:\/\/www.24baires.com\/?cat=1"},"img":{"alt_text":"","src":"https:\/\/i0.wp.com\/www.24baires.com\/wp-content\/uploads\/2016\/01\/guardavidas.jpg?resize=350%2C200","width":350,"height":200,"srcset":"https:\/\/i0.wp.com\/www.24baires.com\/wp-content\/uploads\/2016\/01\/guardavidas.jpg?resize=350%2C200 1x, https:\/\/i0.wp.com\/www.24baires.com\/wp-content\/uploads\/2016\/01\/guardavidas.jpg?resize=525%2C300 1.5x"},"classes":[]}],"jetpack_sharing_enabled":true,"jetpack_likes_enabled":true,"_links":{"self":[{"href":"https:\/\/www.24baires.com\/index.php?rest_route=\/wp\/v2\/posts\/16007","targetHints":{"allow":["GET"]}}],"collection":[{"href":"https:\/\/www.24baires.com\/index.php?rest_route=\/wp\/v2\/posts"}],"about":[{"href":"https:\/\/www.24baires.com\/index.php?rest_route=\/wp\/v2\/types\/post"}],"author":[{"embeddable":true,"href":"https:\/\/www.24baires.com\/index.php?rest_route=\/wp\/v2\/users\/11"}],"replies":[{"embeddable":true,"href":"https:\/\/www.24baires.com\/index.php?rest_route=%2Fwp%2Fv2%2Fcomments&post=16007"}],"version-history":[{"count":3,"href":"https:\/\/www.24baires.com\/index.php?rest_route=\/wp\/v2\/posts\/16007\/revisions"}],"predecessor-version":[{"id":16011,"href":"https:\/\/www.24baires.com\/index.php?rest_route=\/wp\/v2\/posts\/16007\/revisions\/16011"}],"wp:attachment":[{"href":"https:\/\/www.24baires.com\/index.php?rest_route=%2Fwp%2Fv2%2Fmedia&parent=16007"}],"wp:term":[{"taxonomy":"category","embeddable":true,"href":"https:\/\/www.24baires.com\/index.php?rest_route=%2Fwp%2Fv2%2Fcategories&post=16007"},{"taxonomy":"post_tag","embeddable":true,"href":"https:\/\/www.24baires.com\/index.php?rest_route=%2Fwp%2Fv2%2Ftags&post=16007"}],"curies":[{"name":"wp","href":"https:\/\/api.w.org\/{rel}","templated":true}]}}