{"id":15996,"date":"2013-02-18T13:09:49","date_gmt":"2013-02-18T16:09:49","guid":{"rendered":"http:\/\/www.24baires.com\/?p=15996"},"modified":"2013-02-19T11:55:43","modified_gmt":"2013-02-19T14:55:43","slug":"tras-la-desaparicion-de-otra-menor-preocupa-el-tema-de-la-trata-en-malvinas-argentinas","status":"publish","type":"post","link":"https:\/\/www.24baires.com\/?p=15996","title":{"rendered":"Tras la desaparici\u00f3n de otra menor, preocupa el tema de la trata en Malvinas Argentinas"},"content":{"rendered":"<p><img data-recalc-dims=\"1\" loading=\"lazy\" decoding=\"async\" class=\"aligncenter size-full wp-image-15997\" alt=\"cariglino\" src=\"https:\/\/i0.wp.com\/www.24baires.com\/wp-content\/uploads\/2013\/02\/cariglino.jpg?resize=560%2C315\" width=\"560\" height=\"315\" srcset=\"https:\/\/i0.wp.com\/www.24baires.com\/wp-content\/uploads\/2013\/02\/cariglino.jpg?w=560&amp;ssl=1 560w, https:\/\/i0.wp.com\/www.24baires.com\/wp-content\/uploads\/2013\/02\/cariglino.jpg?resize=300%2C168&amp;ssl=1 300w\" sizes=\"auto, (max-width: 560px) 100vw, 560px\" \/><\/p>\n<p><a href=\"http:\/\/www.24baires.com\/policiales\/15903-desesperada-busqueda-en-los-polvorines-de-una-chica-desaparecida-hace-una-semana\/\" target=\"_blank\">Una chica, de 13 a\u00f1os, desapareci\u00f3 el \u00faltimo domingo<\/a>. En diciembre una nena hab\u00eda sido raptada y creen que operar\u00eda una red en la zona. Piden que las autoridades del municipio, que tiene a <strong>Jes\u00fas Cariglino<\/strong> al mando, tome cartas en el asunto. Parece improbable: sus concejales vienen de archivar un proyecto que buscaba erradicar la trata de personas.<!--more--><\/p>\n<p>La trata de personas y los problemas estructurales de seguridad dentro de la comuna siguen a la orden del d\u00eda mientras, de tanto en tanto, ocurren casos lamentables como la desaparici\u00f3n de dos menores de edad en s\u00f3lo dos meses. Al secuestro de Carla en diciembre, que estuvo en cautiverio durante cinco d\u00edas, ahora se suma la desaparici\u00f3n de Milagros Corval\u00e1n, una peque\u00f1a de s\u00f3lo 13 a\u00f1os, de quien no se sabe nada desde el domingo pasado.<\/p>\n<p>El abogado y representante de vecinos, Jorga Cancio, asocia este \u00faltimo episodio al de Carla. \u201cFue secuestrada en la esquina de su casa justo donde ya no filman las c\u00e1maras de seguridad del municipio, salvajemente ultrajada por tres mal paridos que la tuvieron secuestrada, tortur\u00e1ndola a golpes, sin comida y s\u00f3lo d\u00e1ndole agua caliente donde supuestamente le dilu\u00edan droga, pero por suerte y por la presi\u00f3n contra la Comisar\u00eda de Grand Bourg, la menor fue liberada en la Ruta 8\u201d, explic\u00f3.<\/p>\n<p>\u201cLo lamentable de este nuevo caso es la lentitud en las investigaciones\u201d, agreg\u00f3.<\/p>\n<p>\u201cEsto no es un hecho aislado, hace poco estuvo secuestrada otra menor en San Miguel y en Tigre, por lo cual se tienen que investigar si hay una red de trata de personas operando en Malvinas, tal cual lo hemos planteado ante el fiscal que lleva adelante el caso de la menor Carla o de tres delincuentes que est\u00e1n abusando de menores en nuestro distrito, por eso la necesidad de difundir esto\u201d, insisti\u00f3 el letrado.<\/p>\n<p>Es importante recordar que, a comienzos de diciembre, los concejales del Frente para la Victoria presentaron un proyecto para erradicar los prost\u00edbulos de Malvinas Argentinas que no avanz\u00f3 en el cuerpo deliberativo, donde tienen mayor\u00eda los ediles que responden al Intendente local, Jes\u00fas Cariglino. Era una propuesta en consonancia con la normativa nacional sobre la Trata de Personas aprobada en la C\u00e1mara de Diputados a fines de ese mes, en el marco de las sesiones extraordinarias que convoc\u00f3 el oficialismo, espoleados por el caso de Marita Ver\u00f3n y Susana Trimarco en Tucum\u00e1n.<\/p>\n<p>El objetivo de esa iniciativa municipal era \u201cadecuar al municipio de Malvinas Argentinas a la Ley Nacional\u201d y adem\u00e1s \u201cno ser c\u00f3mplice ni avalar de ninguna forma la trata de personas\u201d. Formado por dos art\u00edculos, ordenaba la \u201crevisi\u00f3n peri\u00f3dica por control sanitario, por trabajadores sociales, de todo local\u201d, entre otras tantas disposiciones en esa direcci\u00f3n.<\/p>\n<p>Sin embargo, los concejales del oficialismo local archivaron la propuesta que elaboraron desde el FpV, con el asesoramiento del propio Cancio e inspirada por el caso de Carla. Los dirigentes apuntaban al sill\u00f3n de mando local porque, seg\u00fan entend\u00edan, \u201chace falta la voluntad pol\u00edtica del Intendente Jes\u00fas Cariglino para solucionar este tema de manera urgente, erradicando por completo\u201d a los \u201cprost\u00edbulos, whisker\u00edas, caf\u00e9 concert, bar concert, clubes nocturnos, todos con diferentes denominaciones pero con el mismo objetivo, origen y funciones\u201d.<\/p>\n<p>&nbsp;<\/p>\n<p>&nbsp;<\/p>\n<p>&nbsp;<\/p>\n<p>&nbsp;<\/p>\n<p>&nbsp;<\/p>\n<p>&nbsp;<\/p>\n<p>&nbsp;<\/p>\n","protected":false},"excerpt":{"rendered":"<p>Una chica, de 13 a\u00f1os, desapareci\u00f3 el \u00faltimo domingo. En diciembre una nena hab\u00eda sido raptada y creen que operar\u00eda una red en la zona. Piden que las autoridades del municipio, que tiene a Jes\u00fas Cariglino al mando, tome cartas en el asunto. Parece improbable: sus concejales vienen de archivar un proyecto que buscaba erradicar la trata de personas.<\/p>\n","protected":false},"author":11,"featured_media":0,"comment_status":"open","ping_status":"open","sticky":false,"template":"","format":"standard","meta":{"_jetpack_newsletter_access":"","_jetpack_dont_email_post_to_subs":false,"_jetpack_newsletter_tier_id":0,"_jetpack_memberships_contains_paywalled_content":false,"_jetpack_memberships_contains_paid_content":false,"footnotes":""},"categories":[1],"tags":[],"class_list":["post-15996","post","type-post","status-publish","format-standard","hentry","category-sociedad"],"jetpack_featured_media_url":"","jetpack_shortlink":"https:\/\/wp.me\/p2JWE0-4a0","jetpack-related-posts":[{"id":97943,"url":"https:\/\/www.24baires.com\/?p=97943","url_meta":{"origin":15996,"position":0},"title":"Desaparici\u00f3n de Santiago: la mayor\u00eda de los bonaerenses responsabiliza al Gobierno y a Gendarmer\u00eda","author":"AF","date":"08\/10\/2017","format":false,"excerpt":"Una encuesta muestra que m\u00e1s de la mitad de los consultados en la provincia de Buenos Aires piensa que la Gendarmer\u00eda y el Gobierno est\u00e1n involucrados y tratan de tapar la verdad en tiempos electorales. M\u00e1s de la mitad de los bonaerenses consideran que el gobierno nacional es el principal\u2026","rel":"","context":"En \u00abSociedad\u00bb","block_context":{"text":"Sociedad","link":"https:\/\/www.24baires.com\/?cat=1"},"img":{"alt_text":"","src":"https:\/\/i0.wp.com\/www.24baires.com\/wp-content\/uploads\/2017\/08\/marcha-santiago-maldonado.jpg?resize=350%2C200","width":350,"height":200,"srcset":"https:\/\/i0.wp.com\/www.24baires.com\/wp-content\/uploads\/2017\/08\/marcha-santiago-maldonado.jpg?resize=350%2C200 1x, https:\/\/i0.wp.com\/www.24baires.com\/wp-content\/uploads\/2017\/08\/marcha-santiago-maldonado.jpg?resize=525%2C300 1.5x"},"classes":[]},{"id":37604,"url":"https:\/\/www.24baires.com\/?p=37604","url_meta":{"origin":15996,"position":1},"title":"Contin\u00faa la b\u00fasqueda de la chica desaparecida en Berazategui","author":"GB","date":"29\/12\/2013","format":false,"excerpt":"Se trata de Ana Sol Hern\u00e1ndez Acu\u00f1a, quien es buscada por la polic\u00eda, padres y amigos tras haber desaparecido la tarde del 23 de diciembre luego de ir a una consulta con su psic\u00f3logo en ese partido bonaerense. El padre de la joven asegur\u00f3 que \"ella no ten\u00eda problemas con\u2026","rel":"","context":"En \u00abSociedad\u00bb","block_context":{"text":"Sociedad","link":"https:\/\/www.24baires.com\/?cat=1"},"img":{"alt_text":"ana hern\u00e1ndez","src":"https:\/\/i0.wp.com\/www.24baires.com\/wp-content\/uploads\/2013\/12\/ana-hern%C3%A1ndez-300x190.jpg?resize=350%2C200","width":350,"height":200},"classes":[]},{"id":42566,"url":"https:\/\/www.24baires.com\/?p=42566","url_meta":{"origin":15996,"position":2},"title":"Familiares indignados: Granados levant\u00f3 la sanci\u00f3n a los polic\u00edas del caso Arruga","author":"Grupo Sierra","date":"21\/03\/2014","format":false,"excerpt":"El ministro de Seguridad bonaerense orden\u00f3 sacar la medida que pesaba sobre los ocho efectivos y volver\u00e1n a sus trabajos. El Ministro de Seguridad bonaerense, Alejandro Granados, levant\u00f3 la sanci\u00f3n que pesaba sobre los ocho polic\u00edas acusados de participar en la desaparici\u00f3n del joven Luciano Arruga, ocurrida en enero de\u2026","rel":"","context":"En \u00abJUDICIALES\u00bb","block_context":{"text":"JUDICIALES","link":"https:\/\/www.24baires.com\/?cat=68"},"img":{"alt_text":"arruga Luciano","src":"https:\/\/i0.wp.com\/www.24baires.com\/wp-content\/uploads\/2012\/12\/arruga-Luciano.jpg?resize=350%2C200","width":350,"height":200,"srcset":"https:\/\/i0.wp.com\/www.24baires.com\/wp-content\/uploads\/2012\/12\/arruga-Luciano.jpg?resize=350%2C200 1x, https:\/\/i0.wp.com\/www.24baires.com\/wp-content\/uploads\/2012\/12\/arruga-Luciano.jpg?resize=525%2C300 1.5x"},"classes":[]},{"id":115770,"url":"https:\/\/www.24baires.com\/?p=115770","url_meta":{"origin":15996,"position":3},"title":"Polic\u00edas de La Plata torturaron a un menor con una picana","author":"AF","date":"28\/07\/2020","format":false,"excerpt":"Se trata de tres agentes que ya fueron apartados de la fuerza, tras filmar el interrogatorio. En medio de un fuerte cuestionamiento a la Polic\u00eda Bonaerense por su posible participaci\u00f3n en la desaparici\u00f3n de Facundo Astudillo Castro, dos efectivos del Comando de Patrullas y el jefe de turno de la\u2026","rel":"","context":"En \u00abSociedad\u00bb","block_context":{"text":"Sociedad","link":"https:\/\/www.24baires.com\/?cat=1"},"img":{"alt_text":"","src":"https:\/\/i0.wp.com\/www.24baires.com\/wp-content\/uploads\/2020\/07\/sexta-La-plata.jpg?resize=350%2C200","width":350,"height":200,"srcset":"https:\/\/i0.wp.com\/www.24baires.com\/wp-content\/uploads\/2020\/07\/sexta-La-plata.jpg?resize=350%2C200 1x, https:\/\/i0.wp.com\/www.24baires.com\/wp-content\/uploads\/2020\/07\/sexta-La-plata.jpg?resize=525%2C300 1.5x"},"classes":[]},{"id":65580,"url":"https:\/\/www.24baires.com\/?p=65580","url_meta":{"origin":15996,"position":4},"title":"Caso Arruga: Piden 10 a\u00f1os de prisi\u00f3n para el ex polic\u00eda acusado de torturar a Luciano","author":"GB","date":"08\/05\/2015","format":false,"excerpt":"En el marco del juicio al ex efectivo Julio Diego Torales, un fiscal solicit\u00f3 esa pena al dar por acreditado que tortur\u00f3 en un destacamento al adolescente en 2008. En el marco del juicio por las torturas previas a la desaparici\u00f3n de Luciano Arruga, un fiscal solicit\u00f3 este viernes 10\u2026","rel":"","context":"En \u00abJUDICIALES\u00bb","block_context":{"text":"JUDICIALES","link":"https:\/\/www.24baires.com\/?cat=68"},"img":{"alt_text":"arruga Luciano","src":"https:\/\/i0.wp.com\/www.24baires.com\/wp-content\/uploads\/2012\/12\/arruga-Luciano.jpg?resize=350%2C200","width":350,"height":200,"srcset":"https:\/\/i0.wp.com\/www.24baires.com\/wp-content\/uploads\/2012\/12\/arruga-Luciano.jpg?resize=350%2C200 1x, https:\/\/i0.wp.com\/www.24baires.com\/wp-content\/uploads\/2012\/12\/arruga-Luciano.jpg?resize=525%2C300 1.5x"},"classes":[]},{"id":98009,"url":"https:\/\/www.24baires.com\/?p=98009","url_meta":{"origin":15996,"position":5},"title":"Cambiemos rechaz\u00f3 un proyecto para investigar la desaparici\u00f3n de Julio L\u00f3pez","author":"GB","date":"11\/10\/2017","format":false,"excerpt":"El oficialismo no se neg\u00f3 a apoyar un dictamen que plantea la apertura y publicidad de documentos vinculados a este caso de \"desaparici\u00f3n forzada\". Luego de dos reuniones fallidas por falta de qu\u00f3rum, la comisi\u00f3n de Derechos Humanos de la C\u00e1mara de Diputados emiti\u00f3 hoy dictamen favorable al proyecto de\u2026","rel":"","context":"En \u00abMemoria\u00bb","block_context":{"text":"Memoria","link":"https:\/\/www.24baires.com\/?cat=50"},"img":{"alt_text":"","src":"https:\/\/i0.wp.com\/www.24baires.com\/wp-content\/uploads\/2012\/09\/julio-lopez.jpg?resize=350%2C200","width":350,"height":200,"srcset":"https:\/\/i0.wp.com\/www.24baires.com\/wp-content\/uploads\/2012\/09\/julio-lopez.jpg?resize=350%2C200 1x, https:\/\/i0.wp.com\/www.24baires.com\/wp-content\/uploads\/2012\/09\/julio-lopez.jpg?resize=525%2C300 1.5x"},"classes":[]}],"jetpack_sharing_enabled":true,"jetpack_likes_enabled":true,"_links":{"self":[{"href":"https:\/\/www.24baires.com\/index.php?rest_route=\/wp\/v2\/posts\/15996","targetHints":{"allow":["GET"]}}],"collection":[{"href":"https:\/\/www.24baires.com\/index.php?rest_route=\/wp\/v2\/posts"}],"about":[{"href":"https:\/\/www.24baires.com\/index.php?rest_route=\/wp\/v2\/types\/post"}],"author":[{"embeddable":true,"href":"https:\/\/www.24baires.com\/index.php?rest_route=\/wp\/v2\/users\/11"}],"replies":[{"embeddable":true,"href":"https:\/\/www.24baires.com\/index.php?rest_route=%2Fwp%2Fv2%2Fcomments&post=15996"}],"version-history":[{"count":3,"href":"https:\/\/www.24baires.com\/index.php?rest_route=\/wp\/v2\/posts\/15996\/revisions"}],"predecessor-version":[{"id":16070,"href":"https:\/\/www.24baires.com\/index.php?rest_route=\/wp\/v2\/posts\/15996\/revisions\/16070"}],"wp:attachment":[{"href":"https:\/\/www.24baires.com\/index.php?rest_route=%2Fwp%2Fv2%2Fmedia&parent=15996"}],"wp:term":[{"taxonomy":"category","embeddable":true,"href":"https:\/\/www.24baires.com\/index.php?rest_route=%2Fwp%2Fv2%2Fcategories&post=15996"},{"taxonomy":"post_tag","embeddable":true,"href":"https:\/\/www.24baires.com\/index.php?rest_route=%2Fwp%2Fv2%2Ftags&post=15996"}],"curies":[{"name":"wp","href":"https:\/\/api.w.org\/{rel}","templated":true}]}}