{"id":15989,"date":"2013-02-18T12:45:33","date_gmt":"2013-02-18T15:45:33","guid":{"rendered":"http:\/\/www.24baires.com\/?p=15989"},"modified":"2013-02-18T12:45:33","modified_gmt":"2013-02-18T15:45:33","slug":"bajo-el-porcentaje-de-intoxicacion-por-alcohol-de-los-jovenes-en-la-costa-este-verano","status":"publish","type":"post","link":"https:\/\/www.24baires.com\/?p=15989","title":{"rendered":"Baj\u00f3 el porcentaje de intoxicaci\u00f3n por alcohol de los j\u00f3venes en la Costa este verano"},"content":{"rendered":"<p>El porcentaje, fue de un 18 por ciento menor con relaci\u00f3n a igual per\u00edodo del a\u00f1o 2012. Por esa causa 209 j\u00f3venes fueron atendidos en las guardias de los centros de salud durante la temporada veraniega.<!--more--><\/p>\n<p>Seg\u00fan inform\u00f3 el Ministerio de Salud de la Provincia de Buenos Aires en un comunicado, durante la temporada veraniega de 2012, se registraron 257 intoxicaciones de j\u00f3venes, menores de 25 a\u00f1os, en la costa bonaerense, lo que arroja una baja con respecto a este a\u00f1o del 18,67 por ciento.<\/p>\n<p>De los 209 j\u00f3venes, menores de 25 a\u00f1os, que debieron ser asistidos este a\u00f1o en los cinco hospitales provinciales relevados, el 89 por ciento de ellos hab\u00eda consumido alcohol en exceso, muchas veces mezclado con otras drogas.<\/p>\n<p>Tambi\u00e9n se registr\u00f3 una reducci\u00f3n importante en los menores de 18 a\u00f1os intoxicados con sustancias como alcohol y\/o otras drogas ya que en 2012 correspond\u00edan al 31 por ciento del total y este a\u00f1o ese n\u00famero descendi\u00f3 al 18 por ciento.<\/p>\n<p>Estos datos fueron obtenidos a trav\u00e9s de un estudio realizado por la cartera sanitaria durante las guardias de los hospitales de las ciudades balnearias de Mar de Aj\u00f3, Mar del Plata, Pinamar, Santa Teresita y Villa Gesell.<\/p>\n<p>\u201cEl consumo de alcohol suele asociarse a la diversi\u00f3n. Y no es as\u00ed. Nosotros trabajamos fuertemente en la costa con campa\u00f1as en los boliches, donde se premia a quien no toma\u00bb, asegur\u00f3 Alejandro Collia, ministro de Salud de la Provincia.<\/p>\n<p>\u00abTambi\u00e9n trabajamos junto a los padres, para generar conciencia de lo peligroso que puede ser el alcohol en exceso y para que no se naturalicen las previas en las casas\u201d, asegur\u00f3.<\/p>\n<p>Asimismo, el funcionario destac\u00f3 que \u201cestamos viendo los resultados. Hoy podemos decir que logramos reducir las intoxicaciones por alcohol\u201d.<\/p>\n<p>El relevamiento arroj\u00f3 tambi\u00e9n que los hombres representan el 66 por ciento de los casos de intoxicaciones registrados, muy por encima del 34 por ciento correspondiente a las mujeres.<\/p>\n<p>Adem\u00e1s muchas veces el consumo de alcohol se detect\u00f3 junto al consumo de otra sustancia, como marihuana o psicof\u00e1rmacos. En concreto, un 5,4 por ciento correspondi\u00f3 a alcohol junto a psicof\u00e1rmacos; un 4 por ciento a alcohol junto a coca\u00edna; un 3,3 por ciento a alcohol junto a marihuana; y un 2,5 por ciento fue por alcohol y drogas de dise\u00f1o.<\/p>\n<p>En total, el policonsumo (la mezcla de dos o m\u00e1s sustancias) fue el causante del 17 por ciento de las atenciones por intoxicaciones en los hospitales. Sin embargo el consumo de alcohol solo contin\u00faa siendo el porcentaje m\u00e1s alto ya que el 66 por ciento de los j\u00f3venes que debieron ser atendidos en las guardias dijo haber tomado \u00fanicamente alcohol.<\/p>\n<p>\u201cEl alcohol es la puerta de entrada a muchas otras drogas y es tan peligroso como ellas. Casi no registramos casos en que un joven llegue a una guardia por consumo de una droga que no incluya tambi\u00e9n la ingesta de alcohol\u201d, detall\u00f3 Collia.<\/p>\n<p>El funcionario a su vez, destac\u00f3 los operativos que el ministerio de Salud, a trav\u00e9s de la subsecretar\u00eda de Atenci\u00f3n a las Adicciones, llev\u00f3 a cabo en las ciudades balnearias desde el inicio del verano, como ser los controles de nocturnidad, la implementaci\u00f3n del sem\u00e1foro preventivo y los tests de alcoholemia a los conductores.<\/p>\n<p>El ministerio de Salud Provincial, record\u00f3 que el n\u00famero dispuesto por la subsecretar\u00eda de Adicciones para atender esta problem\u00e1tica y orientar a los j\u00f3venes es 0800-222-5462.<\/p>\n<p>&nbsp;<\/p>\n<p>&nbsp;<\/p>\n<p>&nbsp;<\/p>\n","protected":false},"excerpt":{"rendered":"<p>El porcentaje, fue de un 18 por ciento menor con relaci\u00f3n a igual per\u00edodo del a\u00f1o 2012. Por esa causa 209 j\u00f3venes fueron atendidos en las guardias de los centros de salud durante la temporada veraniega.<\/p>\n","protected":false},"author":11,"featured_media":0,"comment_status":"open","ping_status":"open","sticky":false,"template":"","format":"standard","meta":{"_jetpack_newsletter_access":"","_jetpack_dont_email_post_to_subs":false,"_jetpack_newsletter_tier_id":0,"_jetpack_memberships_contains_paywalled_content":false,"_jetpack_memberships_contains_paid_content":false,"footnotes":""},"categories":[1],"tags":[],"class_list":["post-15989","post","type-post","status-publish","format-standard","hentry","category-sociedad"],"jetpack_featured_media_url":"","jetpack_shortlink":"https:\/\/wp.me\/p2JWE0-49T","jetpack-related-posts":[{"id":61199,"url":"https:\/\/www.24baires.com\/?p=61199","url_meta":{"origin":15989,"position":0},"title":"Disminuy\u00f3 el n\u00famero de conductores alcoholizados en las rutas","author":"GB","date":"03\/02\/2015","format":false,"excerpt":"Los controles de alcoholemia realizados en lo que va de la actual temporada de verano registraron menos conductores alcoholizados que el a\u00f1o pasado, mientras que tambi\u00e9n disminuy\u00f3 el n\u00famero de j\u00f3venes intoxicados por abuso de sustancias atendidos en las guardias de la costa atl\u00e1ntica. S\u00f3lo el 1,81 por ciento de\u2026","rel":"","context":"En \u00abSociedad\u00bb","block_context":{"text":"Sociedad","link":"https:\/\/www.24baires.com\/?cat=1"},"img":{"alt_text":"alcoholemia","src":"https:\/\/i0.wp.com\/www.24baires.com\/wp-content\/uploads\/2012\/10\/alcoholemia.jpg?resize=350%2C200","width":350,"height":200,"srcset":"https:\/\/i0.wp.com\/www.24baires.com\/wp-content\/uploads\/2012\/10\/alcoholemia.jpg?resize=350%2C200 1x, https:\/\/i0.wp.com\/www.24baires.com\/wp-content\/uploads\/2012\/10\/alcoholemia.jpg?resize=525%2C300 1.5x"},"classes":[]},{"id":22643,"url":"https:\/\/www.24baires.com\/?p=22643","url_meta":{"origin":15989,"position":1},"title":"Clausuran 18 fiestas clandestinas descubiertas por Facebook","author":"AF","date":"04\/05\/2013","format":false,"excerpt":"Son megaeventos que re\u00fanen a m\u00e1s de 1.000 j\u00f3venes. Los organizadores perfeccionaron las estrategias para no ser descubiertos. Dan la direcci\u00f3n de la fiesta reci\u00e9n a la madrugada a trav\u00e9s de las redes sociales. Sin embargo, el ministerio de Salud triplic\u00f3 las clausuras con respecto al 2012. Una nueva modalidad\u2026","rel":"","context":"En \u00abSociedad\u00bb","block_context":{"text":"Sociedad","link":"https:\/\/www.24baires.com\/?cat=1"},"img":{"alt_text":"facebook","src":"https:\/\/i0.wp.com\/www.24baires.com\/wp-content\/uploads\/2013\/01\/facebook.jpg?resize=350%2C200","width":350,"height":200},"classes":[]},{"id":23480,"url":"https:\/\/www.24baires.com\/?p=23480","url_meta":{"origin":15989,"position":2},"title":"Clausuraron 27 boliches platenses por venta ilegal de alcohol","author":"AF","date":"14\/05\/2013","format":false,"excerpt":"Inspectores del ministerio de Salud bonaerense clausuraron 27 boliches en La Plata, en su mayor\u00eda por venta ilegal de alcohol a menores. El megaoperativo de control realizado el \u00faltimo fin de semana motiv\u00f3 adem\u00e1s el cierre de todos los comercios a las 5.30 de la madrugada, tal cual lo establece\u2026","rel":"","context":"En \u00abLocales\u00bb","block_context":{"text":"Locales","link":"https:\/\/www.24baires.com\/?cat=38"},"img":{"alt_text":"","src":"","width":0,"height":0},"classes":[]},{"id":7952,"url":"https:\/\/www.24baires.com\/?p=7952","url_meta":{"origin":15989,"position":3},"title":"Provincia y padres bonaerenses trabajan para generar noches seguras en la temporada","author":"AF","date":"05\/12\/2012","format":false,"excerpt":"Este verano, la provincia de Buenos Aires apostar\u00e1 a la sensibilizaci\u00f3n de los padres bonaerenses con el fin de lograr una noche segura para los j\u00f3venes en las localidades balnearias durante la temporada. Por eso, la Fundaci\u00f3n Proyecto Padres realiz\u00f3 en Mar del Plata el primer Pre Congreso para Padres\u2026","rel":"","context":"En \u00abSociedad\u00bb","block_context":{"text":"Sociedad","link":"https:\/\/www.24baires.com\/?cat=1"},"img":{"alt_text":"","src":"","width":0,"height":0},"classes":[]},{"id":117893,"url":"https:\/\/www.24baires.com\/?p=117893","url_meta":{"origin":15989,"position":4},"title":"Avanza la campa\u00f1a para completar la vacunaci\u00f3n contra el coronavirus y llegar a menores","author":"AF","date":"20\/07\/2021","format":false,"excerpt":"Seg\u00fan el Ministerio de Salud, el ritmo de aplicaci\u00f3n de vacunas lleg\u00f3 a las \"2.300.000 dosis en las \u00faltimas tres semanas\", por lo que el 70% de las personas mayores de 20 a\u00f1os ya cuenta con una dosis. La campa\u00f1a nacional de inmunizaci\u00f3n contra el coronavirus avanzaba este martes con\u2026","rel":"","context":"En \u00abSociedad\u00bb","block_context":{"text":"Sociedad","link":"https:\/\/www.24baires.com\/?cat=1"},"img":{"alt_text":"","src":"https:\/\/i0.wp.com\/www.24baires.com\/wp-content\/uploads\/2021\/06\/vacunaci%C3%B3n.jpg?resize=350%2C200","width":350,"height":200,"srcset":"https:\/\/i0.wp.com\/www.24baires.com\/wp-content\/uploads\/2021\/06\/vacunaci%C3%B3n.jpg?resize=350%2C200 1x, https:\/\/i0.wp.com\/www.24baires.com\/wp-content\/uploads\/2021\/06\/vacunaci%C3%B3n.jpg?resize=525%2C300 1.5x"},"classes":[]},{"id":101792,"url":"https:\/\/www.24baires.com\/?p=101792","url_meta":{"origin":15989,"position":5},"title":"Un estudio revela que el 74% de la poblaci\u00f3n est\u00e1 a favor de despenalizar el aborto","author":"AF","date":"24\/04\/2018","format":false,"excerpt":"Al calor del debate en el Congreso, una investigaci\u00f3n registr\u00f3 que, con respecto al a\u00f1o pasado, hubo un fuerte aumento de la aceptaci\u00f3n tanto del aborto libre como con algunas restricciones. En la puerta del Congreso, en el subte, en las mochilas de los estudiantes, alrededor del cuello o enrollado\u2026","rel":"","context":"En \u00abSociedad\u00bb","block_context":{"text":"Sociedad","link":"https:\/\/www.24baires.com\/?cat=1"},"img":{"alt_text":"","src":"https:\/\/i0.wp.com\/www.24baires.com\/wp-content\/uploads\/2018\/02\/aborto-congreso.jpg?resize=350%2C200","width":350,"height":200,"srcset":"https:\/\/i0.wp.com\/www.24baires.com\/wp-content\/uploads\/2018\/02\/aborto-congreso.jpg?resize=350%2C200 1x, https:\/\/i0.wp.com\/www.24baires.com\/wp-content\/uploads\/2018\/02\/aborto-congreso.jpg?resize=525%2C300 1.5x"},"classes":[]}],"jetpack_sharing_enabled":true,"jetpack_likes_enabled":true,"_links":{"self":[{"href":"https:\/\/www.24baires.com\/index.php?rest_route=\/wp\/v2\/posts\/15989","targetHints":{"allow":["GET"]}}],"collection":[{"href":"https:\/\/www.24baires.com\/index.php?rest_route=\/wp\/v2\/posts"}],"about":[{"href":"https:\/\/www.24baires.com\/index.php?rest_route=\/wp\/v2\/types\/post"}],"author":[{"embeddable":true,"href":"https:\/\/www.24baires.com\/index.php?rest_route=\/wp\/v2\/users\/11"}],"replies":[{"embeddable":true,"href":"https:\/\/www.24baires.com\/index.php?rest_route=%2Fwp%2Fv2%2Fcomments&post=15989"}],"version-history":[{"count":3,"href":"https:\/\/www.24baires.com\/index.php?rest_route=\/wp\/v2\/posts\/15989\/revisions"}],"predecessor-version":[{"id":15995,"href":"https:\/\/www.24baires.com\/index.php?rest_route=\/wp\/v2\/posts\/15989\/revisions\/15995"}],"wp:attachment":[{"href":"https:\/\/www.24baires.com\/index.php?rest_route=%2Fwp%2Fv2%2Fmedia&parent=15989"}],"wp:term":[{"taxonomy":"category","embeddable":true,"href":"https:\/\/www.24baires.com\/index.php?rest_route=%2Fwp%2Fv2%2Fcategories&post=15989"},{"taxonomy":"post_tag","embeddable":true,"href":"https:\/\/www.24baires.com\/index.php?rest_route=%2Fwp%2Fv2%2Ftags&post=15989"}],"curies":[{"name":"wp","href":"https:\/\/api.w.org\/{rel}","templated":true}]}}