{"id":15984,"date":"2013-02-18T12:24:01","date_gmt":"2013-02-18T15:24:01","guid":{"rendered":"http:\/\/www.24baires.com\/?p=15984"},"modified":"2013-02-18T12:24:01","modified_gmt":"2013-02-18T15:24:01","slug":"premiaron-a-alumnos-de-lanus-en-espana","status":"publish","type":"post","link":"https:\/\/www.24baires.com\/?p=15984","title":{"rendered":"Premiaron a alumnos de Lan\u00fas en Espa\u00f1a"},"content":{"rendered":"<p><img data-recalc-dims=\"1\" loading=\"lazy\" decoding=\"async\" class=\"alignleft size-medium wp-image-15985\" alt=\"alumnos lanus\" src=\"https:\/\/i0.wp.com\/www.24baires.com\/wp-content\/uploads\/2013\/02\/alumnos-lanus.jpg?resize=300%2C180\" width=\"300\" height=\"180\" srcset=\"https:\/\/i0.wp.com\/www.24baires.com\/wp-content\/uploads\/2013\/02\/alumnos-lanus.jpg?resize=300%2C180&amp;ssl=1 300w, https:\/\/i0.wp.com\/www.24baires.com\/wp-content\/uploads\/2013\/02\/alumnos-lanus.jpg?w=500&amp;ssl=1 500w\" sizes=\"auto, (max-width: 300px) 100vw, 300px\" \/>Tres estudiantes de la Escuela Secundaria N\u00ba 54 fueron galardonados en el Congreso de las Lenguas en Salamanca, Espa\u00f1a, por su gui\u00f3n \u201cLa Tosquera, una trampera\u201d. \u00abEsto demuestra hasta donde se puede llegar con el trabajo en las aulas\u00bb, se\u00f1al\u00f3 la directora de la escuela, Marta Kopiloff.<!--more--><\/p>\n<p>&nbsp;<\/p>\n<p>Tres estudiantes de la Escuela Secundaria 54 de Lan\u00fas fueron premiados en el Congreso de las Lenguas en Salamanca, Espa\u00f1a, con un gui\u00f3n de su autor\u00eda. \u201cLa Tosquera, una trampera\u201d, relata una historia contra la discriminaci\u00f3n que conmovi\u00f3 al jurado del certamen \u201cHistorias de mi lugar\u201d, organizado por el Ministerio Nacional de Educaci\u00f3n y la Organizaci\u00f3n de Estados Iberoamericanos (OEI).<\/p>\n<p>Los estudiantes premiados fueron Cecilia Roxana Delgado, Brenda Denise Krugloff y Ariel Marcelo Vera, todos alumnos de la escuela ubicada en el asentamiento \u201cLa Fe\u201d. Lo que los chicos volcaron en esas l\u00edneas fueron sus sensaciones respecto a dif\u00edciles situaciones de discriminaci\u00f3n y violencia que viven en su barrio.<\/p>\n<p>Seg\u00fan explicaron desde la escuela, \u201cel corto producido refiere a una problem\u00e1tica local que los alumnos sufren en carne propia\u201d. Como lo relata la directora del centro educativo, Marta Kopiloff, \u201chay un barrio con casas de construcci\u00f3n, que est\u00e1 pasando la calle General Belgrano, y los chicos que son vecinos m\u00e1s humildes y viven en casas precarias sufren discriminaci\u00f3n\u201d.<\/p>\n<p>Para pronunciarse en contra de esta situaci\u00f3n la profesora de Pr\u00e1cticas del Lenguaje, Mirta Rodr\u00edguez, propuso a sus alumnos expresar sus experiencias en un gui\u00f3n y participar del certamen. As\u00ed, Cecilia, Brenda y Ariel escribieron una historia de su lugar, pero en la que no s\u00f3lo expusieron el problema.<\/p>\n<p>\u201cEn el corto esos chicos con los que ellos se sent\u00edan discriminados terminan ayud\u00e1ndolos, que son los chicos de los \u2018chaleses\u2019, como los llaman ellos\u201d, se\u00f1al\u00f3.<\/p>\n<p>Con el gui\u00f3n elaborado por los alumnos, el Instituto Nacional de Cine y Artes Audiovisuales (INCAA), realiz\u00f3 el corto cinematogr\u00e1fico de unos 15 minutos que la OEI public\u00f3 en su sitio Web como premio para los alumnos.<\/p>\n<p>En el pa\u00eds europeo, este tr\u00edo creativo que cursaba el segundo a\u00f1o fue recibido por el Pr\u00edncipe de Asturias en la premiaci\u00f3n realizada en el Congreso de las Lenguas, en Salamanca, donde se distingui\u00f3 su argumento contra la violencia.<\/p>\n<p>\u201cEstuvimos durante una semana, fue muy todo lindo\u201d, record\u00f3 Ariel, uno de los alumnos, en di\u00e1logo con Info Regi\u00f3n.<\/p>\n<p>La historia narrada en el gui\u00f3n transcurre en una cava que separa al barrio humilde de los \u201cchaleses\u201d de \u201cLa Tosquera\u201d, un lugar donde \u201cen los \u00faltimos 20 a\u00f1os hubo m\u00e1s de 50 muertes, generalmente de chicos j\u00f3venes\u201d, lament\u00f3 Kopiloff, tras describir que all\u00ed \u201c(los chicos) van a pescar o cuando hace mucho calor hasta se animan a entrar al agua\u201d.<\/p>\n<p>Esta tosquera es un lugar muy vinculado a la historia local: \u201cAh\u00ed funcionaba el batall\u00f3n Viejobueno 601, donde en el a\u00f1o 73 hubo un enfrentamiento importante\u201d, relat\u00f3 la directora.<\/p>\n<p>Para finalizar, Kopiloff manifest\u00f3 que la experiencia demostr\u00f3 a los estudiantes \u201chasta donde se puede llegar con el trabajo en el aula\u201d.<\/p>\n<p>&nbsp;<\/p>\n<p>&nbsp;<\/p>\n<p>&nbsp;<\/p>\n<p>&nbsp;<\/p>\n<p>&nbsp;<\/p>\n","protected":false},"excerpt":{"rendered":"<p>Tres estudiantes de la Escuela Secundaria N\u00ba 54 fueron galardonados en el Congreso de las Lenguas en Salamanca, Espa\u00f1a, por su gui\u00f3n \u201cLa Tosquera, una trampera\u201d. \u00abEsto demuestra hasta donde se puede llegar con el trabajo en las aulas\u00bb, se\u00f1al\u00f3 la directora de la escuela, Marta Kopiloff.<\/p>\n","protected":false},"author":11,"featured_media":0,"comment_status":"open","ping_status":"open","sticky":false,"template":"","format":"standard","meta":{"_jetpack_newsletter_access":"","_jetpack_dont_email_post_to_subs":false,"_jetpack_newsletter_tier_id":0,"_jetpack_memberships_contains_paywalled_content":false,"_jetpack_memberships_contains_paid_content":false,"footnotes":""},"categories":[1],"tags":[],"class_list":["post-15984","post","type-post","status-publish","format-standard","hentry","category-sociedad"],"jetpack_featured_media_url":"","jetpack_shortlink":"https:\/\/wp.me\/p2JWE0-49O","jetpack-related-posts":[{"id":70864,"url":"https:\/\/www.24baires.com\/?p=70864","url_meta":{"origin":15984,"position":0},"title":"Cristina inaugur\u00f3 una escuela primaria y secundaria en Tres de Febrero","author":"AF","date":"20\/08\/2015","format":false,"excerpt":"La Presidenta inaugur\u00f3 una escuela de 1.500 metros cuadrados cada una en el barrio Altos de Podest\u00e1, situadas en un predio en el que antes exist\u00eda una tosquera y que demand\u00f3 una inversi\u00f3n superior a los 14 millones de pesos. La presidenta Cristina Fern\u00e1ndez de Kirchner inaugur\u00f3 una escuela primaria\u2026","rel":"","context":"En \u00abPol\u00edtica\u00bb","block_context":{"text":"Pol\u00edtica","link":"https:\/\/www.24baires.com\/?cat=51"},"img":{"alt_text":"cristina cadena","src":"https:\/\/i0.wp.com\/www.24baires.com\/wp-content\/uploads\/2015\/08\/cristina-cadena.jpg?resize=350%2C200","width":350,"height":200,"srcset":"https:\/\/i0.wp.com\/www.24baires.com\/wp-content\/uploads\/2015\/08\/cristina-cadena.jpg?resize=350%2C200 1x, https:\/\/i0.wp.com\/www.24baires.com\/wp-content\/uploads\/2015\/08\/cristina-cadena.jpg?resize=525%2C300 1.5x"},"classes":[]},{"id":101038,"url":"https:\/\/www.24baires.com\/?p=101038","url_meta":{"origin":15984,"position":1},"title":"\u201cM\u00e1s de 82 mil chicos no tienen lugar en los jardines de la Provincia\u201d","author":"AF","date":"13\/03\/2018","format":false,"excerpt":"En medio del conflicto paritario, los maestros de la provincia de Buenos Aires pidieron ser convocados \u201cinmediatamente\u201d para discutir una nueva propuesta salarial. Adem\u00e1s, enumeraron los problemas por lo que miles de alumnos no pudieron empezar las clases: falta de vacantes, cierres de cursos y problemas de infraestructura. Los docentes\u2026","rel":"","context":"En \u00abSociedad\u00bb","block_context":{"text":"Sociedad","link":"https:\/\/www.24baires.com\/?cat=1"},"img":{"alt_text":"","src":"https:\/\/i0.wp.com\/www.24baires.com\/wp-content\/uploads\/2015\/03\/jard%C3%ADn-infantes-lan%C3%BAs.jpg?resize=350%2C200","width":350,"height":200,"srcset":"https:\/\/i0.wp.com\/www.24baires.com\/wp-content\/uploads\/2015\/03\/jard%C3%ADn-infantes-lan%C3%BAs.jpg?resize=350%2C200 1x, https:\/\/i0.wp.com\/www.24baires.com\/wp-content\/uploads\/2015\/03\/jard%C3%ADn-infantes-lan%C3%BAs.jpg?resize=525%2C300 1.5x"},"classes":[]},{"id":30261,"url":"https:\/\/www.24baires.com\/?p=30261","url_meta":{"origin":15984,"position":2},"title":"Comienza el Operativo Nacional de Evaluaci\u00f3n de alumnos en escuelas de toda Argentina","author":"AF","date":"16\/08\/2013","format":false,"excerpt":"Durante agosto y noviembre se realizar\u00e1 los ex\u00e1menes que involucran a escuelas primarias y secundarias, p\u00fablicas y privadas de todo el pa\u00eds. M\u00e1s de 600 mil alumnos ser\u00e1n evaluados con el objetivo de mejorar los resultados en los niveles secundarios de este a\u00f1o y a futuro, en 2016. \u201cLa Revoluci\u00f3n\u2026","rel":"","context":"En \u00abSociedad\u00bb","block_context":{"text":"Sociedad","link":"https:\/\/www.24baires.com\/?cat=1"},"img":{"alt_text":"","src":"","width":0,"height":0},"classes":[]},{"id":98587,"url":"https:\/\/www.24baires.com\/?p=98587","url_meta":{"origin":15984,"position":3},"title":"Estudiantes bonaerenses protestan contra el Operativo Aprender","author":"GB","date":"07\/11\/2017","format":false,"excerpt":"Desde el Centro de Estudiantes de una escuela de Banfield decidieron permanecer pac\u00edficamente en el edificio en rechazo a la evaluaci\u00f3n educativa que impulsa el Gobierno. Tambi\u00e9n habr\u00e1 una marcha al Consejo Escolar de Lan\u00fas. Desde el Centro de Estudiantes de la Escuela Normal \"Antonio Mentruyt\" de Banfield decidieron realizar\u2026","rel":"","context":"En \u00abProvincia\u00bb","block_context":{"text":"Provincia","link":"https:\/\/www.24baires.com\/?cat=40"},"img":{"alt_text":"","src":"https:\/\/i0.wp.com\/www.24baires.com\/wp-content\/uploads\/2017\/11\/protesta-aprender.jpg?resize=350%2C200","width":350,"height":200,"srcset":"https:\/\/i0.wp.com\/www.24baires.com\/wp-content\/uploads\/2017\/11\/protesta-aprender.jpg?resize=350%2C200 1x, https:\/\/i0.wp.com\/www.24baires.com\/wp-content\/uploads\/2017\/11\/protesta-aprender.jpg?resize=525%2C300 1.5x"},"classes":[]},{"id":102009,"url":"https:\/\/www.24baires.com\/?p=102009","url_meta":{"origin":15984,"position":4},"title":"Entregaron comida con ratas en una escuela de Lan\u00fas","author":"GB","date":"08\/05\/2018","format":false,"excerpt":"El proveedor contratado por el gobierno de N\u00e9stor Grindetti entreg\u00f3 cajones de manzanas con nidos de ratas en la escuela 72 de Lan\u00fas. Estatales hicieron la denuncia en el Ministerio de Desarrollo Social. Gremios docentes y estatales denunciaron que en Lan\u00fas, municipio gobernado por el macrista N\u00e9stor Grindetti, repartieron en\u2026","rel":"","context":"En \u00abMunicipios\u00bb","block_context":{"text":"Municipios","link":"https:\/\/www.24baires.com\/?cat=44"},"img":{"alt_text":"","src":"https:\/\/i0.wp.com\/www.24baires.com\/wp-content\/uploads\/2016\/04\/grindetti-300x169.jpg?resize=350%2C200","width":350,"height":200},"classes":[]},{"id":100373,"url":"https:\/\/www.24baires.com\/?p=100373","url_meta":{"origin":15984,"position":5},"title":"Docente abord\u00f3 a Vidal y le reclam\u00f3 por la paritaria","author":"AF","date":"05\/02\/2018","format":false,"excerpt":"La gobernadora bonaerense, Mar\u00eda Eugenia Vidal, fue abordada hoy por una docente que se identific\u00f3 como dirigente de Suteba y le pidi\u00f3 la convocatoria a paritarias, al sostener que la situaci\u00f3n es \"muy complicada\". La situaci\u00f3n, que tom\u00f3 por sorpresa a la mandataria provincial, se dio a la salida de\u2026","rel":"","context":"En \u00abSociedad\u00bb","block_context":{"text":"Sociedad","link":"https:\/\/www.24baires.com\/?cat=1"},"img":{"alt_text":"","src":"https:\/\/i0.wp.com\/www.24baires.com\/wp-content\/uploads\/2018\/02\/vidal-docente.jpg?resize=350%2C200","width":350,"height":200,"srcset":"https:\/\/i0.wp.com\/www.24baires.com\/wp-content\/uploads\/2018\/02\/vidal-docente.jpg?resize=350%2C200 1x, https:\/\/i0.wp.com\/www.24baires.com\/wp-content\/uploads\/2018\/02\/vidal-docente.jpg?resize=525%2C300 1.5x"},"classes":[]}],"jetpack_sharing_enabled":true,"jetpack_likes_enabled":true,"_links":{"self":[{"href":"https:\/\/www.24baires.com\/index.php?rest_route=\/wp\/v2\/posts\/15984","targetHints":{"allow":["GET"]}}],"collection":[{"href":"https:\/\/www.24baires.com\/index.php?rest_route=\/wp\/v2\/posts"}],"about":[{"href":"https:\/\/www.24baires.com\/index.php?rest_route=\/wp\/v2\/types\/post"}],"author":[{"embeddable":true,"href":"https:\/\/www.24baires.com\/index.php?rest_route=\/wp\/v2\/users\/11"}],"replies":[{"embeddable":true,"href":"https:\/\/www.24baires.com\/index.php?rest_route=%2Fwp%2Fv2%2Fcomments&post=15984"}],"version-history":[{"count":2,"href":"https:\/\/www.24baires.com\/index.php?rest_route=\/wp\/v2\/posts\/15984\/revisions"}],"predecessor-version":[{"id":15987,"href":"https:\/\/www.24baires.com\/index.php?rest_route=\/wp\/v2\/posts\/15984\/revisions\/15987"}],"wp:attachment":[{"href":"https:\/\/www.24baires.com\/index.php?rest_route=%2Fwp%2Fv2%2Fmedia&parent=15984"}],"wp:term":[{"taxonomy":"category","embeddable":true,"href":"https:\/\/www.24baires.com\/index.php?rest_route=%2Fwp%2Fv2%2Fcategories&post=15984"},{"taxonomy":"post_tag","embeddable":true,"href":"https:\/\/www.24baires.com\/index.php?rest_route=%2Fwp%2Fv2%2Ftags&post=15984"}],"curies":[{"name":"wp","href":"https:\/\/api.w.org\/{rel}","templated":true}]}}