{"id":15977,"date":"2013-02-18T13:00:36","date_gmt":"2013-02-18T16:00:36","guid":{"rendered":"http:\/\/www.24baires.com\/?p=15977"},"modified":"2013-02-18T09:30:39","modified_gmt":"2013-02-18T12:30:39","slug":"capacitaran-a-trabajadoras-vecinales-sobre-como-actuar-ante-emergencias-climaticas","status":"publish","type":"post","link":"https:\/\/www.24baires.com\/?p=15977","title":{"rendered":"Capacitar\u00e1n a trabajadoras vecinales sobre c\u00f3mo actuar ante emergencias clim\u00e1ticas"},"content":{"rendered":"<p><img data-recalc-dims=\"1\" loading=\"lazy\" decoding=\"async\" class=\"alignleft size-full wp-image-15979\" alt=\"ferr\u00e9\" src=\"https:\/\/i0.wp.com\/www.24baires.com\/wp-content\/uploads\/2013\/02\/ferr%C3%A9.jpg?resize=240%2C176\" width=\"240\" height=\"176\" \/>El ministerio de Desarrollo Social, a cargo de Mart\u00edn Ferr\u00e9, capacitar\u00e1 a las trabajadoras vecinales para que se conviertan en agentes de divulgaci\u00f3n barrial de acciones de respuesta ante eventuales emergencias clim\u00e1ticas.<!--more--><\/p>\n<p>El titular de la cartera social afirm\u00f3 que \u201clas trabajadoras vecinales son fundamentales para poder llegar a toda la Provincia y son referentes para las familias que viven en cada barrio. Por eso, queremos que nos ayuden en casos de emergencias clim\u00e1ticas, que puedan colaborar en la reducci\u00f3n del riesgo difundiendo entre los vecinos los lineamientos b\u00e1sicos para saber qu\u00e9 hacer ante temporales y coordinar con los especialistas para minimizar las consecuencias\u201d.<\/p>\n<p>Seg\u00fan se inform\u00f3 se trata de un trabajo conjunto entre la subsecretar\u00eda de Articulaci\u00f3n Territorial, a cargo de Nicol\u00e1s Milazzo, y el Consejo Provincial de Emergencia, encabezado por Luciano Timerman, y responde a las demandas de capacitaci\u00f3n que las trabajadoras vecinales le presentaron al Ministerio.<\/p>\n<p>Desde el Ministerio explicaron que la iniciativa se basa en la experiencia japonesa ante desastres, donde la figura de un jefe de manzana ayuda a las autoridades tanto en la divulgaci\u00f3n de medidas de prevenci\u00f3n como en el acompa\u00f1amiento de sus vecinos durante eventos adversos.<\/p>\n<p>Ferr\u00e9 record\u00f3 que \u201cel a\u00f1o pasado pusimos en marcha un esquema de acci\u00f3n para acelerar los tiempos de la asistencia, optimizar la recepci\u00f3n de pedidos de ayuda y mejorar el sistema de prevenci\u00f3n\u201d y agreg\u00f3: \u201cesta iniciativa de incorporar a las trabajadoras vecinales, se enmarca en la necesidad de mejorar y profesionalizar en forma constante los mecanismos de respuesta, por lo cual adem\u00e1s continuamos conversando con municipios para la implementaci\u00f3n del Protocolo de Activaci\u00f3n de Emergencias\u201d.<\/p>\n<p>Casi 600 mil familias de la provincia de Buenos Aires son atendidas diariamente por m\u00e1s de 40 mil trabajadoras vecinales que conforman una red de voluntariado, aseguraron desde la cartera bonaerense. Capacitadas por el Ministerio de Desarrollo Social provincial, trabajan en materia de seguridad alimentaria y contenci\u00f3n familiar, ejes a los que ahora se les sumar\u00e1 la prevenci\u00f3n ante temporales.<\/p>\n<p>Como primer paso, los especialistas del CPE brindaron un ciclo de capacitaciones en gesti\u00f3n de riesgo y emergencias destinado a personal t\u00e9cnico del Ministerio, bajo una estrategia de formaci\u00f3n de formadores. Este trabajo tiene como finalidad crear un marco de aprendizaje y perfeccionamiento para que pueda ser transmitido en una segunda etapa a las trabajadoras vecinales de manera tal de mejorar las acciones de la poblaci\u00f3n ante una emergencia.<\/p>\n<p>&nbsp;<\/p>\n<p>&nbsp;<\/p>\n<p>&nbsp;<\/p>\n<p>&nbsp;<\/p>\n<p>&nbsp;<\/p>\n<p>&nbsp;<\/p>\n<p>&nbsp;<\/p>\n<p>&nbsp;<\/p>\n<p>&nbsp;<\/p>\n<p>&nbsp;<\/p>\n<p>&nbsp;<\/p>\n<p>&nbsp;<\/p>\n<p>&nbsp;<\/p>\n<p>&nbsp;<\/p>\n<p>&nbsp;<\/p>\n<p>&nbsp;<\/p>\n<p>&nbsp;<\/p>\n","protected":false},"excerpt":{"rendered":"<p>El ministerio de Desarrollo Social, a cargo de Mart\u00edn Ferr\u00e9, capacitar\u00e1 a las trabajadoras vecinales para que se conviertan en agentes de divulgaci\u00f3n barrial de acciones de respuesta ante eventuales emergencias clim\u00e1ticas.<\/p>\n","protected":false},"author":4,"featured_media":0,"comment_status":"open","ping_status":"open","sticky":false,"template":"","format":"standard","meta":{"_jetpack_newsletter_access":"","_jetpack_dont_email_post_to_subs":false,"_jetpack_newsletter_tier_id":0,"_jetpack_memberships_contains_paywalled_content":false,"_jetpack_memberships_contains_paid_content":false,"footnotes":""},"categories":[1],"tags":[],"class_list":["post-15977","post","type-post","status-publish","format-standard","hentry","category-sociedad"],"jetpack_featured_media_url":"","jetpack_shortlink":"https:\/\/wp.me\/p2JWE0-49H","jetpack-related-posts":[{"id":52331,"url":"https:\/\/www.24baires.com\/?p=52331","url_meta":{"origin":15977,"position":0},"title":"En Avellaneda capacitan a m\u00e1s de mil trabajadoras vecinales","author":"AF","date":"23\/08\/2014","format":false,"excerpt":"El titular de Desarrollo Social, Eduardo Aparicio, elogi\u00f3 el trabajo de estas mujeres que son las que monitorean el funcionamiento de los programas sociales. La Provincia y el municipio de Avellaneda capacitar\u00e1n a m\u00e1s de 1000 Trabajadoras Vecinales del Plan M\u00e1s Vida. Se trata de la jornada integral de reflexi\u00f3n\u2026","rel":"","context":"En \u00abLocales\u00bb","block_context":{"text":"Locales","link":"https:\/\/www.24baires.com\/?cat=38"},"img":{"alt_text":"aparicio","src":"https:\/\/i0.wp.com\/www.24baires.com\/wp-content\/uploads\/2014\/08\/aparicio.jpg?resize=350%2C200","width":350,"height":200,"srcset":"https:\/\/i0.wp.com\/www.24baires.com\/wp-content\/uploads\/2014\/08\/aparicio.jpg?resize=350%2C200 1x, https:\/\/i0.wp.com\/www.24baires.com\/wp-content\/uploads\/2014\/08\/aparicio.jpg?resize=525%2C300 1.5x"},"classes":[]},{"id":21676,"url":"https:\/\/www.24baires.com\/?p=21676","url_meta":{"origin":15977,"position":1},"title":"Advertencia clim\u00e1tica: aseguran que La Plata pas\u00f3 a denominarse \u00abzona tropical\u00bb","author":"AF","date":"23\/04\/2013","format":false,"excerpt":"La integrante del colectivo de periodismo ambiental Tinta Verde, Florencia Yanniello, afirm\u00f3 que \u201cse est\u00e1n viendo signos concretos del cambio clim\u00e1tico, de hecho, nuestra zona pas\u00f3 a denominarse zona tropical y por eso debemos tener pol\u00edticas y trabajos para la adaptaci\u00f3n\u201d. Explic\u00f3 la situaci\u00f3n ambiental de la regi\u00f3n: \u201cEn general\u2026","rel":"","context":"En \u00abLocales\u00bb","block_context":{"text":"Locales","link":"https:\/\/www.24baires.com\/?cat=38"},"img":{"alt_text":"","src":"","width":0,"height":0},"classes":[]},{"id":25282,"url":"https:\/\/www.24baires.com\/?p=25282","url_meta":{"origin":15977,"position":2},"title":"Presentan en La Plata una nueva Secretar\u00eda de Prevenci\u00f3n y Atenci\u00f3n del riesgo","author":"AF","date":"07\/06\/2013","format":false,"excerpt":"El intendente de La Plata Pablo Bruera, present\u00f3 la nueva Secretar\u00eda de Prevenci\u00f3n y Atenci\u00f3n del Riesgo, una nueva estrucctura que funcionar\u00e1 en la municipalidad, con el el fin de generar recursos humanos, jerarquizar la prevenci\u00f3n y brindar asistencia en caso de cat\u00e1strofe. Ante familiares de v\u00edctimas de la cat\u00e1strofe\u2026","rel":"","context":"En \u00abLocales\u00bb","block_context":{"text":"Locales","link":"https:\/\/www.24baires.com\/?cat=38"},"img":{"alt_text":"","src":"","width":0,"height":0},"classes":[]},{"id":32073,"url":"https:\/\/www.24baires.com\/?p=32073","url_meta":{"origin":15977,"position":3},"title":"Lan\u00fas: El Hospital Vecinal Narciso L\u00f3pez realiz\u00f3 la tercera Marat\u00f3n Saludable","author":"GB","date":"18\/09\/2013","format":false,"excerpt":"El Hospital Vecinal Narciso L\u00f3pez de Lan\u00fas realiz\u00f3 exitosamente la 3\u00ba Marat\u00f3n Saludable, de participaci\u00f3n libre y gratuita, el domingo 15 de septiembre de 2013, a las 10.00 hs., en el marco de su 76\u00ba Aniversario. El evento cont\u00f3 con una gran participaci\u00f3n de la comunidad, superando ampliamente las expectativas\u2026","rel":"","context":"En \u00abSociedad\u00bb","block_context":{"text":"Sociedad","link":"https:\/\/www.24baires.com\/?cat=1"},"img":{"alt_text":"marat\u00f3n","src":"https:\/\/i0.wp.com\/www.24baires.com\/wp-content\/uploads\/2013\/09\/marat%C3%B3n.jpg?resize=350%2C200","width":350,"height":200,"srcset":"https:\/\/i0.wp.com\/www.24baires.com\/wp-content\/uploads\/2013\/09\/marat%C3%B3n.jpg?resize=350%2C200 1x, https:\/\/i0.wp.com\/www.24baires.com\/wp-content\/uploads\/2013\/09\/marat%C3%B3n.jpg?resize=525%2C300 1.5x"},"classes":[]},{"id":118114,"url":"https:\/\/www.24baires.com\/?p=118114","url_meta":{"origin":15977,"position":4},"title":"Massa confirm\u00f3 el proyecto que reemplaza los planes sociales por empleo registrado","author":"GB","date":"07\/10\/2021","format":false,"excerpt":"El subsidio que reciben los beneficiarios de planes sociales, pasar\u00eda a convertirse en un salario de la industria de la construcci\u00f3n con una etapa previa de capacitaci\u00f3n. El presidente de la C\u00e1mara de Diputados, Sergio Massa, confirm\u00f3 v\u00eda Twitter que este jueves ingresar\u00e1 al Congreso el proyecto de ley que\u2026","rel":"","context":"En \u00abPol\u00edtica\u00bb","block_context":{"text":"Pol\u00edtica","link":"https:\/\/www.24baires.com\/?cat=51"},"img":{"alt_text":"","src":"https:\/\/i0.wp.com\/www.24baires.com\/wp-content\/uploads\/2021\/02\/massa-busca-beneficiar-trabajadores-la-rebaja-del-impuesto-las-ganancias-300x200.jpg?resize=350%2C200","width":350,"height":200},"classes":[]},{"id":54761,"url":"https:\/\/www.24baires.com\/?p=54761","url_meta":{"origin":15977,"position":5},"title":"El intendente de Pinamar dej\u00f3 el vecinalismo","author":"GB","date":"04\/10\/2014","format":false,"excerpt":"Pinamar acaba de sufrir otro fuerte cimbronazo pol\u00edtico. El intendente interino Alberto Elizalde, anunci\u00f3 que dej\u00f3 de formar parte del Movimiento Uni\u00f3n por Pinamar, el sector que lidera el ex alcalde Blas Altieri. Elizalde reemplaz\u00f3 en el cargo a Hern\u00e1n Muriale, tambi\u00e9n vecinalista, luego de que renunciara al cargo hace\u2026","rel":"","context":"En \u00abLocales\u00bb","block_context":{"text":"Locales","link":"https:\/\/www.24baires.com\/?cat=38"},"img":{"alt_text":"Elizalde","src":"https:\/\/i0.wp.com\/www.24baires.com\/wp-content\/uploads\/2014\/10\/Elizalde-277x300.jpg?resize=350%2C200","width":350,"height":200},"classes":[]}],"jetpack_sharing_enabled":true,"jetpack_likes_enabled":true,"_links":{"self":[{"href":"https:\/\/www.24baires.com\/index.php?rest_route=\/wp\/v2\/posts\/15977","targetHints":{"allow":["GET"]}}],"collection":[{"href":"https:\/\/www.24baires.com\/index.php?rest_route=\/wp\/v2\/posts"}],"about":[{"href":"https:\/\/www.24baires.com\/index.php?rest_route=\/wp\/v2\/types\/post"}],"author":[{"embeddable":true,"href":"https:\/\/www.24baires.com\/index.php?rest_route=\/wp\/v2\/users\/4"}],"replies":[{"embeddable":true,"href":"https:\/\/www.24baires.com\/index.php?rest_route=%2Fwp%2Fv2%2Fcomments&post=15977"}],"version-history":[{"count":2,"href":"https:\/\/www.24baires.com\/index.php?rest_route=\/wp\/v2\/posts\/15977\/revisions"}],"predecessor-version":[{"id":15981,"href":"https:\/\/www.24baires.com\/index.php?rest_route=\/wp\/v2\/posts\/15977\/revisions\/15981"}],"wp:attachment":[{"href":"https:\/\/www.24baires.com\/index.php?rest_route=%2Fwp%2Fv2%2Fmedia&parent=15977"}],"wp:term":[{"taxonomy":"category","embeddable":true,"href":"https:\/\/www.24baires.com\/index.php?rest_route=%2Fwp%2Fv2%2Fcategories&post=15977"},{"taxonomy":"post_tag","embeddable":true,"href":"https:\/\/www.24baires.com\/index.php?rest_route=%2Fwp%2Fv2%2Ftags&post=15977"}],"curies":[{"name":"wp","href":"https:\/\/api.w.org\/{rel}","templated":true}]}}