{"id":15969,"date":"2013-02-18T10:00:12","date_gmt":"2013-02-18T13:00:12","guid":{"rendered":"http:\/\/www.24baires.com\/?p=15969"},"modified":"2013-02-18T09:11:47","modified_gmt":"2013-02-18T12:11:47","slug":"a-siete-dias-del-inicio-de-clases-continuan-las-negociaciones-con-docentes","status":"publish","type":"post","link":"https:\/\/www.24baires.com\/?p=15969","title":{"rendered":"A siete d\u00edas del inicio de clases contin\u00faan las negociaciones con docentes"},"content":{"rendered":"<p>El jueves y viernes habr\u00e1 asambleas de SUTEBA y el s\u00e1bado un congreso de CTERA. Roberto Baradel admiti\u00f3 que podr\u00eda haber paros en Naci\u00f3n y Provincia.<!--more--><br \/>\nEl titular de Suteba, Roberto Baradel, reiter\u00f3 la disconformidad del gremio con el 22% de aumento otorgado por el gobierno nacional para el salario y record\u00f3 que el incremento ha sido rechazado de plano.<\/p>\n<p>Aclar\u00f3 que \u201cnosotros est\u00e1bamos dispuestos a encontrar un punto de acuerdo, pero no en niveles tan bajos\u201d. Por otra parte, manifest\u00f3 su esperanza de que el gobierno nacional acepte reabrir la paritaria tal como lo solicitaron los gremios. \u201cVeremos si entre hoy y ma\u00f1ana hay alguna novedad\u201d, expres\u00f3 Baradel.<\/p>\n<p>En tanto, el titular de Suteba manifest\u00f3 que \u201clamentablemente la provincia de Buenos Aires no nos ha convocado y no ha planteado ninguna propuesta\u201d. Subray\u00f3 que \u201cnosotros no somos responsables del d\u00e9ficit estructural que tiene la Provincia\u201d y se quej\u00f3 de que \u201csiempre sean los trabajadores la variable de ajuste\u201d.<\/p>\n<p>Baradel enfatiz\u00f3 que \u201cestamos m\u00e1s que en tiempo de descuento\u201d. Agreg\u00f3 que \u201centre jueves y viernes vamos a convocar asambleas y luego, en un plenario de secretarios generales, vamos a resolver la actitud que llevaremos adelante en la provincia de Buenos Aires. El s\u00e1bado \u2013concluy\u00f3 por Radio Provincia- hay un congreso de CTERA donde vamos a tomar decisiones con respecto a lo nacional\u201d.<\/p>\n<p>&nbsp;<\/p>\n<p>&nbsp;<\/p>\n<p>&nbsp;<\/p>\n<p>&nbsp;<\/p>\n<p>&nbsp;<\/p>\n<p>&nbsp;<\/p>\n<p>&nbsp;<\/p>\n<p>&nbsp;<\/p>\n<p>&nbsp;<\/p>\n<p>&nbsp;<\/p>\n<p>&nbsp;<\/p>\n<p>&nbsp;<\/p>\n<p>&nbsp;<\/p>\n<p>&nbsp;<\/p>\n<p>&nbsp;<\/p>\n<p>&nbsp;<\/p>\n<p>&nbsp;<\/p>\n<p>&nbsp;<\/p>\n<p>&nbsp;<\/p>\n","protected":false},"excerpt":{"rendered":"<p>El jueves y viernes habr\u00e1 asambleas de SUTEBA y el s\u00e1bado un congreso de CTERA. Roberto Baradel admiti\u00f3 que podr\u00eda haber paros en Naci\u00f3n y Provincia.<\/p>\n","protected":false},"author":4,"featured_media":0,"comment_status":"open","ping_status":"open","sticky":false,"template":"","format":"standard","meta":{"_jetpack_newsletter_access":"","_jetpack_dont_email_post_to_subs":false,"_jetpack_newsletter_tier_id":0,"_jetpack_memberships_contains_paywalled_content":false,"_jetpack_memberships_contains_paid_content":false,"footnotes":""},"categories":[1],"tags":[],"class_list":["post-15969","post","type-post","status-publish","format-standard","hentry","category-sociedad"],"jetpack_featured_media_url":"","jetpack_shortlink":"https:\/\/wp.me\/p2JWE0-49z","jetpack-related-posts":[{"id":103018,"url":"https:\/\/www.24baires.com\/?p=103018","url_meta":{"origin":15969,"position":0},"title":"Docentes denunciar\u00e1n al Gobierno por \u00abpersecuci\u00f3n\u00bb contra directivos por los paros","author":"GB","date":"27\/06\/2018","format":false,"excerpt":"Docentes bonaerenses anunciaron que denunciar\u00e1n al Gobierno provincial por \"persecuci\u00f3n\" y \"medidas de disciplinamiento\" contra los directivos de las escuelas que se adhirieron a los paros. Seg\u00fan confirmaron a DIB desde Suteba, el gremio que conduce Roberto Baradel prepara una denuncia en ese sentido, que ser\u00e1 presentada en el transcurso\u2026","rel":"","context":"En \u00abProvincia\u00bb","block_context":{"text":"Provincia","link":"https:\/\/www.24baires.com\/?cat=40"},"img":{"alt_text":"","src":"https:\/\/i0.wp.com\/www.24baires.com\/wp-content\/uploads\/2018\/06\/gob-provincial-300x200.jpg?resize=350%2C200","width":350,"height":200},"classes":[]},{"id":100343,"url":"https:\/\/www.24baires.com\/?p=100343","url_meta":{"origin":15969,"position":1},"title":"Baradel: \u00abNo vamos a aceptar de ninguna manera un techo salarial\u00bb","author":"GB","date":"03\/02\/2018","format":false,"excerpt":"El titular de Suteba le reclam\u00f3 a Vidal que convoque a paritarias \"libres y sin techo\" y la acus\u00f3 de \"dilatar los plazos\". El titular del Sindicato Unificado de Trabajadores de la Educaci\u00f3n (Suteba), Roberto Baradel, advirti\u00f3 que los gremios docentes no aceptar\u00e1n el techo salarial de 15 por ciento\u2026","rel":"","context":"En \u00abPol\u00edtica\u00bb","block_context":{"text":"Pol\u00edtica","link":"https:\/\/www.24baires.com\/?cat=51"},"img":{"alt_text":"","src":"https:\/\/i0.wp.com\/www.24baires.com\/wp-content\/uploads\/2014\/03\/Baradel.jpg?resize=350%2C200","width":350,"height":200},"classes":[]},{"id":107586,"url":"https:\/\/www.24baires.com\/?p=107586","url_meta":{"origin":15969,"position":2},"title":"Suteba aceptar\u00e1 el acuerdo si anulan los sumarios y devuelven los descuentos","author":"GB","date":"09\/04\/2019","format":false,"excerpt":"As\u00ed lo asegur\u00f3 el secretario general, Roberto Baradel ante la \u00faltima oferta de la Provincia en la que propuso un aumento trimestral en base al \u00edndice de la inflaci\u00f3n m\u00e1s un 15,6% ea pagar entres cuotas. El secretario general del Sindicato \u00danico de Trabajadores de la Educaci\u00f3n (Suteba), Roberto Baradel,\u2026","rel":"","context":"En \u00abProvincia\u00bb","block_context":{"text":"Provincia","link":"https:\/\/www.24baires.com\/?cat=40"},"img":{"alt_text":"","src":"https:\/\/i0.wp.com\/www.24baires.com\/wp-content\/uploads\/2018\/09\/baradel.jpg?resize=350%2C200","width":350,"height":200,"srcset":"https:\/\/i0.wp.com\/www.24baires.com\/wp-content\/uploads\/2018\/09\/baradel.jpg?resize=350%2C200 1x, https:\/\/i0.wp.com\/www.24baires.com\/wp-content\/uploads\/2018\/09\/baradel.jpg?resize=525%2C300 1.5x"},"classes":[]},{"id":42999,"url":"https:\/\/www.24baires.com\/?p=42999","url_meta":{"origin":15969,"position":3},"title":"Termin\u00f3 el conflicto docente: el lunes empiezan las clases","author":"Grupo Sierra","date":"29\/03\/2014","format":false,"excerpt":"Los gremios Suteba y FEB comunicaron este mediod\u00eda en conferencia de prensa que aceptaron la propuesta del gobierno de Daniel Scioli. \"El 92 por ciento de las asambleas realizadas aprobaron la propuesta\" salarial, sostuvo el gremialista Roberto Baradel Roberto Baradel, titular del sindicato docente bonaerense Suteba, confirm\u00f3 que el lunes\u2026","rel":"","context":"En \u00abPol\u00edtica\u00bb","block_context":{"text":"Pol\u00edtica","link":"https:\/\/www.24baires.com\/?cat=51"},"img":{"alt_text":"baradel denuncia inspectores","src":"https:\/\/i0.wp.com\/www.24baires.com\/wp-content\/uploads\/2013\/05\/baradel-denuncia-inspectores.jpg?resize=350%2C200","width":350,"height":200,"srcset":"https:\/\/i0.wp.com\/www.24baires.com\/wp-content\/uploads\/2013\/05\/baradel-denuncia-inspectores.jpg?resize=350%2C200 1x, https:\/\/i0.wp.com\/www.24baires.com\/wp-content\/uploads\/2013\/05\/baradel-denuncia-inspectores.jpg?resize=525%2C300 1.5x"},"classes":[]},{"id":103024,"url":"https:\/\/www.24baires.com\/?p=103024","url_meta":{"origin":15969,"position":4},"title":"Docentes de todo el pa\u00eds paran el pr\u00f3ximo martes","author":"GB","date":"27\/06\/2018","format":false,"excerpt":"Bajo la consigna \u201cla represi\u00f3n es nuestro l\u00edmite\u201d, la CTERA lanz\u00f3 un paro nacional con movilizaci\u00f3n para el 3 de julio. Por ahora adhiere SUTEBA, que adelant\u00f3 que estudia un paro provincial antes del receso de invierno. Los docentes de todo el pa\u00eds parar\u00e1n el pr\u00f3ximo martes, 3 de julio,\u2026","rel":"","context":"En \u00abPol\u00edtica\u00bb","block_context":{"text":"Pol\u00edtica","link":"https:\/\/www.24baires.com\/?cat=51"},"img":{"alt_text":"","src":"https:\/\/i0.wp.com\/www.24baires.com\/wp-content\/uploads\/2016\/03\/ctera-paro.jpg?resize=350%2C200","width":350,"height":200,"srcset":"https:\/\/i0.wp.com\/www.24baires.com\/wp-content\/uploads\/2016\/03\/ctera-paro.jpg?resize=350%2C200 1x, https:\/\/i0.wp.com\/www.24baires.com\/wp-content\/uploads\/2016\/03\/ctera-paro.jpg?resize=525%2C300 1.5x"},"classes":[]},{"id":100081,"url":"https:\/\/www.24baires.com\/?p=100081","url_meta":{"origin":15969,"position":5},"title":"Seg\u00fan Baradel el 15% de aumento que ofrece el gobierno es \u201cuna rebaja de salario\u201d","author":"GB","date":"22\/01\/2018","format":false,"excerpt":"El secretario general de SUTEBA carg\u00f3 contra el Ministerio de Educaci\u00f3n por no convocar a los gremios para debatir en paritarias durante diciembre. El secretario general de SUTEBA, Roberto Baradel, habl\u00f3 sobre la cuesti\u00f3n salarial para el sector y adelant\u00f3 cr\u00edticas hacia el ofrecimiento del gobierno. Adem\u00e1s carg\u00f3 contra el\u2026","rel":"","context":"En \u00abProvincia\u00bb","block_context":{"text":"Provincia","link":"https:\/\/www.24baires.com\/?cat=40"},"img":{"alt_text":"","src":"https:\/\/i0.wp.com\/www.24baires.com\/wp-content\/uploads\/2017\/07\/baradel.jpg?resize=350%2C200","width":350,"height":200,"srcset":"https:\/\/i0.wp.com\/www.24baires.com\/wp-content\/uploads\/2017\/07\/baradel.jpg?resize=350%2C200 1x, https:\/\/i0.wp.com\/www.24baires.com\/wp-content\/uploads\/2017\/07\/baradel.jpg?resize=525%2C300 1.5x"},"classes":[]}],"jetpack_sharing_enabled":true,"jetpack_likes_enabled":true,"_links":{"self":[{"href":"https:\/\/www.24baires.com\/index.php?rest_route=\/wp\/v2\/posts\/15969","targetHints":{"allow":["GET"]}}],"collection":[{"href":"https:\/\/www.24baires.com\/index.php?rest_route=\/wp\/v2\/posts"}],"about":[{"href":"https:\/\/www.24baires.com\/index.php?rest_route=\/wp\/v2\/types\/post"}],"author":[{"embeddable":true,"href":"https:\/\/www.24baires.com\/index.php?rest_route=\/wp\/v2\/users\/4"}],"replies":[{"embeddable":true,"href":"https:\/\/www.24baires.com\/index.php?rest_route=%2Fwp%2Fv2%2Fcomments&post=15969"}],"version-history":[{"count":2,"href":"https:\/\/www.24baires.com\/index.php?rest_route=\/wp\/v2\/posts\/15969\/revisions"}],"predecessor-version":[{"id":15973,"href":"https:\/\/www.24baires.com\/index.php?rest_route=\/wp\/v2\/posts\/15969\/revisions\/15973"}],"wp:attachment":[{"href":"https:\/\/www.24baires.com\/index.php?rest_route=%2Fwp%2Fv2%2Fmedia&parent=15969"}],"wp:term":[{"taxonomy":"category","embeddable":true,"href":"https:\/\/www.24baires.com\/index.php?rest_route=%2Fwp%2Fv2%2Fcategories&post=15969"},{"taxonomy":"post_tag","embeddable":true,"href":"https:\/\/www.24baires.com\/index.php?rest_route=%2Fwp%2Fv2%2Ftags&post=15969"}],"curies":[{"name":"wp","href":"https:\/\/api.w.org\/{rel}","templated":true}]}}