{"id":15966,"date":"2013-02-17T23:57:17","date_gmt":"2013-02-18T02:57:17","guid":{"rendered":"http:\/\/www.24baires.com\/?p=15966"},"modified":"2013-02-17T23:57:17","modified_gmt":"2013-02-18T02:57:17","slug":"otra-burda-operacion-del-diario-la-nacion","status":"publish","type":"post","link":"https:\/\/www.24baires.com\/?p=15966","title":{"rendered":"\u00abOtra burda operaci\u00f3n del diario La Naci\u00f3n\u00bb"},"content":{"rendered":"<p>El ministro de Planificaci\u00f3n Federal, Julio De Vido, afirm\u00f3 que<strong> \u00abno existe ning\u00fan acuerdo para fabricar misiles con Venezuela y mucho menos con Ir\u00e1n\u00bb<\/strong> y consider\u00f3 que se trata de \u00abotra burda operaci\u00f3n del diario La Naci\u00f3n\u00bb.<!--more--><\/p>\n<p>El funcionario sali\u00f3 as\u00ed al cruce de una nota publicada hoy en ese matutino, titulada \u00abEl proyecto de un misil liga a la Argentina con Ir\u00e1n\u00bb, en la que se hace referencia a un supuesto acuerdo con una empresa venezolana.<\/p>\n<p>\u00abEs completamente descabellado y perverso pensar que en realidad nuestro pa\u00eds firm\u00f3 un acuerdo con Ir\u00e1n para avanzar en el esclarecimiento del brutal atentado a la AMIA porque habr\u00eda oculto un proyecto de misiles a trav\u00e9s de Venezuela\u00bb, sostuvo el ministro.<\/p>\n<p>Ampli\u00f3 que \u00abla nota est\u00e1 plagada de errores y omisiones intencionales y ni siquiera se ocuparon de consultar a las \u00e1reas involucradas, lo que da la pauta de que las conclusiones ya estaban redactadas antes de realizar esta pseudo investigaci\u00f3n, por llamarla de alg\u00fan modo\u00bb.<\/p>\n<p>Asimismo, el ministro destac\u00f3 que \u00absomos un pa\u00eds soberano que no pide permiso para ejercer su derecho de desarrollar la tecnolog\u00eda que considere conveniente, siempre en el marco de las normas y reg\u00edmenes internacionales, en los que la Argentina participa activamente, y de los acuerdos que firmamos, no lo que nos imponen\u00bb, se\u00f1al\u00f3 De Vido.<\/p>\n<p>Y consider\u00f3 que \u00abfue vergonzosa la desactivaci\u00f3n del C\u00f3ndor II por la presi\u00f3n de las principales potencias, porque se desecharon capacidades cient\u00edficas y humanas acumuladas durante a\u00f1os, en lo que constituy\u00f3 un cap\u00edtulo m\u00e1s de la entrega de la pa\u00eds durante el neoliberalismo\u00bb.<\/p>\n<p>En tal sentido, De Vido afirm\u00f3 que \u00abes una muestra m\u00e1s de colonialismo oxidado pensar que somos buenos alumnos cuando hacemos lo que quieren los pa\u00edses m\u00e1s poderosos, mientras que nos convertimos en lo peor cuando actuamos de acuerdo a nuestros propios intereses, se ve que La Naci\u00f3n entiende la soberan\u00eda como subordinaci\u00f3n\u00bb, reflexion\u00f3 el ministro.<\/p>\n<p>Asimismo, se\u00f1al\u00f3 que \u00abparece una incongruencia que desde las mismas p\u00e1ginas en las que se nos cuestiona porque seg\u00fan ellos no somos capaces de gestionar la energ\u00eda o construir obras de infraestructura, est\u00e9n ahora preocupados de que podamos fabricar un misil\u00bb.<\/p>\n<p>El ministro record\u00f3 que \u00ablos acuerdos entre Fabricaciones Militares (FFMM) y la Rep\u00fablica Bolivariana de Venezuela est\u00e1n en el marco de la cooperaci\u00f3n y complementaci\u00f3n entre los dos pa\u00edses y se vinculan a la construcci\u00f3n de una planta de tratamiento y recuperaci\u00f3n de proyectiles vencidos y otra de nitrato de amonio, que es un fertilizante e insumo de la industria minera\u00bb por lo que \u00abno la construcci\u00f3n de misiles no forma parte de esa agenda\u00bb.<\/p>\n<p>De Vido tambi\u00e9n explic\u00f3 que la planta de Falda del Carmen, donde supuestamente se estar\u00eda desarrollando el proyecto, fue \u00abreconvertida hace muchos a\u00f1os y hoy se utiliza como estaci\u00f3n de terrena de sat\u00e9lites, existe un instituto de formaci\u00f3n y se fabrican partes del lanzador Tronador II, que es un lanzador desarrollado \u00edntegramente en nuestro pa\u00eds para poner sat\u00e9lites en \u00f3rbita y estar\u00e1 en condiciones ser funcionar en 2015, mientras que a fin de a\u00f1o se har\u00e1 una prueba de los sistemas de control\u00bb.<\/p>\n<p>&nbsp;<\/p>\n<p>&nbsp;<\/p>\n<p>&nbsp;<\/p>\n<p>&nbsp;<\/p>\n<p>&nbsp;<\/p>\n<p>&nbsp;<\/p>\n<p>&nbsp;<\/p>\n<p>&nbsp;<\/p>\n<p>&nbsp;<\/p>\n<p>&nbsp;<\/p>\n<p>&nbsp;<\/p>\n<p>&nbsp;<\/p>\n<p>&nbsp;<\/p>\n<p>&nbsp;<\/p>\n<p>&nbsp;<\/p>\n<p>&nbsp;<\/p>\n","protected":false},"excerpt":{"rendered":"<p>El ministro de Planificaci\u00f3n Federal, Julio De Vido, afirm\u00f3 que \u00abno existe ning\u00fan acuerdo para fabricar misiles con Venezuela y mucho menos con Ir\u00e1n\u00bb y consider\u00f3 que se trata de \u00abotra burda operaci\u00f3n del diario La Naci\u00f3n\u00bb.<\/p>\n","protected":false},"author":11,"featured_media":0,"comment_status":"open","ping_status":"open","sticky":false,"template":"","format":"standard","meta":{"_jetpack_newsletter_access":"","_jetpack_dont_email_post_to_subs":false,"_jetpack_newsletter_tier_id":0,"_jetpack_memberships_contains_paywalled_content":false,"_jetpack_memberships_contains_paid_content":false,"footnotes":""},"categories":[54],"tags":[],"class_list":["post-15966","post","type-post","status-publish","format-standard","hentry","category-medios"],"jetpack_featured_media_url":"","jetpack_shortlink":"https:\/\/wp.me\/p2JWE0-49w","jetpack-related-posts":[{"id":119587,"url":"https:\/\/www.24baires.com\/?p=119587","url_meta":{"origin":15966,"position":0},"title":"Sergio Massa incorpora combustibles al Precios Justos","author":"GB","date":"28\/11\/2022","format":false,"excerpt":"Las naftas no podr\u00e1n subir m\u00e1s del 4% durante el pr\u00f3ximo cuatrimestre. Hoy habr\u00e1 una reuni\u00f3n clave para oficializar el acuerdo. El ministro de Econom\u00eda de la Naci\u00f3n, Sergio Massa, acord\u00f3 con empresas petroleras el ingreso de los combustibles al programa Precios Justos. El anuncio formal se realizar\u00e1 este lunes,\u2026","rel":"","context":"En \u00abEconom\u00eda\u00bb","block_context":{"text":"Econom\u00eda","link":"https:\/\/www.24baires.com\/?cat=45"},"img":{"alt_text":"","src":"https:\/\/i0.wp.com\/www.24baires.com\/wp-content\/uploads\/2022\/11\/sergio-massa-precios-justosjpg.jpg?resize=350%2C200","width":350,"height":200,"srcset":"https:\/\/i0.wp.com\/www.24baires.com\/wp-content\/uploads\/2022\/11\/sergio-massa-precios-justosjpg.jpg?resize=350%2C200 1x, https:\/\/i0.wp.com\/www.24baires.com\/wp-content\/uploads\/2022\/11\/sergio-massa-precios-justosjpg.jpg?resize=525%2C300 1.5x, https:\/\/i0.wp.com\/www.24baires.com\/wp-content\/uploads\/2022\/11\/sergio-massa-precios-justosjpg.jpg?resize=700%2C400 2x"},"classes":[]},{"id":120202,"url":"https:\/\/www.24baires.com\/?p=120202","url_meta":{"origin":15966,"position":1},"title":"El Gobierno anunci\u00f3 que ir\u00e1n ante la Corte Suprema contra la reforma en Jujuy","author":"GB","date":"21\/06\/2023","format":false,"excerpt":"La ministra de Trabajo confirm\u00f3 que ir\u00e1n ante la Corte con una presentaci\u00f3n por la \"inconstitucionalidad\" de la reforma de Gerardo Morales en Jujuy. partir de las escenas de represi\u00f3n en la provincia de Jujuy y la grieta que se ensanch\u00f3 entre el Gobierno y la oposici\u00f3n, desde el Poder\u2026","rel":"","context":"En \u00abPol\u00edtica\u00bb","block_context":{"text":"Pol\u00edtica","link":"https:\/\/www.24baires.com\/?cat=51"},"img":{"alt_text":"","src":"https:\/\/i0.wp.com\/www.24baires.com\/wp-content\/uploads\/2023\/06\/jujuy1jpg.jpg?resize=350%2C200","width":350,"height":200,"srcset":"https:\/\/i0.wp.com\/www.24baires.com\/wp-content\/uploads\/2023\/06\/jujuy1jpg.jpg?resize=350%2C200 1x, https:\/\/i0.wp.com\/www.24baires.com\/wp-content\/uploads\/2023\/06\/jujuy1jpg.jpg?resize=525%2C300 1.5x, https:\/\/i0.wp.com\/www.24baires.com\/wp-content\/uploads\/2023\/06\/jujuy1jpg.jpg?resize=700%2C400 2x"},"classes":[]},{"id":35716,"url":"https:\/\/www.24baires.com\/?p=35716","url_meta":{"origin":15966,"position":2},"title":"Capitanich mostr\u00f3 su apoyo al acuerdo firmado por Ir\u00e1n sobre armas nucleares","author":"AF","date":"25\/11\/2013","format":false,"excerpt":"El jefe de Gabinete destac\u00f3 el acuerdo firmado entre Ir\u00e1n y los pa\u00edses centrales respecto del programa de desarrollo nuclear, \"algo importante en virtud del rol argentino sobre la no proliferaci\u00f3n nuclear\". \"El acuerdo firmado entre Ir\u00e1n y los pa\u00edses centrales (Estados Unidos, Rusia, Gran Breta\u00f1a, Francia, Alemania y China)\u2026","rel":"","context":"En \u00abPol\u00edtica\u00bb","block_context":{"text":"Pol\u00edtica","link":"https:\/\/www.24baires.com\/?cat=51"},"img":{"alt_text":"","src":"","width":0,"height":0},"classes":[]},{"id":101602,"url":"https:\/\/www.24baires.com\/?p=101602","url_meta":{"origin":15966,"position":3},"title":"El Consejo de Seguridad de la ONU se reuni\u00f3 de urgencia tras el bombardeo a Siria","author":"AF","date":"14\/04\/2018","format":false,"excerpt":"A pedido de Rusia, el m\u00e1ximo \u00f3rgano de Seguridad de las Naciones Unidas se conovoc\u00f3 para examinar la situaci\u00f3n del pa\u00eds \u00e1rabe tras los bombardeos de esta madrugada. El Consejo de Seguridad de la ONU se reuni\u00f3 para examinar la situaci\u00f3n configurada tras el ataque de EEUU y sus aliados\u2026","rel":"","context":"En \u00abSociedad\u00bb","block_context":{"text":"Sociedad","link":"https:\/\/www.24baires.com\/?cat=1"},"img":{"alt_text":"","src":"https:\/\/i0.wp.com\/www.24baires.com\/wp-content\/uploads\/2018\/04\/onu.jpg?resize=350%2C200","width":350,"height":200,"srcset":"https:\/\/i0.wp.com\/www.24baires.com\/wp-content\/uploads\/2018\/04\/onu.jpg?resize=350%2C200 1x, https:\/\/i0.wp.com\/www.24baires.com\/wp-content\/uploads\/2018\/04\/onu.jpg?resize=525%2C300 1.5x"},"classes":[]},{"id":106282,"url":"https:\/\/www.24baires.com\/?p=106282","url_meta":{"origin":15966,"position":4},"title":"Argentina se posicion\u00f3 entre los pa\u00edses m\u00e1s recesivos del mundo","author":"AF","date":"09\/01\/2019","format":false,"excerpt":"El Banco Mundial ubic\u00f3 a la econom\u00eda nacional como una de las m\u00e1s recesivas del planeta con una baja del PIB del 2,8 por ciento el \u00faltimo a\u00f1o. Venezuela, Guinea Ecuatorial y Nicaragua ocupan los peores puestos. Para este a\u00f1o, anticipa otra baja del 1,7. El Banco Mundial estima que\u2026","rel":"","context":"En \u00abEconom\u00eda\u00bb","block_context":{"text":"Econom\u00eda","link":"https:\/\/www.24baires.com\/?cat=45"},"img":{"alt_text":"","src":"https:\/\/i0.wp.com\/www.24baires.com\/wp-content\/uploads\/2017\/06\/pobreza.jpg?resize=350%2C200","width":350,"height":200,"srcset":"https:\/\/i0.wp.com\/www.24baires.com\/wp-content\/uploads\/2017\/06\/pobreza.jpg?resize=350%2C200 1x, https:\/\/i0.wp.com\/www.24baires.com\/wp-content\/uploads\/2017\/06\/pobreza.jpg?resize=525%2C300 1.5x"},"classes":[]},{"id":76277,"url":"https:\/\/www.24baires.com\/?p=76277","url_meta":{"origin":15966,"position":5},"title":"El nuevo gobierno buscar\u00e1 dejar sin efecto el Memor\u00e1ndum con Ir\u00e1n","author":"GB","date":"11\/12\/2015","format":false,"excerpt":"El lunes pr\u00f3ximo el flamante ministro de Justicia, Germ\u00e1n Garavano, presentar\u00e1 un escrito para dar de baja el acuerdo de entendimiento. Desistir\u00e1 de la apelaci\u00f3n que hab\u00eda presentado el Estado para revertir el fallo que lo hab\u00eda declarado inconstitucional. El recientemente designado ministro de Justicia, Germ\u00e1n Garavano, presentar\u00e1 la pr\u00f3xima\u2026","rel":"","context":"En \u00abPol\u00edtica\u00bb","block_context":{"text":"Pol\u00edtica","link":"https:\/\/www.24baires.com\/?cat=51"},"img":{"alt_text":"","src":"","width":0,"height":0},"classes":[]}],"jetpack_sharing_enabled":true,"jetpack_likes_enabled":true,"_links":{"self":[{"href":"https:\/\/www.24baires.com\/index.php?rest_route=\/wp\/v2\/posts\/15966","targetHints":{"allow":["GET"]}}],"collection":[{"href":"https:\/\/www.24baires.com\/index.php?rest_route=\/wp\/v2\/posts"}],"about":[{"href":"https:\/\/www.24baires.com\/index.php?rest_route=\/wp\/v2\/types\/post"}],"author":[{"embeddable":true,"href":"https:\/\/www.24baires.com\/index.php?rest_route=\/wp\/v2\/users\/11"}],"replies":[{"embeddable":true,"href":"https:\/\/www.24baires.com\/index.php?rest_route=%2Fwp%2Fv2%2Fcomments&post=15966"}],"version-history":[{"count":2,"href":"https:\/\/www.24baires.com\/index.php?rest_route=\/wp\/v2\/posts\/15966\/revisions"}],"predecessor-version":[{"id":15968,"href":"https:\/\/www.24baires.com\/index.php?rest_route=\/wp\/v2\/posts\/15966\/revisions\/15968"}],"wp:attachment":[{"href":"https:\/\/www.24baires.com\/index.php?rest_route=%2Fwp%2Fv2%2Fmedia&parent=15966"}],"wp:term":[{"taxonomy":"category","embeddable":true,"href":"https:\/\/www.24baires.com\/index.php?rest_route=%2Fwp%2Fv2%2Fcategories&post=15966"},{"taxonomy":"post_tag","embeddable":true,"href":"https:\/\/www.24baires.com\/index.php?rest_route=%2Fwp%2Fv2%2Ftags&post=15966"}],"curies":[{"name":"wp","href":"https:\/\/api.w.org\/{rel}","templated":true}]}}