{"id":15951,"date":"2013-02-17T21:36:04","date_gmt":"2013-02-18T00:36:04","guid":{"rendered":"http:\/\/www.24baires.com\/?p=15951"},"modified":"2013-02-17T21:36:04","modified_gmt":"2013-02-18T00:36:04","slug":"fallecio-la-madre-de-nestor-kirchner","status":"publish","type":"post","link":"https:\/\/www.24baires.com\/?p=15951","title":{"rendered":"Falleci\u00f3 la madre de N\u00e9stor Kirchner"},"content":{"rendered":"<p><img data-recalc-dims=\"1\" loading=\"lazy\" decoding=\"async\" class=\"alignleft size-full wp-image-15952\" alt=\"ostoic maria\" src=\"https:\/\/i0.wp.com\/www.24baires.com\/wp-content\/uploads\/2013\/02\/ostoic-maria.jpg?resize=300%2C200\" width=\"300\" height=\"200\" \/>La madre del expresidente N\u00e9stor Kirchner y suegra de Cristina Fern\u00e1ndez, Mar\u00eda Ostoic, falleci\u00f3 este domingo, a los 92 a\u00f1os, en una cl\u00ednica porte\u00f1a.\u00a0Tras la muerte de su hijo, en 2010, la suegra de la mandataria Cristina Kirchner hab\u00eda quedado al cuidado de la ministra de Desarrollo Social, Alicia Kirchner, con quien viv\u00eda en un departamento de la zona de Barrio Norte.<!--more--><\/p>\n<p>&nbsp;<\/p>\n<p>Debido a su avanzada edad, la mujer hab\u00eda dejado hace un tiempo R\u00edo Gallegos, la ciudad donde vivi\u00f3 durante gran parte de su vida y donde form\u00f3 su familia.<\/p>\n<p>Ostoic hab\u00eda sido internada en la cl\u00ednica Bazterrica con un cuadro de deshidrataci\u00f3n en noviembre pasado, aunque desde aquel momento su salud comenz\u00f3 a deteriorarse.<\/p>\n<p>Seg\u00fan trascendi\u00f3, su cuadro empeor\u00f3 este domingo por la tarde y debi\u00f3 ser trasladada de urgencia a ese centro de salud, donde finalmente falleci\u00f3.<\/p>\n<p>Ostoic ser\u00e1 velada este lunes en la capital de Santa Cruz y sus restos ser\u00e1n depositados en la b\u00f3veda familiar de los Kirchner, donde se encuentran el exmandatario y su padre.<\/p>\n<p>La Presidente, por su parte, viajar\u00e1 a R\u00edo Gallegos para participar del sepelio, junto a Alicia Kirchner, familiares y amigos \u00edntimos.<\/p>\n<p>La suegra de la jefa de Estado vivi\u00f3 en Chile hasta 1945, cuando conoci\u00f3 a Carlos Kirchner, con quien se cas\u00f3 y tuvo tres hijos, Alicia, N\u00e9stor y Mar\u00eda Cristina.<\/p>\n<p>La noticia de la muerte de la madre del ex presidente argentino adquiri\u00f3 fuerte repercusi\u00f3n en las redes sociales, donde algunos dirigentes tambi\u00e9n dieron su p\u00e9same a la mandataria nacional y su familia.<\/p>\n<p>Incluso, algunos dirigentes y militantes kirchneristas se acercaron hasta la cl\u00ednica porte\u00f1a para solidarizarse con la familia de la Presidenta.<\/p>\n<p>\u00abUn gran abrazo a Cristina y Alicia Kirchner y toda la familia. Los acompa\u00f1amos desde la provincia de Santa Fe en este momento dif\u00edcil\u00bb, salud\u00f3 el titular del bloque de diputados oficialistas, Agust\u00edn Rossi, uno de los primeros en enviar sus condolencias.<\/p>\n<p>&nbsp;<\/p>\n<p>&nbsp;<\/p>\n<p>&nbsp;<\/p>\n<p>&nbsp;<\/p>\n<p>&nbsp;<\/p>\n<p>&nbsp;<\/p>\n<p>&nbsp;<\/p>\n<p>&nbsp;<\/p>\n","protected":false},"excerpt":{"rendered":"<p>La madre del expresidente N\u00e9stor Kirchner y suegra de Cristina Fern\u00e1ndez, Mar\u00eda Ostoic, falleci\u00f3 este domingo, a los 92 a\u00f1os, en una cl\u00ednica porte\u00f1a.\u00a0Tras la muerte de su hijo, en 2010, la suegra de la mandataria Cristina Kirchner hab\u00eda quedado al cuidado de la ministra de Desarrollo Social, Alicia Kirchner, con quien viv\u00eda en un departamento de la zona de [&#8230;]<\/p>\n","protected":false},"author":11,"featured_media":0,"comment_status":"open","ping_status":"open","sticky":false,"template":"","format":"standard","meta":{"_jetpack_newsletter_access":"","_jetpack_dont_email_post_to_subs":false,"_jetpack_newsletter_tier_id":0,"_jetpack_memberships_contains_paywalled_content":false,"_jetpack_memberships_contains_paid_content":false,"footnotes":""},"categories":[1],"tags":[],"class_list":["post-15951","post","type-post","status-publish","format-standard","hentry","category-sociedad"],"jetpack_featured_media_url":"","jetpack_shortlink":"https:\/\/wp.me\/p2JWE0-49h","jetpack-related-posts":[{"id":112765,"url":"https:\/\/www.24baires.com\/?p=112765","url_meta":{"origin":15951,"position":0},"title":"La Justicia revoc\u00f3 dos procesamientos de Cristina Kirchner vinculadas a los cuadernos","author":"AF","date":"29\/10\/2019","format":false,"excerpt":"Se trata de las causas en la que la vicepresidente electa est\u00e1 investigada por supuestas coimas en los corredores viales, y por el gas licuado. La C\u00e1mara Federal revoc\u00f3 este martes el procesamiento de la vicepresidenta electa Cristina Kirchner en dos causas vinculadas a las de los cuadernos: una la\u2026","rel":"","context":"En \u00abJUDICIALES\u00bb","block_context":{"text":"JUDICIALES","link":"https:\/\/www.24baires.com\/?cat=68"},"img":{"alt_text":"","src":"https:\/\/i0.wp.com\/www.24baires.com\/wp-content\/uploads\/2019\/08\/cristina-bancaria.jpg?resize=350%2C200","width":350,"height":200,"srcset":"https:\/\/i0.wp.com\/www.24baires.com\/wp-content\/uploads\/2019\/08\/cristina-bancaria.jpg?resize=350%2C200 1x, https:\/\/i0.wp.com\/www.24baires.com\/wp-content\/uploads\/2019\/08\/cristina-bancaria.jpg?resize=525%2C300 1.5x"},"classes":[]},{"id":104150,"url":"https:\/\/www.24baires.com\/?p=104150","url_meta":{"origin":15951,"position":1},"title":"Bonadio orden\u00f3 devolverle los bastones presidenciales a Cristina","author":"AF","date":"28\/08\/2018","format":false,"excerpt":"Se secuestraron dentro de un centenar de objetos, en el Calafate. Ahora, el magistrado determin\u00f3 que regresen a manos de la ex Presidenta porque \"no es de utilidad para la causa\", seg\u00fan fuentes de Comodoro Py. Despu\u00e9s del allanamiento y secuestro de bastones presidenciales realizado por el juez federal Claudio\u2026","rel":"","context":"En \u00abJUDICIALES\u00bb","block_context":{"text":"JUDICIALES","link":"https:\/\/www.24baires.com\/?cat=68"},"img":{"alt_text":"","src":"https:\/\/i0.wp.com\/www.24baires.com\/wp-content\/uploads\/2018\/08\/afip-calafate.jpg?resize=350%2C200","width":350,"height":200,"srcset":"https:\/\/i0.wp.com\/www.24baires.com\/wp-content\/uploads\/2018\/08\/afip-calafate.jpg?resize=350%2C200 1x, https:\/\/i0.wp.com\/www.24baires.com\/wp-content\/uploads\/2018\/08\/afip-calafate.jpg?resize=525%2C300 1.5x"},"classes":[]},{"id":112689,"url":"https:\/\/www.24baires.com\/?p=112689","url_meta":{"origin":15951,"position":2},"title":"Vot\u00f3 Alberto y record\u00f3 a N\u00e9stor: \u201cestoy seguro que me est\u00e1 ayudando\u00bb","author":"GB","date":"27\/10\/2019","format":false,"excerpt":"El candidato a presidente del Frente de Todos emitir\u00e1 su voto en la mesa 68 de la Universidad Cat\u00f3lica Argentina (UCA), en Puerto Madero. En la previa, record\u00f3 a N\u00e9stor Kirchner al cumplirse nueve a\u00f1os de su fallecimiento. El candidato a presidente del Frente de Todos, Alberto Fern\u00e1ndez, emiti\u00f3 su\u2026","rel":"","context":"En \u00abELECCIONES 2019\u00bb","block_context":{"text":"ELECCIONES 2019","link":"https:\/\/www.24baires.com\/?cat=329"},"img":{"alt_text":"","src":"https:\/\/i0.wp.com\/www.24baires.com\/wp-content\/uploads\/2019\/10\/alberto.jpg?resize=350%2C200","width":350,"height":200,"srcset":"https:\/\/i0.wp.com\/www.24baires.com\/wp-content\/uploads\/2019\/10\/alberto.jpg?resize=350%2C200 1x, https:\/\/i0.wp.com\/www.24baires.com\/wp-content\/uploads\/2019\/10\/alberto.jpg?resize=525%2C300 1.5x"},"classes":[]},{"id":108392,"url":"https:\/\/www.24baires.com\/?p=108392","url_meta":{"origin":15951,"position":3},"title":"Alberto y Cristina Fern\u00e1ndez presentaron su candidatura en Merlo","author":"AF","date":"26\/05\/2019","format":false,"excerpt":"El precandidato a presidente se present\u00f3 con su candidata a vice, la ex mandataria Cristina Kirchner: \"Yo estuve en el laberinto de la crisis y se c\u00f3mo salir\", enfatiz\u00f3 Alberto. Alberto Fern\u00e1ndez present\u00f3 su f\u00f3rmula junto a Cristina Kirchner de cara a las elecciones presidenciales de octubre en la que\u2026","rel":"","context":"En \u00abPol\u00edtica\u00bb","block_context":{"text":"Pol\u00edtica","link":"https:\/\/www.24baires.com\/?cat=51"},"img":{"alt_text":"","src":"https:\/\/i0.wp.com\/www.24baires.com\/wp-content\/uploads\/2019\/05\/alberto-cristina-fernandez-merlo.jpg?resize=350%2C200","width":350,"height":200,"srcset":"https:\/\/i0.wp.com\/www.24baires.com\/wp-content\/uploads\/2019\/05\/alberto-cristina-fernandez-merlo.jpg?resize=350%2C200 1x, https:\/\/i0.wp.com\/www.24baires.com\/wp-content\/uploads\/2019\/05\/alberto-cristina-fernandez-merlo.jpg?resize=525%2C300 1.5x"},"classes":[]},{"id":120266,"url":"https:\/\/www.24baires.com\/?p=120266","url_meta":{"origin":15951,"position":4},"title":"El Gasoducto N\u00e9stor Kirchner es la mayor obra energ\u00e9tica en 30 a\u00f1os","author":"GB","date":"10\/07\/2023","format":false,"excerpt":"Con la esperada foto de unidad, Cristina, Massa, Alberto y Rossi inauguraron la obra energ\u00e9tica m\u00e1s imponente e importante de las \u00faltimas d\u00e9cadas: el gasoducto presidente N\u00e9stor Kirchner. El presidente Alberto Fern\u00e1ndez, la vicepresidenta Cristina Fern\u00e1ndez de Kirchner y el ministro de Econom\u00eda y precandidato presidencial de Uni\u00f3n por la\u2026","rel":"","context":"En \u00abPol\u00edtica\u00bb","block_context":{"text":"Pol\u00edtica","link":"https:\/\/www.24baires.com\/?cat=51"},"img":{"alt_text":"","src":"https:\/\/i0.wp.com\/www.24baires.com\/wp-content\/uploads\/2023\/07\/gasoducto.jpeg?resize=350%2C200","width":350,"height":200,"srcset":"https:\/\/i0.wp.com\/www.24baires.com\/wp-content\/uploads\/2023\/07\/gasoducto.jpeg?resize=350%2C200 1x, https:\/\/i0.wp.com\/www.24baires.com\/wp-content\/uploads\/2023\/07\/gasoducto.jpeg?resize=525%2C300 1.5x, https:\/\/i0.wp.com\/www.24baires.com\/wp-content\/uploads\/2023\/07\/gasoducto.jpeg?resize=700%2C400 2x"},"classes":[]},{"id":120269,"url":"https:\/\/www.24baires.com\/?p=120269","url_meta":{"origin":15951,"position":5},"title":"Cristina a Macri: \u201cUsted es muy mentiroso, ingeniero\u201d","author":"AF","date":"10\/07\/2023","format":false,"excerpt":"Los ex mandatarios se cruzaron en Twitter por la pol\u00edtica energ\u00e9tica de sus gobiernos y la inauguraci\u00f3n de la obra en Salliquel\u00f3. El dirigente de Juntos por el Cambio hab\u00eda calificado al kirchnerismo como el \u201cpeor gobierno de la historia\u201d. La vicepresidenta Cristina Fern\u00e1ndez de Kirchner tild\u00f3 hoy de \u201cmuy\u2026","rel":"","context":"En \u00abPol\u00edtica\u00bb","block_context":{"text":"Pol\u00edtica","link":"https:\/\/www.24baires.com\/?cat=51"},"img":{"alt_text":"","src":"https:\/\/i0.wp.com\/www.24baires.com\/wp-content\/uploads\/2021\/10\/macri.jpg?resize=350%2C200","width":350,"height":200,"srcset":"https:\/\/i0.wp.com\/www.24baires.com\/wp-content\/uploads\/2021\/10\/macri.jpg?resize=350%2C200 1x, https:\/\/i0.wp.com\/www.24baires.com\/wp-content\/uploads\/2021\/10\/macri.jpg?resize=525%2C300 1.5x, https:\/\/i0.wp.com\/www.24baires.com\/wp-content\/uploads\/2021\/10\/macri.jpg?resize=700%2C400 2x"},"classes":[]}],"jetpack_sharing_enabled":true,"jetpack_likes_enabled":true,"_links":{"self":[{"href":"https:\/\/www.24baires.com\/index.php?rest_route=\/wp\/v2\/posts\/15951","targetHints":{"allow":["GET"]}}],"collection":[{"href":"https:\/\/www.24baires.com\/index.php?rest_route=\/wp\/v2\/posts"}],"about":[{"href":"https:\/\/www.24baires.com\/index.php?rest_route=\/wp\/v2\/types\/post"}],"author":[{"embeddable":true,"href":"https:\/\/www.24baires.com\/index.php?rest_route=\/wp\/v2\/users\/11"}],"replies":[{"embeddable":true,"href":"https:\/\/www.24baires.com\/index.php?rest_route=%2Fwp%2Fv2%2Fcomments&post=15951"}],"version-history":[{"count":2,"href":"https:\/\/www.24baires.com\/index.php?rest_route=\/wp\/v2\/posts\/15951\/revisions"}],"predecessor-version":[{"id":15954,"href":"https:\/\/www.24baires.com\/index.php?rest_route=\/wp\/v2\/posts\/15951\/revisions\/15954"}],"wp:attachment":[{"href":"https:\/\/www.24baires.com\/index.php?rest_route=%2Fwp%2Fv2%2Fmedia&parent=15951"}],"wp:term":[{"taxonomy":"category","embeddable":true,"href":"https:\/\/www.24baires.com\/index.php?rest_route=%2Fwp%2Fv2%2Fcategories&post=15951"},{"taxonomy":"post_tag","embeddable":true,"href":"https:\/\/www.24baires.com\/index.php?rest_route=%2Fwp%2Fv2%2Ftags&post=15951"}],"curies":[{"name":"wp","href":"https:\/\/api.w.org\/{rel}","templated":true}]}}