{"id":15918,"date":"2013-02-17T18:46:59","date_gmt":"2013-02-17T21:46:59","guid":{"rendered":"http:\/\/www.24baires.com\/?p=15918"},"modified":"2013-02-17T18:46:59","modified_gmt":"2013-02-17T21:46:59","slug":"camioneros-ahora-bloquearan-las-31-sucursales-de-maxiconsumo","status":"publish","type":"post","link":"https:\/\/www.24baires.com\/?p=15918","title":{"rendered":"Camioneros ahora bloquear\u00e1n las 31 sucursales de Maxiconsumo"},"content":{"rendered":"<p>La medida del sindicato de Camioneros, liderado por Pablo Moyano, podr\u00eda afectar el abastecimiento de las g\u00f3ndolas y el acuerdo de precios.<!--more--><\/p>\n<p>Con esta medida, se intenta una profundizaci\u00f3n del conflicto en la disputa que mantiene con la Federaci\u00f3n Argentina de Empleados de Comercio y Servicios, por el reencuadramiento sindical de un grupo de trabajadores afiliados al gremio que conduce Armando Cavalieri.<\/p>\n<p>Ayer los Camioneros sumaron un nuevo bloqueo, por lo que ya son ocho las sucursales bloqueadas, desde el inicio del conflicto, el pasado mi\u00e9rcoles.<\/p>\n<p>En comunicaci\u00f3n con T\u00e9lam, el secretario de la rama de log\u00edstica del Sindicato de Choferes de Camiones, Oscar Borda, confirm\u00f3 que a partir de ma\u00f1ana se bloquear\u00e1n \u00abtodos los dep\u00f3sitos de Maxiconsumo del pa\u00eds\u201d.<\/p>\n<p>Adem\u00e1s, ratific\u00f3 que Camioneros realizar\u00e1 el martes, a las 19, una marcha al Ministerio de Trabajo para \u201cexigir una pronta respuesta del gobierno nacional\u201d.<\/p>\n<p>Seg\u00fan explic\u00f3 el sindicalista, el reclamo principal es que los trabajadores de Maxiconsumo \u201cpasen al convenio 40\/89 que corresponde a los camioneros\u00bb, ya que consideran que realizan \u201ctareas de log\u00edstica y distribuci\u00f3n\u00bb.<\/p>\n<p>En cambio, el gerente nacional de operaciones de Maxiconsumo, Pedro Sapiro, sostuvo que \u201cno hay ninguna discusi\u00f3n\u201d sobre el encuadramiento del personal en cuesti\u00f3n, y remarc\u00f3 que \u201ctodo qued\u00f3 debidamente establecido por el Ministerio de Trabajo\u201d, a fines del a\u00f1o pasado, rechazando el reclamo de los Camioneros.<\/p>\n<p>\u201cEl Ministerio de Trabajo dictamin\u00f3 en noviembre del a\u00f1o pasado una ratificaci\u00f3n del Convenio 130\/175 que establece qu\u00e9 personal le corresponde al gremio mercantil y cu\u00e1l no. Por lo tanto, ac\u00e1 es una cuesti\u00f3n de estar dentro o fuera de la ley. Y nosotros estamos dentro de la ley\u201d, indic\u00f3 Sapiro a T\u00e9lam.<\/p>\n<p>En tanto, la Federaci\u00f3n Argentina de Empleados de Comercio y Servicios manifest\u00f3 su \u00abtotal rechazo\u00bb al bloqueo llevado adelante por el gremio de Camioneros al supermercado mayorista Maxiconsumo.<\/p>\n<p>En un comunicado, el sindicato de Empleados de Comercio afirm\u00f3 que la medida tomada por Camioneros tiene el \u00abobjetivo de forzar el encuadramiento de trabajadores\u00bb al sindicato que conduce Pablo Moyano y aseguraron que los bloqueos \u00abponen en grave peligro los puestos de trabajo de los compa\u00f1eros de Maxiconsumo\u201d.<\/p>\n<p>Al igual que la empresa y el sindicato de Comercio, el presidente de la C\u00e1mara Argentina de Distribuidores y Autoservicios Mayoristas (CADAM), Alberto Guida, asegur\u00f3 que \u00abno hay ning\u00fan incumplimiento\u00bb por parte de la firma Maxiconsumo.<\/p>\n<p>\u00abCamioneros pretende que se pase gente a su convenio que no corresponde y eso no se puede hacer\u00bb, afirm\u00f3 Guida.<\/p>\n<p>&nbsp;<\/p>\n<p>&nbsp;<\/p>\n<p>&nbsp;<\/p>\n<p>&nbsp;<\/p>\n<p>&nbsp;<\/p>\n<p>&nbsp;<\/p>\n<p>&nbsp;<\/p>\n<p>&nbsp;<\/p>\n","protected":false},"excerpt":{"rendered":"<p>La medida del sindicato de Camioneros, liderado por Pablo Moyano, podr\u00eda afectar el abastecimiento de las g\u00f3ndolas y el acuerdo de precios.<\/p>\n","protected":false},"author":11,"featured_media":0,"comment_status":"open","ping_status":"open","sticky":false,"template":"","format":"standard","meta":{"_jetpack_newsletter_access":"","_jetpack_dont_email_post_to_subs":false,"_jetpack_newsletter_tier_id":0,"_jetpack_memberships_contains_paywalled_content":false,"_jetpack_memberships_contains_paid_content":false,"footnotes":""},"categories":[1],"tags":[],"class_list":["post-15918","post","type-post","status-publish","format-standard","hentry","category-sociedad"],"jetpack_featured_media_url":"","jetpack_shortlink":"https:\/\/wp.me\/p2JWE0-48K","jetpack-related-posts":[{"id":16059,"url":"https:\/\/www.24baires.com\/?p=16059","url_meta":{"origin":15918,"position":0},"title":"Desde Maxiconsumo aseguran que por el bloqueo las p\u00e9rdidas \u00abson inconmensurables\u00bb","author":"Grupo Sierra","date":"19\/02\/2013","format":false,"excerpt":"El responsable de operaciones de la empresa, Pedro Szapiro, se refiri\u00f3 de esa manera a las consecuencias que genera el bloqueo que el sindicato de camioneros viene realizando a 32 centros de distribuci\u00f3n mayorista en todo el pa\u00eds. El gerente de operaciones de Maxiconsumo, Pedro Szapiro, afirm\u00f3 hoy que \"son\u2026","rel":"","context":"En \u00abSociedad\u00bb","block_context":{"text":"Sociedad","link":"https:\/\/www.24baires.com\/?cat=1"},"img":{"alt_text":"maxiconsumo","src":"https:\/\/i0.wp.com\/www.24baires.com\/wp-content\/uploads\/2013\/02\/maxiconsumo.jpg?resize=350%2C200","width":350,"height":200,"srcset":"https:\/\/i0.wp.com\/www.24baires.com\/wp-content\/uploads\/2013\/02\/maxiconsumo.jpg?resize=350%2C200 1x, https:\/\/i0.wp.com\/www.24baires.com\/wp-content\/uploads\/2013\/02\/maxiconsumo.jpg?resize=525%2C300 1.5x"},"classes":[]},{"id":16157,"url":"https:\/\/www.24baires.com\/?p=16157","url_meta":{"origin":15918,"position":1},"title":"Camioneros levanta el bloqueo a Maxiconsumo por diez d\u00edas","author":"AF","date":"19\/02\/2013","format":false,"excerpt":"El Sindicato de Choferes de Camiones anunci\u00f3 que \"suspende la medida de fuerza por por diez d\u00edas\" luego de conocer el pedido del fiscal Mart\u00edn Mainardi, quien solicit\u00f3 al Ministerio de Seguridad \"se disponga el cese inmediato de los bloqueos\". La causa, tramitada ante el Juzgado Criminal de Instrucci\u00f3n Nro.\u2026","rel":"","context":"En \u00abSociedad\u00bb","block_context":{"text":"Sociedad","link":"https:\/\/www.24baires.com\/?cat=1"},"img":{"alt_text":"","src":"","width":0,"height":0},"classes":[]},{"id":15596,"url":"https:\/\/www.24baires.com\/?p=15596","url_meta":{"origin":15918,"position":2},"title":"Camioneros bloquean a Maxiconsumo en el Gran Buenos Aires","author":"Grupo Sierra","date":"14\/02\/2013","format":false,"excerpt":"El Sindicato de Choferes de Camiones continuaba por segundo d\u00eda consecutivo con el bloqueo de varios centros de distribuci\u00f3n de la cadena Maxiconsumo, que provee a almacenes, autoservicios y supermercados. La protesta se produce en los centros que la firma tiene en las localidades bonaerenses de San Justo, Burzaco y\u2026","rel":"","context":"En \u00abSociedad\u00bb","block_context":{"text":"Sociedad","link":"https:\/\/www.24baires.com\/?cat=1"},"img":{"alt_text":"bloqueo camioneros","src":"https:\/\/i0.wp.com\/www.24baires.com\/wp-content\/uploads\/2013\/02\/bloqueo-camioneros.jpg?resize=350%2C200","width":350,"height":200,"srcset":"https:\/\/i0.wp.com\/www.24baires.com\/wp-content\/uploads\/2013\/02\/bloqueo-camioneros.jpg?resize=350%2C200 1x, https:\/\/i0.wp.com\/www.24baires.com\/wp-content\/uploads\/2013\/02\/bloqueo-camioneros.jpg?resize=525%2C300 1.5x"},"classes":[]},{"id":80806,"url":"https:\/\/www.24baires.com\/?p=80806","url_meta":{"origin":15918,"position":3},"title":"Pablo Moyano le advirti\u00f3 a Macri: \u201cSe termin\u00f3 la luna de miel\u201d","author":"AF","date":"31\/03\/2016","format":false,"excerpt":"El sindicato de Camioneros marcha al Ministerio de Trabajo y enciende su alarma por el tarifazo en colectivos y trenes. El secretario general del Sindicato de Choferes de Camiones, Pablo Moyano, expres\u00f3 su malestar con las pol\u00edticas econ\u00f3micas del gobierno y advirti\u00f3 que \u201cse termin\u00f3 la luna de miel\u201d. \"El\u2026","rel":"","context":"En \u00abSociedad\u00bb","block_context":{"text":"Sociedad","link":"https:\/\/www.24baires.com\/?cat=1"},"img":{"alt_text":"moyano pablo","src":"https:\/\/i0.wp.com\/www.24baires.com\/wp-content\/uploads\/2013\/07\/moyano-pablo.jpg?resize=350%2C200","width":350,"height":200,"srcset":"https:\/\/i0.wp.com\/www.24baires.com\/wp-content\/uploads\/2013\/07\/moyano-pablo.jpg?resize=350%2C200 1x, https:\/\/i0.wp.com\/www.24baires.com\/wp-content\/uploads\/2013\/07\/moyano-pablo.jpg?resize=525%2C300 1.5x"},"classes":[]},{"id":17714,"url":"https:\/\/www.24baires.com\/?p=17714","url_meta":{"origin":15918,"position":4},"title":"El frigor\u00edfico Pieres podr\u00eda cerrar ante las presiones de Hugo Moyano","author":"AF","date":"07\/03\/2013","format":false,"excerpt":"MAR DEL PLATA - El posible cierre de las dos plantas de ese frigor\u00edfico, que cuenta con 110 empleados, es por las presiones del gremio de camioneros que reclaman la reincorporaci\u00f3n de trabajadores que \"hab\u00edan sido contratados solamente por la temporada\". El due\u00f1o el Frigor\u00edfico Pieres, con plantas en el\u2026","rel":"","context":"En \u00abSociedad\u00bb","block_context":{"text":"Sociedad","link":"https:\/\/www.24baires.com\/?cat=1"},"img":{"alt_text":"","src":"","width":0,"height":0},"classes":[]},{"id":17191,"url":"https:\/\/www.24baires.com\/?p=17191","url_meta":{"origin":15918,"position":5},"title":"Solicitan indagatoria a Camioneros por los bloqueos al supermercado Maxiconsumo","author":"AF","date":"02\/03\/2013","format":false,"excerpt":"El Fiscal Mart\u00edn Mainardi imput\u00f3 y pidi\u00f3 la declaraci\u00f3n indagatoria de diez integrantes del Sindicato de Choferes de Camiones por el delito de \"coacci\u00f3n\", en el marco de los bloqueos que ese sector realiz\u00f3 en los locales del supermercado mayorista. En un escrito al que pudo acceder T\u00e9lam, el representante\u2026","rel":"","context":"En \u00abPol\u00edtica\u00bb","block_context":{"text":"Pol\u00edtica","link":"https:\/\/www.24baires.com\/?cat=51"},"img":{"alt_text":"","src":"","width":0,"height":0},"classes":[]}],"jetpack_sharing_enabled":true,"jetpack_likes_enabled":true,"_links":{"self":[{"href":"https:\/\/www.24baires.com\/index.php?rest_route=\/wp\/v2\/posts\/15918","targetHints":{"allow":["GET"]}}],"collection":[{"href":"https:\/\/www.24baires.com\/index.php?rest_route=\/wp\/v2\/posts"}],"about":[{"href":"https:\/\/www.24baires.com\/index.php?rest_route=\/wp\/v2\/types\/post"}],"author":[{"embeddable":true,"href":"https:\/\/www.24baires.com\/index.php?rest_route=\/wp\/v2\/users\/11"}],"replies":[{"embeddable":true,"href":"https:\/\/www.24baires.com\/index.php?rest_route=%2Fwp%2Fv2%2Fcomments&post=15918"}],"version-history":[{"count":3,"href":"https:\/\/www.24baires.com\/index.php?rest_route=\/wp\/v2\/posts\/15918\/revisions"}],"predecessor-version":[{"id":15921,"href":"https:\/\/www.24baires.com\/index.php?rest_route=\/wp\/v2\/posts\/15918\/revisions\/15921"}],"wp:attachment":[{"href":"https:\/\/www.24baires.com\/index.php?rest_route=%2Fwp%2Fv2%2Fmedia&parent=15918"}],"wp:term":[{"taxonomy":"category","embeddable":true,"href":"https:\/\/www.24baires.com\/index.php?rest_route=%2Fwp%2Fv2%2Fcategories&post=15918"},{"taxonomy":"post_tag","embeddable":true,"href":"https:\/\/www.24baires.com\/index.php?rest_route=%2Fwp%2Fv2%2Ftags&post=15918"}],"curies":[{"name":"wp","href":"https:\/\/api.w.org\/{rel}","templated":true}]}}