{"id":1591,"date":"2012-10-10T10:15:28","date_gmt":"2012-10-10T13:15:28","guid":{"rendered":"http:\/\/www.24baires.com\/?p=1591"},"modified":"2012-10-10T10:15:28","modified_gmt":"2012-10-10T13:15:28","slug":"no-habra-internas-en-la-ucr-bonaerense","status":"publish","type":"post","link":"https:\/\/www.24baires.com\/?p=1591","title":{"rendered":"No habr\u00e1 internas en la UCR bonaerense"},"content":{"rendered":"<p>Sobre la medianoche de este martes, la UCR bonaerense acord\u00f3 definitivamente una lista de unidad entre la conducci\u00f3n provincial, representada por el diputado Ricardo Alfons\u00edn y el intendente de San Isidro, Gustavo Posse, y la oposici\u00f3n, que integra el espacio denominado Nuevos Aires y entre quienes se destacan los intendentes H\u00e9ctor \u201cCachi\u201d Guti\u00e9rrez, Pergamino; Juan Gobbi, Chascom\u00fas; el diputado del sector renovador, Sergio Panella; y el hist\u00f3rico Leopoldo Moreau.<!--more--><\/p>\n<p>El acuerdo se aceler\u00f3 en las \u00faltimas horas, luego de que el alfonsinismo, mediante el diputado Miguel Bazze, -hasta ahora titular del Comit\u00e9 Provincia-, hiciera una declaraci\u00f3n p\u00fablica en donde desminti\u00f3 categ\u00f3ricamente cualquier intenci\u00f3n de acuerdo con la derecha representada por el alcalde porte\u00f1o, Mauricio Macri, el intendente de Malvinas Argentinas, Jes\u00fas Cariglino, y el diputado Francisco De Narv\u00e1ez. Como se recuerda, el sanisidrense Posse arremeti\u00f3 hace algunas semanas con esa idea, aunque obtuvo un fuerte rechazo de la UCR provincial.<br \/>\nCon la foto de Posse y los sectores de derecha para conformar un frente el a\u00f1o pr\u00f3ximo, Nuevos Aires hab\u00eda anunciado la suspensi\u00f3n de la posibilidad de una lista de unidad, aunque luego del pronunciamiento del alfonsinismo se retom\u00f3 la misma.<br \/>\nDe esa forma, el diputado provincial Alejandro Armend\u00e1riz, del alfonsinismo, presidir\u00e1 la UCR, con un fuerte control de Nuevos Aires a partir de dirigentes como la ex diputada Cecilia Moreau o el diputado platense Sergio Panella.<br \/>\nLas internas deb\u00edan ser el pr\u00f3ximo domingo, pero quedaron sin efecto luego de la lista de unidad.<\/p>\n","protected":false},"excerpt":{"rendered":"<p>Sobre la medianoche de este martes, la UCR bonaerense acord\u00f3 definitivamente una lista de unidad entre la conducci\u00f3n provincial, representada por el diputado Ricardo Alfons\u00edn y el intendente de San Isidro, Gustavo Posse, y la oposici\u00f3n, que integra el espacio denominado Nuevos Aires y entre quienes se destacan los intendentes H\u00e9ctor \u201cCachi\u201d Guti\u00e9rrez, Pergamino; Juan Gobbi, Chascom\u00fas; el diputado del [&#8230;]<\/p>\n","protected":false},"author":4,"featured_media":0,"comment_status":"open","ping_status":"open","sticky":false,"template":"","format":"standard","meta":{"_jetpack_newsletter_access":"","_jetpack_dont_email_post_to_subs":false,"_jetpack_newsletter_tier_id":0,"_jetpack_memberships_contains_paywalled_content":false,"_jetpack_memberships_contains_paid_content":false,"footnotes":""},"categories":[51],"tags":[],"class_list":["post-1591","post","type-post","status-publish","format-standard","hentry","category-politica"],"jetpack_featured_media_url":"","jetpack_shortlink":"https:\/\/wp.me\/p2JWE0-pF","jetpack-related-posts":[{"id":89032,"url":"https:\/\/www.24baires.com\/?p=89032","url_meta":{"origin":1591,"position":0},"title":"El vicegobernador Salvador fue elegido como titular de la UCR provincial","author":"AF","date":"24\/10\/2016","format":false,"excerpt":"El vicegobernador bonaerense Daniel Salvador fue proclamado anoche como nuevo titular del Comit\u00e9 Provincia de la UCR en el marco de la lista de unidad acordada con los principales sectores internos, mientras que en las elecciones para los comit\u00e9s locales realizadas en casi 30 distritos hubo triunfos repartidos. De este\u2026","rel":"","context":"En \u00abPol\u00edtica\u00bb","block_context":{"text":"Pol\u00edtica","link":"https:\/\/www.24baires.com\/?cat=51"},"img":{"alt_text":"Daniel_Salvador","src":"https:\/\/i0.wp.com\/www.24baires.com\/wp-content\/uploads\/2016\/07\/Daniel_Salvador.jpg?resize=350%2C200","width":350,"height":200,"srcset":"https:\/\/i0.wp.com\/www.24baires.com\/wp-content\/uploads\/2016\/07\/Daniel_Salvador.jpg?resize=350%2C200 1x, https:\/\/i0.wp.com\/www.24baires.com\/wp-content\/uploads\/2016\/07\/Daniel_Salvador.jpg?resize=525%2C300 1.5x"},"classes":[]},{"id":121590,"url":"https:\/\/www.24baires.com\/?p=121590","url_meta":{"origin":1591,"position":1},"title":"Ricardo Alfons\u00edn no es m\u00e1s radical: present\u00f3 la renuncia a la afiliaci\u00f3n de la UCR","author":"GB","date":"30\/08\/2024","format":false,"excerpt":"El ex diputado nacional, Ricardo Alfons\u00edn, present\u00f3 hoy la renuncia a la afiliaci\u00f3n del partido. El hist\u00f3rico referente de la Uni\u00f3n C\u00edvica Radical (UCR), Ricardo Alfons\u00edn, present\u00f3 la renuncia a la afiliaci\u00f3n del partido por diferentes motivos ideol\u00f3gicos. As\u00ed, el ex diputado y quien supo ser Presidente del comit\u00e9 provincial\u2026","rel":"","context":"En \u00abProvincia\u00bb","block_context":{"text":"Provincia","link":"https:\/\/www.24baires.com\/?cat=40"},"img":{"alt_text":"","src":"https:\/\/i0.wp.com\/www.24baires.com\/wp-content\/uploads\/2024\/08\/ricardo-alfonsin.webp?resize=350%2C200","width":350,"height":200,"srcset":"https:\/\/i0.wp.com\/www.24baires.com\/wp-content\/uploads\/2024\/08\/ricardo-alfonsin.webp?resize=350%2C200 1x, https:\/\/i0.wp.com\/www.24baires.com\/wp-content\/uploads\/2024\/08\/ricardo-alfonsin.webp?resize=525%2C300 1.5x, https:\/\/i0.wp.com\/www.24baires.com\/wp-content\/uploads\/2024\/08\/ricardo-alfonsin.webp?resize=700%2C400 2x"},"classes":[]},{"id":101501,"url":"https:\/\/www.24baires.com\/?p=101501","url_meta":{"origin":1591,"position":2},"title":"Alfons\u00edn quiere que la UCR tenga un candidato propio para 2018","author":"GB","date":"09\/04\/2018","format":false,"excerpt":"El ex diputado nacional pidi\u00f3 que los radicales \"se pongan el cuchillo entre los dientes\" para defender las ideas del partido. El ex diputado nacional Ricardo Alfons\u00edn ratific\u00f3 sus diferencias con el macrismo y dijo que ser\u00eda \"ideal\" que la Uni\u00f3n C\u00edvica Radical compita con un candidato propio en las\u2026","rel":"","context":"En \u00abPol\u00edtica\u00bb","block_context":{"text":"Pol\u00edtica","link":"https:\/\/www.24baires.com\/?cat=51"},"img":{"alt_text":"","src":"https:\/\/i0.wp.com\/www.24baires.com\/wp-content\/uploads\/2013\/09\/alfonsin.jpg?resize=350%2C200","width":350,"height":200,"srcset":"https:\/\/i0.wp.com\/www.24baires.com\/wp-content\/uploads\/2013\/09\/alfonsin.jpg?resize=350%2C200 1x, https:\/\/i0.wp.com\/www.24baires.com\/wp-content\/uploads\/2013\/09\/alfonsin.jpg?resize=525%2C300 1.5x"},"classes":[]},{"id":3903,"url":"https:\/\/www.24baires.com\/?p=3903","url_meta":{"origin":1591,"position":3},"title":"Armend\u00e1riz ya es el titular de la UCR bonaerense","author":"Grupo Sierra","date":"30\/10\/2012","format":false,"excerpt":"Finalmente, Alejandro Armend\u00e1riz se puso al frente de la conducci\u00f3n del radicalismo bonaerense. Su asunci\u00f3n se produce luego de un complejo proceso interno que incluy\u00f3 impugnaciones, acusaciones y postergaciones. La nueva conducci\u00f3n surgi\u00f3 del acuerdo de todos los sectores del centenario partido. Durante el mitin que tuvo lugar en la\u2026","rel":"","context":"En \u00abPol\u00edtica\u00bb","block_context":{"text":"Pol\u00edtica","link":"https:\/\/www.24baires.com\/?cat=51"},"img":{"alt_text":"","src":"https:\/\/i0.wp.com\/www.24baires.com\/wp-content\/uploads\/2012\/10\/armendariz-300x248.jpg?resize=350%2C200","width":350,"height":200},"classes":[]},{"id":87898,"url":"https:\/\/www.24baires.com\/?p=87898","url_meta":{"origin":1591,"position":4},"title":"Salvador presidir\u00e1 la UCR bonaerense","author":"AF","date":"23\/09\/2016","format":false,"excerpt":"El radicalismo bonaerense oficializ\u00f3 con una foto y un comunicado el acuerdo que evita las internas y unge al vicegobernador Daniel Salvador como titular del Comit\u00e9 Provincia, mientras que el alfonsinismo se quedar\u00e1 con la vicepresidencia del cuerpo. En un acuerdo que fue denominado como de \u201ctres tercios\u201d, el vicegobernador\u2026","rel":"","context":"En \u00abPol\u00edtica\u00bb","block_context":{"text":"Pol\u00edtica","link":"https:\/\/www.24baires.com\/?cat=51"},"img":{"alt_text":"vidal salvador","src":"https:\/\/i0.wp.com\/www.24baires.com\/wp-content\/uploads\/2016\/07\/vidal-salvador.jpg?resize=350%2C200","width":350,"height":200,"srcset":"https:\/\/i0.wp.com\/www.24baires.com\/wp-content\/uploads\/2016\/07\/vidal-salvador.jpg?resize=350%2C200 1x, https:\/\/i0.wp.com\/www.24baires.com\/wp-content\/uploads\/2016\/07\/vidal-salvador.jpg?resize=525%2C300 1.5x"},"classes":[]},{"id":35318,"url":"https:\/\/www.24baires.com\/?p=35318","url_meta":{"origin":1591,"position":5},"title":"La irrupci\u00f3n de Sanz en el radicalismo bonaerense agita la interna","author":"Grupo Sierra","date":"17\/11\/2013","format":false,"excerpt":"El alfonsinismo se prepara para resistir el avance del senador nacional Ernesto Sanz en la UCR bonaerense, en medio de la crisis partidaria desatada tras el flojo desempe\u00f1o electoral y la fuga de dirigentes a las filas del Frente Renovador (FR), que lidera Sergio Massa. El plenario convocado por el\u2026","rel":"","context":"En \u00abPol\u00edtica\u00bb","block_context":{"text":"Pol\u00edtica","link":"https:\/\/www.24baires.com\/?cat=51"},"img":{"alt_text":"sanz ernesto","src":"https:\/\/i0.wp.com\/www.24baires.com\/wp-content\/uploads\/2013\/04\/sanz-ernesto-300x225.jpg?resize=350%2C200","width":350,"height":200},"classes":[]}],"jetpack_sharing_enabled":true,"jetpack_likes_enabled":true,"_links":{"self":[{"href":"https:\/\/www.24baires.com\/index.php?rest_route=\/wp\/v2\/posts\/1591","targetHints":{"allow":["GET"]}}],"collection":[{"href":"https:\/\/www.24baires.com\/index.php?rest_route=\/wp\/v2\/posts"}],"about":[{"href":"https:\/\/www.24baires.com\/index.php?rest_route=\/wp\/v2\/types\/post"}],"author":[{"embeddable":true,"href":"https:\/\/www.24baires.com\/index.php?rest_route=\/wp\/v2\/users\/4"}],"replies":[{"embeddable":true,"href":"https:\/\/www.24baires.com\/index.php?rest_route=%2Fwp%2Fv2%2Fcomments&post=1591"}],"version-history":[{"count":0,"href":"https:\/\/www.24baires.com\/index.php?rest_route=\/wp\/v2\/posts\/1591\/revisions"}],"wp:attachment":[{"href":"https:\/\/www.24baires.com\/index.php?rest_route=%2Fwp%2Fv2%2Fmedia&parent=1591"}],"wp:term":[{"taxonomy":"category","embeddable":true,"href":"https:\/\/www.24baires.com\/index.php?rest_route=%2Fwp%2Fv2%2Fcategories&post=1591"},{"taxonomy":"post_tag","embeddable":true,"href":"https:\/\/www.24baires.com\/index.php?rest_route=%2Fwp%2Fv2%2Ftags&post=1591"}],"curies":[{"name":"wp","href":"https:\/\/api.w.org\/{rel}","templated":true}]}}