{"id":15886,"date":"2013-02-17T14:00:39","date_gmt":"2013-02-17T17:00:39","guid":{"rendered":"http:\/\/www.24baires.com\/?p=15886"},"modified":"2013-02-17T14:00:39","modified_gmt":"2013-02-17T17:00:39","slug":"a-cablevision-no-cumplir-la-tarifa-oficial-le-genera-ganancias-por-3-200-millones-pesos","status":"publish","type":"post","link":"https:\/\/www.24baires.com\/?p=15886","title":{"rendered":"A Cablevisi\u00f3n no cumplir la tarifa oficial le genera ganancias por 3.200 millones pesos"},"content":{"rendered":"<p>La empresa Cablevisi\u00f3n obtendr\u00eda este a\u00f1o una renta extraordinaria de 3.200 millones de pesos por sobrefacturar hasta un 60% m\u00e1s la tarifa oficial fijada por la secretar\u00eda de Comercio para la prestaci\u00f3n del servicio.<!--more--><\/p>\n<p>Las ganancias obtenidas mediante este procedimiento ya alcanzaron 4.470 millones de pesos durante el bienio 2010-2011 y sumar\u00edan m\u00e1s 7.400 millones, se\u00f1al\u00f3 un informe publicado hoy por el diario Tiempo Argentino.<\/p>\n<p>De acuerdo al matutino, la empresa del grupo Clar\u00edn cobra a sus m\u00e1s de 3,5 millones de clientes de todo el pa\u00eds 205 pesos mensuales en lugar de los 130 establecidos por la resoluci\u00f3n de Comercio Interior, es decir, 75 pesos m\u00e1s que representan casi el 60% de la tarifa oficial. Con esta tendencia, y de no aplicarse nuevos aumentos, Cablevisi\u00f3n obtendr\u00eda 3.200 millones extra este a\u00f1o.<\/p>\n<p>Para se\u00f1alar la magnitud de la renta de la compa\u00f1\u00eda, Tiempo Argentino compara esa cifra con \u00abcasi la totalidad del \u00faltimo pr\u00e9stamo que el Banco Interamericano de Desarrollo (BID) le otorg\u00f3 a la Argentina (U$S 700 millones) y que fue destinado a obras de infraestructura e innovaci\u00f3n\u00bb.<\/p>\n<p>Tambi\u00e9n la equipara con los \u00ab3.000 millones de pesos que el gobierno nacional destin\u00f3 para obras b\u00e1sicas en los municipios de la primera secci\u00f3n electoral de la provincia de Buenos Aires\u00bb.<\/p>\n<p>Seg\u00fan el diario, el margen de ganancia de la empresa del grupo Clar\u00edn se basa en \u00abapelar hasta el hartazgo\u00bb la denuncia colectiva por la tarifa iniciada por la Defensor\u00eda del Pueblo de Buenos Aires.<\/p>\n<p>En el marco de esa causa, la Justicia Federal de La Plata rechaz\u00f3 la pauta tarifaria de Clar\u00edn y estableci\u00f3 que el viernes pr\u00f3ximo la misma deber\u00e1 bajar para casi un mill\u00f3n de clientes bonaerenses, destac\u00f3 el peri\u00f3dico.<\/p>\n<p>\u00abDe cumplirse lo ordenado, el fallo platense ser\u00eda un antecedente importante para decisiones judiciales similares a nivel nacional\u00bb, concluye el informe.<\/p>\n<p>&nbsp;<\/p>\n<p>&nbsp;<\/p>\n<p>&nbsp;<\/p>\n<p>&nbsp;<\/p>\n<p>&nbsp;<\/p>\n<p>&nbsp;<\/p>\n<p>&nbsp;<\/p>\n<p>&nbsp;<\/p>\n<p>&nbsp;<\/p>\n<p>&nbsp;<\/p>\n<p>&nbsp;<\/p>\n","protected":false},"excerpt":{"rendered":"<p>La empresa Cablevisi\u00f3n obtendr\u00eda este a\u00f1o una renta extraordinaria de 3.200 millones de pesos por sobrefacturar hasta un 60% m\u00e1s la tarifa oficial fijada por la secretar\u00eda de Comercio para la prestaci\u00f3n del servicio.<\/p>\n","protected":false},"author":11,"featured_media":0,"comment_status":"open","ping_status":"open","sticky":false,"template":"","format":"standard","meta":{"_jetpack_newsletter_access":"","_jetpack_dont_email_post_to_subs":false,"_jetpack_newsletter_tier_id":0,"_jetpack_memberships_contains_paywalled_content":false,"_jetpack_memberships_contains_paid_content":false,"footnotes":""},"categories":[54],"tags":[],"class_list":["post-15886","post","type-post","status-publish","format-standard","hentry","category-medios"],"jetpack_featured_media_url":"","jetpack_shortlink":"https:\/\/wp.me\/p2JWE0-48e","jetpack-related-posts":[{"id":103076,"url":"https:\/\/www.24baires.com\/?p=103076","url_meta":{"origin":15886,"position":0},"title":"Aprobaron la megafusi\u00f3n entre Cablevisi\u00f3n y Telecom","author":"AF","date":"29\/06\/2018","format":false,"excerpt":"El visto bueno lleg\u00f3 a trav\u00e9s de la \"Comisi\u00f3n Nacional de Defensa de la Competencia\". El negocio de las telecomunicaciones -virtualmente- pasa a manos del Grupo hegem\u00f3nico de H\u00e9ctor Magnetto. El nuevo gigante vale cerca de u$s11 mil millones. Finalmente, el Gobierno de Mauricio Macri aprob\u00f3 la fusi\u00f3n entre Cablevisi\u00f3n,\u2026","rel":"","context":"En \u00abSociedad\u00bb","block_context":{"text":"Sociedad","link":"https:\/\/www.24baires.com\/?cat=1"},"img":{"alt_text":"","src":"https:\/\/i0.wp.com\/www.24baires.com\/wp-content\/uploads\/2012\/12\/cablevisi%C3%B3n1.jpg?resize=350%2C200","width":350,"height":200,"srcset":"https:\/\/i0.wp.com\/www.24baires.com\/wp-content\/uploads\/2012\/12\/cablevisi%C3%B3n1.jpg?resize=350%2C200 1x, https:\/\/i0.wp.com\/www.24baires.com\/wp-content\/uploads\/2012\/12\/cablevisi%C3%B3n1.jpg?resize=525%2C300 1.5x"},"classes":[]},{"id":16416,"url":"https:\/\/www.24baires.com\/?p=16416","url_meta":{"origin":15886,"position":1},"title":"Bonicatto: \u201cCablevisi\u00f3n es una empresa acostumbrada a manejarse con impunidad absoluta\u201d","author":"AF","date":"22\/02\/2013","format":false,"excerpt":"El defensor del pueblo de la provincia de Buenos Aires, Carlos Bonicatto, quien present\u00f3 un amparo para que la empresa fije en 123 pesos el abono, insisti\u00f3 as\u00ed en la necesidad de \"defender al usuario, que es la parte m\u00e1s d\u00e9bil\". Es una empresa \"acostumbrada a evadir todo tipo de\u2026","rel":"","context":"En \u00abMedios\u00bb","block_context":{"text":"Medios","link":"https:\/\/www.24baires.com\/?cat=54"},"img":{"alt_text":"cablevisi\u00f3n","src":"https:\/\/i0.wp.com\/www.24baires.com\/wp-content\/uploads\/2012\/12\/cablevisi%C3%B3n1-300x199.jpg?resize=350%2C200","width":350,"height":200},"classes":[]},{"id":116810,"url":"https:\/\/www.24baires.com\/?p=116810","url_meta":{"origin":15886,"position":2},"title":"Enero traer\u00e1 subas de hasta el 20% en la tarifa de cable, internet y telefon\u00eda","author":"GB","date":"02\/12\/2020","format":false,"excerpt":"Las compa\u00f1\u00edas que proveen los servicios argumentaron que la decisi\u00f3n responde a \u201clos incrementos que no pudieron realizar\u201d durante la mayor parte de este a\u00f1o. Las empresas proveedoras de los servicios de Internet, televisi\u00f3n por cable y telefon\u00eda fija y m\u00f3vil advirti\u00f3 a sus usuarios que enero llegar\u00e1 con aumentos\u2026","rel":"","context":"En \u00abConsumidores\u00bb","block_context":{"text":"Consumidores","link":"https:\/\/www.24baires.com\/?cat=78"},"img":{"alt_text":"","src":"https:\/\/i0.wp.com\/www.24baires.com\/wp-content\/uploads\/2014\/06\/celular.jpg?resize=350%2C200","width":350,"height":200,"srcset":"https:\/\/i0.wp.com\/www.24baires.com\/wp-content\/uploads\/2014\/06\/celular.jpg?resize=350%2C200 1x, https:\/\/i0.wp.com\/www.24baires.com\/wp-content\/uploads\/2014\/06\/celular.jpg?resize=525%2C300 1.5x"},"classes":[]},{"id":15087,"url":"https:\/\/www.24baires.com\/?p=15087","url_meta":{"origin":15886,"position":3},"title":"Juez de La Plata intim\u00f3 a Cablevisi\u00f3n a acreditar si ajust\u00f3 la tarifa a lo ordenado","author":"Grupo Sierra","date":"08\/02\/2013","format":false,"excerpt":"El juez federal de La Plata, Adolfo Gabino Ziulu, intim\u00f3 a la empresa a que acredite si se encuentra cumpliendo con una medida cautelar anterior por la cual se le orden\u00f3 ajustar su tarifa por abono a la suma autorizada por la Secretar\u00eda de Comercio Interior. El caso podr\u00eda terminar\u2026","rel":"","context":"En \u00abMedios\u00bb","block_context":{"text":"Medios","link":"https:\/\/www.24baires.com\/?cat=54"},"img":{"alt_text":"cablevision","src":"https:\/\/i0.wp.com\/www.24baires.com\/wp-content\/uploads\/2012\/12\/cablevision.jpg?resize=350%2C200","width":350,"height":200,"srcset":"https:\/\/i0.wp.com\/www.24baires.com\/wp-content\/uploads\/2012\/12\/cablevision.jpg?resize=350%2C200 1x, https:\/\/i0.wp.com\/www.24baires.com\/wp-content\/uploads\/2012\/12\/cablevision.jpg?resize=525%2C300 1.5x"},"classes":[]},{"id":49746,"url":"https:\/\/www.24baires.com\/?p=49746","url_meta":{"origin":15886,"position":4},"title":"V\u00edctor Hugo: \u00abVali\u00f3 la pena hacerlo. Fue un acto de justicia\u00bb","author":"AF","date":"12\/07\/2014","format":false,"excerpt":"El periodista habl\u00f3 del fallo de la C\u00e1mara Nacional de Apelaciones en lo Comercial, que corrigi\u00f3 un fallo de primera instancia y lo conden\u00f3 a resarcir a Cablevisi\u00f3n por la emisi\u00f3n de im\u00e1genes del Boca-Real Madrid en el a\u00f1o 2000. El fallo de primera instancia del juez Fernando Saravia exculp\u00f3\u2026","rel":"","context":"En \u00abMedios\u00bb","block_context":{"text":"Medios","link":"https:\/\/www.24baires.com\/?cat=54"},"img":{"alt_text":"v\u00edctor hugo","src":"https:\/\/i0.wp.com\/www.24baires.com\/wp-content\/uploads\/2014\/07\/v%C3%ADctor-hugo.jpg?resize=350%2C200","width":350,"height":200,"srcset":"https:\/\/i0.wp.com\/www.24baires.com\/wp-content\/uploads\/2014\/07\/v%C3%ADctor-hugo.jpg?resize=350%2C200 1x, https:\/\/i0.wp.com\/www.24baires.com\/wp-content\/uploads\/2014\/07\/v%C3%ADctor-hugo.jpg?resize=525%2C300 1.5x"},"classes":[]},{"id":13638,"url":"https:\/\/www.24baires.com\/?p=13638","url_meta":{"origin":15886,"position":5},"title":"Cablevisi\u00f3n deber\u00e1 bajar la tarifa b\u00e1sica por una medida cautelar","author":"AF","date":"26\/01\/2013","format":false,"excerpt":"La justicia convalid\u00f3 la medida cautelar contra Cablevisi\u00f3n que present\u00f3 la Defensor\u00eda del Pueblo bonaerense y confirm\u00f3 que la empresa debe cobrar su abono de TV por cable a 130 pesos. El tratamiento de este caso en feria judicial surge del pedido del Defensor del Pueblo, Carlos Bonicatto, quien solicit\u00f3\u2026","rel":"","context":"En \u00abMedios\u00bb","block_context":{"text":"Medios","link":"https:\/\/www.24baires.com\/?cat=54"},"img":{"alt_text":"cablevisi\u00f3n","src":"https:\/\/i0.wp.com\/www.24baires.com\/wp-content\/uploads\/2013\/01\/cablevisi%C3%B3n-300x199.jpg?resize=350%2C200","width":350,"height":200},"classes":[]}],"jetpack_sharing_enabled":true,"jetpack_likes_enabled":true,"_links":{"self":[{"href":"https:\/\/www.24baires.com\/index.php?rest_route=\/wp\/v2\/posts\/15886","targetHints":{"allow":["GET"]}}],"collection":[{"href":"https:\/\/www.24baires.com\/index.php?rest_route=\/wp\/v2\/posts"}],"about":[{"href":"https:\/\/www.24baires.com\/index.php?rest_route=\/wp\/v2\/types\/post"}],"author":[{"embeddable":true,"href":"https:\/\/www.24baires.com\/index.php?rest_route=\/wp\/v2\/users\/11"}],"replies":[{"embeddable":true,"href":"https:\/\/www.24baires.com\/index.php?rest_route=%2Fwp%2Fv2%2Fcomments&post=15886"}],"version-history":[{"count":2,"href":"https:\/\/www.24baires.com\/index.php?rest_route=\/wp\/v2\/posts\/15886\/revisions"}],"predecessor-version":[{"id":15902,"href":"https:\/\/www.24baires.com\/index.php?rest_route=\/wp\/v2\/posts\/15886\/revisions\/15902"}],"wp:attachment":[{"href":"https:\/\/www.24baires.com\/index.php?rest_route=%2Fwp%2Fv2%2Fmedia&parent=15886"}],"wp:term":[{"taxonomy":"category","embeddable":true,"href":"https:\/\/www.24baires.com\/index.php?rest_route=%2Fwp%2Fv2%2Fcategories&post=15886"},{"taxonomy":"post_tag","embeddable":true,"href":"https:\/\/www.24baires.com\/index.php?rest_route=%2Fwp%2Fv2%2Ftags&post=15886"}],"curies":[{"name":"wp","href":"https:\/\/api.w.org\/{rel}","templated":true}]}}