{"id":15845,"date":"2013-02-16T09:00:48","date_gmt":"2013-02-16T12:00:48","guid":{"rendered":"http:\/\/www.24baires.com\/?p=15845"},"modified":"2013-02-16T17:57:10","modified_gmt":"2013-02-16T20:57:10","slug":"encuentro-de-motos-en-laprida-convocara-a-cerca-de-400-aficionados","status":"publish","type":"post","link":"https:\/\/www.24baires.com\/?p=15845","title":{"rendered":"Encuentro de motos en Laprida convocar\u00e1 a cerca de 400 aficionados"},"content":{"rendered":"<p><img data-recalc-dims=\"1\" loading=\"lazy\" decoding=\"async\" class=\"alignleft size-full wp-image-15846\" alt=\"moto\" src=\"https:\/\/i0.wp.com\/www.24baires.com\/wp-content\/uploads\/2013\/02\/moto.jpg?resize=300%2C200\" width=\"300\" height=\"200\" \/>En el marco del 3\u00b0 \u201cMoto Encuentro Reseros de la 86\u201d, se espera el ingreso de motociclistas de distintos lugares durante el fin de semana.<!--more--><br \/>\nSe realiza en el municipio de Laprida el 3\u00b0 \u201cMoto Encuentro Reseros de la 86\u201d que re\u00fane a \u201camigos moticiclistas\u201d de distintos lugares, inform\u00f3 Elbio Sim\u00f3n, uno de sus organizadores.<\/p>\n<p>Se estima el arribo de unas 400 motos sobre todo porque el clima se presenta \u201cmuy apto para la actividad\u201d, dijo Sim\u00f3n.<\/p>\n<p>La agrupaci\u00f3n \u201cReseros de la 86\u201d surgi\u00f3 \u201chace 4 a\u00f1os\u201d y el nombre surgi\u00f3 porque \u201cestamos a la vera de la ruta 86\u201d y porque \u201creseros es un sin\u00f3nimo de viajeros\u201d.<\/p>\n<p>&nbsp;<\/p>\n<p>&nbsp;<\/p>\n<p>&nbsp;<\/p>\n<p>&nbsp;<\/p>\n<p>&nbsp;<\/p>\n<p>&nbsp;<\/p>\n<p>&nbsp;<\/p>\n<p>&nbsp;<\/p>\n<p>&nbsp;<\/p>\n<p>&nbsp;<\/p>\n<p>&nbsp;<\/p>\n<p>&nbsp;<\/p>\n<p>&nbsp;<\/p>\n<p>&nbsp;<\/p>\n<p>&nbsp;<\/p>\n<p>&nbsp;<\/p>\n<p>&nbsp;<\/p>\n<p>&nbsp;<\/p>\n<p>&nbsp;<\/p>\n<p>&nbsp;<\/p>\n<p>&nbsp;<\/p>\n","protected":false},"excerpt":{"rendered":"<p>En el marco del 3\u00b0 \u201cMoto Encuentro Reseros de la 86\u201d, se espera el ingreso de motociclistas de distintos lugares durante el fin de semana.<\/p>\n","protected":false},"author":4,"featured_media":0,"comment_status":"open","ping_status":"open","sticky":false,"template":"","format":"standard","meta":{"_jetpack_newsletter_access":"","_jetpack_dont_email_post_to_subs":false,"_jetpack_newsletter_tier_id":0,"_jetpack_memberships_contains_paywalled_content":false,"_jetpack_memberships_contains_paid_content":false,"footnotes":""},"categories":[1],"tags":[],"class_list":["post-15845","post","type-post","status-publish","format-standard","hentry","category-sociedad"],"jetpack_featured_media_url":"","jetpack_shortlink":"https:\/\/wp.me\/p2JWE0-47z","jetpack-related-posts":[{"id":115982,"url":"https:\/\/www.24baires.com\/?p=115982","url_meta":{"origin":15845,"position":0},"title":"Bragado y Laprida vuelven oficialmente a fase 3","author":"AF","date":"18\/08\/2020","format":false,"excerpt":"As\u00ed lo defini\u00f3 el jefe de Gabinete, Carlos Bianco. En el caso de Laprida, responsabilizaron a \u201cmilitantes anticuarentena\u201d por la expansi\u00f3n del virus. Acorde a las nuevas directivas de Provincia de cara al nuevo recambio de etapa de cuarentena, es oficial la vuelta a fase 3 en los distritos de\u2026","rel":"","context":"En \u00abProvincia\u00bb","block_context":{"text":"Provincia","link":"https:\/\/www.24baires.com\/?cat=40"},"img":{"alt_text":"","src":"https:\/\/i0.wp.com\/www.24baires.com\/wp-content\/uploads\/2013\/07\/barbijos.jpg?resize=350%2C200","width":350,"height":200,"srcset":"https:\/\/i0.wp.com\/www.24baires.com\/wp-content\/uploads\/2013\/07\/barbijos.jpg?resize=350%2C200 1x, https:\/\/i0.wp.com\/www.24baires.com\/wp-content\/uploads\/2013\/07\/barbijos.jpg?resize=525%2C300 1.5x"},"classes":[]},{"id":27877,"url":"https:\/\/www.24baires.com\/?p=27877","url_meta":{"origin":15845,"position":1},"title":"Lomas de Zamora: asesinan a un hombre de un balazo en la cabeza para robarle la moto","author":"AF","date":"09\/07\/2013","format":false,"excerpt":"El caso ayer en el partido de Lomas de Zamora. La v\u00edctima, de 32 a\u00f1os, realizaba trabajos de mensajer\u00eda en moto. Le quisieron robar. Y le tiraron. La bala atraves\u00f3 el casco que llevaba puesto. Hay cinco detenidos. Un hombre fue asesinado de un balazo en la cabeza por delincuentes\u2026","rel":"","context":"En \u00abPoliciales\u00bb","block_context":{"text":"Policiales","link":"https:\/\/www.24baires.com\/?cat=49"},"img":{"alt_text":"","src":"","width":0,"height":0},"classes":[]},{"id":3982,"url":"https:\/\/www.24baires.com\/?p=3982","url_meta":{"origin":15845,"position":2},"title":"Cruce de Ruta 226 y Ruta 86, anegado","author":"AF","date":"31\/10\/2012","format":false,"excerpt":"En la intersecci\u00f3n de la Rutas 226 y 86, la masa de agua provocada por las \u00faltimas precipitaciones y el avance de los caudales, ha hecho que cruce la cinta asf\u00e1ltica, generando inconvenientes al importante tr\u00e1nsito que circula por dichas rutas. Se trata de un panorama que muestra la complejidad\u2026","rel":"","context":"En \u00abLocales\u00bb","block_context":{"text":"Locales","link":"https:\/\/www.24baires.com\/?cat=38"},"img":{"alt_text":"","src":"https:\/\/i0.wp.com\/www.24baires.com\/wp-content\/uploads\/2012\/10\/226-y-86.jpg?resize=350%2C200","width":350,"height":200},"classes":[]},{"id":46359,"url":"https:\/\/www.24baires.com\/?p=46359","url_meta":{"origin":15845,"position":3},"title":"Durante el primer mes de controles de motos se secuestraron 70 armas de fuego","author":"GB","date":"20\/05\/2014","format":false,"excerpt":"Los operativos se dieron en el marco de la entrada en vigencia de la resoluci\u00f3n que obliga a los acompa\u00f1antes de los motociclistas a llevar cascos y chalecos con el n\u00famero de la patente. El jefe de Gabinete de la provincia de Buenos Aires, Alberto P\u00e9rez, inform\u00f3 este martes que\u2026","rel":"","context":"En \u00abProvincia\u00bb","block_context":{"text":"Provincia","link":"https:\/\/www.24baires.com\/?cat=40"},"img":{"alt_text":"acompa\u00f1ante moto","src":"https:\/\/i0.wp.com\/www.24baires.com\/wp-content\/uploads\/2014\/04\/acompa%C3%B1ante-moto.jpg?resize=350%2C200","width":350,"height":200,"srcset":"https:\/\/i0.wp.com\/www.24baires.com\/wp-content\/uploads\/2014\/04\/acompa%C3%B1ante-moto.jpg?resize=350%2C200 1x, https:\/\/i0.wp.com\/www.24baires.com\/wp-content\/uploads\/2014\/04\/acompa%C3%B1ante-moto.jpg?resize=525%2C300 1.5x"},"classes":[]},{"id":60120,"url":"https:\/\/www.24baires.com\/?p=60120","url_meta":{"origin":15845,"position":4},"title":"Arba detect\u00f3 400 motos de agua sin declarar en una playa de Pinamar","author":"AF","date":"15\/01\/2015","format":false,"excerpt":"Durante un operativo de control realizado en la selecta playa La Frontera, de Pinamar, un centenar de inspectores de la Agencia de Recaudaci\u00f3n de la provincia de Buenos Aires, conducidos por el titular del organismo, Iv\u00e1n Budassi, detectaron m\u00e1s de 400 motos de agua y jet ski que se encontraban\u2026","rel":"","context":"En \u00abLocales\u00bb","block_context":{"text":"Locales","link":"https:\/\/www.24baires.com\/?cat=38"},"img":{"alt_text":"","src":"","width":0,"height":0},"classes":[]},{"id":43850,"url":"https:\/\/www.24baires.com\/?p=43850","url_meta":{"origin":15845,"position":5},"title":"El uso de casco y chaleco con patente en las motos ya es obligatorio","author":"GB","date":"14\/04\/2014","format":false,"excerpt":"La no utilizaci\u00f3n de estos elementos ser\u00e1 considerada una falta grave por las autoridades de la Provincia que podr\u00e1n retener el veh\u00edculo y la licencia del conductor. En el marco de la emergencia en seguridad decretada en el territorio bonaerense, el gobierno de Daniel Scioli puso en marcha este lunes\u2026","rel":"","context":"En \u00abProvincia\u00bb","block_context":{"text":"Provincia","link":"https:\/\/www.24baires.com\/?cat=40"},"img":{"alt_text":"motos","src":"https:\/\/i0.wp.com\/www.24baires.com\/wp-content\/uploads\/2014\/04\/motos-199x300.jpg?resize=350%2C200","width":350,"height":200},"classes":[]}],"jetpack_sharing_enabled":true,"jetpack_likes_enabled":true,"_links":{"self":[{"href":"https:\/\/www.24baires.com\/index.php?rest_route=\/wp\/v2\/posts\/15845","targetHints":{"allow":["GET"]}}],"collection":[{"href":"https:\/\/www.24baires.com\/index.php?rest_route=\/wp\/v2\/posts"}],"about":[{"href":"https:\/\/www.24baires.com\/index.php?rest_route=\/wp\/v2\/types\/post"}],"author":[{"embeddable":true,"href":"https:\/\/www.24baires.com\/index.php?rest_route=\/wp\/v2\/users\/4"}],"replies":[{"embeddable":true,"href":"https:\/\/www.24baires.com\/index.php?rest_route=%2Fwp%2Fv2%2Fcomments&post=15845"}],"version-history":[{"count":1,"href":"https:\/\/www.24baires.com\/index.php?rest_route=\/wp\/v2\/posts\/15845\/revisions"}],"predecessor-version":[{"id":15847,"href":"https:\/\/www.24baires.com\/index.php?rest_route=\/wp\/v2\/posts\/15845\/revisions\/15847"}],"wp:attachment":[{"href":"https:\/\/www.24baires.com\/index.php?rest_route=%2Fwp%2Fv2%2Fmedia&parent=15845"}],"wp:term":[{"taxonomy":"category","embeddable":true,"href":"https:\/\/www.24baires.com\/index.php?rest_route=%2Fwp%2Fv2%2Fcategories&post=15845"},{"taxonomy":"post_tag","embeddable":true,"href":"https:\/\/www.24baires.com\/index.php?rest_route=%2Fwp%2Fv2%2Ftags&post=15845"}],"curies":[{"name":"wp","href":"https:\/\/api.w.org\/{rel}","templated":true}]}}