{"id":15807,"date":"2013-02-16T11:00:30","date_gmt":"2013-02-16T14:00:30","guid":{"rendered":"http:\/\/www.24baires.com\/?p=15807"},"modified":"2013-02-16T11:11:47","modified_gmt":"2013-02-16T14:11:47","slug":"se-complica-la-situacion-del-curandero-al-que-juzgan-por-el-presunto-abuso-de-una-nina","status":"publish","type":"post","link":"https:\/\/www.24baires.com\/?p=15807","title":{"rendered":"Se complica la situaci\u00f3n del curandero al que juzgan por el presunto abuso de una ni\u00f1a"},"content":{"rendered":"<p>El fiscal ya pidi\u00f3 la elevaci\u00f3n a juicio de la causa por el presunto abuso de una ni\u00f1a de 12 a\u00f1os en <strong>Olavarr\u00eda<\/strong>. Pero podr\u00edan unificarse las causas con otras dos denuncias presentadas posteriormente.<!--more--><br \/>\nRa\u00fal Guerre\u00f1o G\u00f3mez, el manosanta procesado por el presunto abuso de una ni\u00f1a olavarriense de doce a\u00f1os y conocido como el \u00abmaestro\u00bb o el \u00abHermano Ra\u00fal\u00bb, estar\u00eda siendo investigado por otros dos delitos similares y todas las causas en su contra podr\u00edan ser unificadas, lo que \u00abrobustecer\u00eda la investigaci\u00f3n\u00bb, seg\u00fan se\u00f1al\u00f3 el fiscal Mart\u00edn Pizzolo, en quien recaer\u00eda la instrucci\u00f3n por ser quien est\u00e1 a cargo de la denuncia m\u00e1s antigua.<\/p>\n<p>Pizzolo, a cargo de la Unidad Fiscal de Investigaci\u00f3n N\u00ba 5 de Olavarr\u00eda, ya solicit\u00f3 la elevaci\u00f3n a juicio de la causa por el presunto abuso que se habr\u00eda cometido en la quinta donde atend\u00eda a sus seguidores cuando visitaba esta ciudad.<\/p>\n<p>La defensa del \u00abmaestro Ra\u00fal\u00bb habr\u00eda presentado un recurso para intentar evitar el juicio oral y p\u00fablico, algo que por ahora est\u00e1 demorando la instancia final del proceso. Trascendi\u00f3 que las pericias psiqui\u00e1tricas y psicol\u00f3gicas demostrar\u00edan que es muy posible que la ni\u00f1a fuera veraz en sus dichos.<\/p>\n<p>A fines del a\u00f1o pasado una mujer de Carlos Casares que fue a hacerse atender por el curandero a Bol\u00edvar denunci\u00f3 que \u00e9ste la habr\u00eda manoseado y lo denunci\u00f3. El juez de Garant\u00edas Carlos Villamar\u00edn dict\u00f3 una orden para que fuera allanado el domicilio de la calle G\u00fcemes 434 de Bol\u00edvar, utilizado por Guerre\u00f1o como consultorio, la que se cumpli\u00f3 cuando en el lugar hab\u00eda decenas de personas haciendo cola para ver al \u00abhermano Ra\u00fal\u00bb.<\/p>\n<p>En ese momento qued\u00f3 demostrado claramente que muchas personas tienen una fe blindada en el manosanta, ya que muchos plantearon su descontento con el procedimiento policial.<\/p>\n<p>Guerre\u00f1o, oriundo de Rosario, est\u00e1 radicado en Bol\u00edvar desde hace unos diez a\u00f1os y all\u00ed ha instalado su sede central, aunque viaja por toda la regi\u00f3n para atender y, adem\u00e1s, para poblar el territorio bonaerense de santuarios del Gauchito Gil, el sant\u00f3n popular convertido en un fen\u00f3meno que se mantiene en crecimiento.<\/p>\n<p>En Olavarr\u00eda Guerre\u00f1o tambi\u00e9n instal\u00f3 un lugar para que la gente venere al Gauchito Gil, en un acto del que participaron miles de personas.<\/p>\n<p>A su vez, Guerre\u00f1o tambi\u00e9n es eje de un fen\u00f3meno masivo de proporciones, ya que sus seguidores se cuentan por miles y se lleg\u00f3 incluso al punto de que en algunas ciudades vecinas hubo protestas por los inconvenientes generados por la concentraci\u00f3n de personas que buscaba la cura para sus males en los supuestos poderes del \u00abmaestro Ra\u00fal\u00bb.<\/p>\n<p>Pero las cosas se complicaron en noviembre de 2011, cuando la madre de una nena de doce a\u00f1os radic\u00f3 una denuncia por presunto abuso contra el curandero devoto del Gauchito Gil. La ni\u00f1a, pr\u00e1cticamente en estado de shock, le revel\u00f3 a una t\u00eda que el presunto sanador la hizo desnudar y la manose\u00f3, situ\u00e1ndose incluso encima de ella aunque sin llegar a la penetraci\u00f3n.<\/p>\n<p>Despu\u00e9s de varias semanas sin avances visibles en la investigaci\u00f3n, todo se aceler\u00f3 despu\u00e9s de la realizaci\u00f3n de una C\u00e1mara Gesell, un sistema para interrogar a ni\u00f1os sin que la presencia de adultos los intimide o afecte de alguna manera.<\/p>\n<p>De esa diligencia particip\u00f3 tambi\u00e9n el juez de Garant\u00edas Carlos Villamar\u00edn. La declaraci\u00f3n de la ni\u00f1a, sumada a las pericias debi\u00f3 haber sido lo suficientemente convincente como para que el magistrado rechazara el pedido de sobreseimiento del manosanta.<\/p>\n<p>Como para complicar m\u00e1s su situaci\u00f3n, se le sumaron las otras denuncias por hechos similares. El fiscal Mart\u00edn Pizzolo estim\u00f3 que lo l\u00f3gico ser\u00eda que al tratarse de delitos similares cometidos en el mismo Departamento Judicial las causas se unificaran, lo que implicar\u00eda que \u00e9l instruyera entonces las actuaciones.<\/p>\n<p>Esto \u00abrobustecer\u00eda la investigaci\u00f3n, porque ahora tendr\u00edamos otras denuncias por el mismo tipo de delito\u00bb, lo que dar\u00eda m\u00e1s verosimilitud a las imputaciones.<\/p>\n<p>En medios judiciales se estimaba que la causa podr\u00eda derivar en un juicio abreviado, en el que la parte acusada admitir\u00eda una condena negociada entre la defensa y el fiscal.<\/p>\n<p>Al respecto, el doctor Mart\u00edn Pizzolo indic\u00f3 que \u00abhasta ahora la defensa no me ha planteado la posibilidad de un juicio abreviado. Si se lo hiciera, entonces pedir\u00eda la cantidad de a\u00f1os de prisi\u00f3n que estimo corresponden. Por eso no creo que se llegue a plantear esa posibilidad.<\/p>\n<p>Sobre los delitos contra la integridad sexual, el C\u00f3digo Penal establece que \u00abser\u00e1 reprimido con reclusi\u00f3n o prisi\u00f3n de 6 meses a 4 a\u00f1os el que abusare sexualmente de persona de uno u otro sexo cuando, \u00e9sta fuera menor de 13 a\u00f1os o cuando mediare violencia, amenaza, abuso coactivo o intimidatorio de una relaci\u00f3n de dependencia, de autoridad, o de poder, o aprovech\u00e1ndose de que la v\u00edctima por cualquier causa no haya podido consentir libremente la acci\u00f3n. La pena ser\u00e1 de 4 a 10 a\u00f1os de reclusi\u00f3n o prisi\u00f3n cuando el abuso por su duraci\u00f3n o circunstancias de su realizaci\u00f3n, hubiere configurado un sometimiento sexual gravemente ultrajante para la v\u00edctima\u00bb.<\/p>\n<p>&nbsp;<\/p>\n<p>&nbsp;<\/p>\n<p>&nbsp;<\/p>\n<p>&nbsp;<\/p>\n<p>&nbsp;<\/p>\n<p>&nbsp;<\/p>\n<p>&nbsp;<\/p>\n<p>&nbsp;<\/p>\n<p>&nbsp;<\/p>\n<p>&nbsp;<\/p>\n<p>&nbsp;<\/p>\n<p>&nbsp;<\/p>\n<p>&nbsp;<\/p>\n<p>&nbsp;<\/p>\n<p>&nbsp;<\/p>\n<p>&nbsp;<\/p>\n<p>&nbsp;<\/p>\n<p>&nbsp;<\/p>\n","protected":false},"excerpt":{"rendered":"<p>El fiscal ya pidi\u00f3 la elevaci\u00f3n a juicio de la causa por el presunto abuso de una ni\u00f1a de 12 a\u00f1os en Olavarr\u00eda. Pero podr\u00edan unificarse las causas con otras dos denuncias presentadas posteriormente.<\/p>\n","protected":false},"author":4,"featured_media":0,"comment_status":"open","ping_status":"open","sticky":false,"template":"","format":"standard","meta":{"_jetpack_newsletter_access":"","_jetpack_dont_email_post_to_subs":false,"_jetpack_newsletter_tier_id":0,"_jetpack_memberships_contains_paywalled_content":false,"_jetpack_memberships_contains_paid_content":false,"footnotes":""},"categories":[1],"tags":[],"class_list":["post-15807","post","type-post","status-publish","format-standard","hentry","category-sociedad"],"jetpack_featured_media_url":"","jetpack_shortlink":"https:\/\/wp.me\/p2JWE0-46X","jetpack-related-posts":[{"id":112969,"url":"https:\/\/www.24baires.com\/?p=112969","url_meta":{"origin":15807,"position":0},"title":"Un alivio para Stornelli: pospusieron su declaraci\u00f3n","author":"AF","date":"12\/11\/2019","format":false,"excerpt":"El fiscal ten\u00eda que declarar por primera vez en la causa por presunto espionaje y extorsi\u00f3n que lo tiene como imputado. El abogado Roberto Ribas renunci\u00f3 este martes a la defensa del fiscal federal Carlos Stornelli y con su abrupta salida se origin\u00f3 una suspensi\u00f3n de la declaraci\u00f3n indagatoria a\u2026","rel":"","context":"En \u00abJUDICIALES\u00bb","block_context":{"text":"JUDICIALES","link":"https:\/\/www.24baires.com\/?cat=68"},"img":{"alt_text":"","src":"https:\/\/i0.wp.com\/www.24baires.com\/wp-content\/uploads\/2019\/03\/stornelli-1.jpg?resize=350%2C200","width":350,"height":200,"srcset":"https:\/\/i0.wp.com\/www.24baires.com\/wp-content\/uploads\/2019\/03\/stornelli-1.jpg?resize=350%2C200 1x, https:\/\/i0.wp.com\/www.24baires.com\/wp-content\/uploads\/2019\/03\/stornelli-1.jpg?resize=525%2C300 1.5x"},"classes":[]},{"id":105991,"url":"https:\/\/www.24baires.com\/?p=105991","url_meta":{"origin":15807,"position":1},"title":"Imputaron al senador Juan Carlos Marino por el abuso sexual a una empleada en el Congreso","author":"AF","date":"18\/12\/2018","format":false,"excerpt":"El fiscal federal Federico Delgado imput\u00f3 al senador y a sus colaboradores Pedro Fiorda y Juan Carlos Amarilla. El fiscal federal Federico Delgado imput\u00f3 al senador nacional por La Pampa, Juan Carlos Marino (UCR), y a dos de sus asesores en la causa donde fue denunciado por presunto abuso sexual.\u2026","rel":"","context":"En \u00abSociedad\u00bb","block_context":{"text":"Sociedad","link":"https:\/\/www.24baires.com\/?cat=1"},"img":{"alt_text":"","src":"https:\/\/i0.wp.com\/www.24baires.com\/wp-content\/uploads\/2018\/12\/marino.png?resize=350%2C200","width":350,"height":200,"srcset":"https:\/\/i0.wp.com\/www.24baires.com\/wp-content\/uploads\/2018\/12\/marino.png?resize=350%2C200 1x, https:\/\/i0.wp.com\/www.24baires.com\/wp-content\/uploads\/2018\/12\/marino.png?resize=525%2C300 1.5x"},"classes":[]},{"id":108464,"url":"https:\/\/www.24baires.com\/?p=108464","url_meta":{"origin":15807,"position":2},"title":"Mar del Plata: comenz\u00f3 el juicio a un sargento acusado de abusar a una soldado","author":"GB","date":"29\/05\/2019","format":false,"excerpt":"Seg\u00fan el abogado de la v\u00edctima, \"la abus\u00f3 usando el poder que ten\u00eda sobre ella\". Comenz\u00f3 el juicio contra un sargento primero del Ej\u00e9rcito Argentino acusado por presunto abuso sexual de una soldado voluntaria en el GADA 601. Franco Sebasti\u00e1n Vizcarra D\u00edaz fue denunciado en octubre de 2017 por una\u2026","rel":"","context":"En \u00abPoliciales\u00bb","block_context":{"text":"Policiales","link":"https:\/\/www.24baires.com\/?cat=49"},"img":{"alt_text":"","src":"https:\/\/i0.wp.com\/www.24baires.com\/wp-content\/uploads\/2019\/05\/gada.jpg?resize=350%2C200","width":350,"height":200,"srcset":"https:\/\/i0.wp.com\/www.24baires.com\/wp-content\/uploads\/2019\/05\/gada.jpg?resize=350%2C200 1x, https:\/\/i0.wp.com\/www.24baires.com\/wp-content\/uploads\/2019\/05\/gada.jpg?resize=525%2C300 1.5x"},"classes":[]},{"id":112360,"url":"https:\/\/www.24baires.com\/?p=112360","url_meta":{"origin":15807,"position":3},"title":"Piden elevar a juicio la causa por los abusos sexuales en el Instituto Pr\u00f3volo de La Plata","author":"GB","date":"04\/10\/2019","format":false,"excerpt":"Lo solicit\u00f3 la fiscal Cecilia Corfield. Las vejaciones habr\u00edan ocurrido durante las d\u00e9cadas 80 y 90. Entre los acusados figura un profesor de Inform\u00e1tica quien cay\u00f3 el 29 de abril pasado en Misiones. Tambi\u00e9n est\u00e1n imputados dos sacerdotes: Nicol\u00e1s Corradi y Eliseo Pirmati La fiscal\u00eda penal de La Plata pidi\u00f3\u2026","rel":"","context":"En \u00abPoliciales\u00bb","block_context":{"text":"Policiales","link":"https:\/\/www.24baires.com\/?cat=49"},"img":{"alt_text":"","src":"https:\/\/i0.wp.com\/www.24baires.com\/wp-content\/uploads\/2019\/10\/escuela-talleres.jpg?resize=350%2C200","width":350,"height":200,"srcset":"https:\/\/i0.wp.com\/www.24baires.com\/wp-content\/uploads\/2019\/10\/escuela-talleres.jpg?resize=350%2C200 1x, https:\/\/i0.wp.com\/www.24baires.com\/wp-content\/uploads\/2019\/10\/escuela-talleres.jpg?resize=525%2C300 1.5x"},"classes":[]},{"id":115304,"url":"https:\/\/www.24baires.com\/?p=115304","url_meta":{"origin":15807,"position":4},"title":"Vidal complicada por una causa de inteligencia en la Provincia","author":"AF","date":"10\/06\/2020","format":false,"excerpt":"La Justicia investiga presuntas tareas de inteligencia sobre polic\u00edas, funcionarios judiciales y pol\u00edticos que habr\u00edan sido llevadas a cabo desde Asuntos Internos. El ex titular de Asuntos Internos bonaerense, Guillermo Berra, fue citado a indagatoria por la fiscal Cecilia Corfield en el marco de una causa por \u201cAbuso de autoridad\u2026","rel":"","context":"En \u00abProvincia\u00bb","block_context":{"text":"Provincia","link":"https:\/\/www.24baires.com\/?cat=40"},"img":{"alt_text":"","src":"https:\/\/i0.wp.com\/www.24baires.com\/wp-content\/uploads\/2019\/10\/voto-vidal.jpg?resize=350%2C200","width":350,"height":200,"srcset":"https:\/\/i0.wp.com\/www.24baires.com\/wp-content\/uploads\/2019\/10\/voto-vidal.jpg?resize=350%2C200 1x, https:\/\/i0.wp.com\/www.24baires.com\/wp-content\/uploads\/2019\/10\/voto-vidal.jpg?resize=525%2C300 1.5x"},"classes":[]},{"id":105882,"url":"https:\/\/www.24baires.com\/?p=105882","url_meta":{"origin":15807,"position":5},"title":"Detuvieron a Rodrigo Eguillor por abuso sexual","author":"GB","date":"12\/12\/2018","format":false,"excerpt":"Fue apresado en la casa del padre, ubicada en un country de Ezeiza, en el marco de la causa por la joven a la que presuntamente priv\u00f3 de su libertad en un departamento de San Telmo. Rodrigo Eguillor fue detenido en las \u00faltimas horas por la causa en la que\u2026","rel":"","context":"En \u00abPoliciales\u00bb","block_context":{"text":"Policiales","link":"https:\/\/www.24baires.com\/?cat=49"},"img":{"alt_text":"","src":"https:\/\/i0.wp.com\/www.24baires.com\/wp-content\/uploads\/2018\/12\/eguillor-detenido.jpg?resize=350%2C200","width":350,"height":200,"srcset":"https:\/\/i0.wp.com\/www.24baires.com\/wp-content\/uploads\/2018\/12\/eguillor-detenido.jpg?resize=350%2C200 1x, https:\/\/i0.wp.com\/www.24baires.com\/wp-content\/uploads\/2018\/12\/eguillor-detenido.jpg?resize=525%2C300 1.5x"},"classes":[]}],"jetpack_sharing_enabled":true,"jetpack_likes_enabled":true,"_links":{"self":[{"href":"https:\/\/www.24baires.com\/index.php?rest_route=\/wp\/v2\/posts\/15807","targetHints":{"allow":["GET"]}}],"collection":[{"href":"https:\/\/www.24baires.com\/index.php?rest_route=\/wp\/v2\/posts"}],"about":[{"href":"https:\/\/www.24baires.com\/index.php?rest_route=\/wp\/v2\/types\/post"}],"author":[{"embeddable":true,"href":"https:\/\/www.24baires.com\/index.php?rest_route=\/wp\/v2\/users\/4"}],"replies":[{"embeddable":true,"href":"https:\/\/www.24baires.com\/index.php?rest_route=%2Fwp%2Fv2%2Fcomments&post=15807"}],"version-history":[{"count":2,"href":"https:\/\/www.24baires.com\/index.php?rest_route=\/wp\/v2\/posts\/15807\/revisions"}],"predecessor-version":[{"id":15809,"href":"https:\/\/www.24baires.com\/index.php?rest_route=\/wp\/v2\/posts\/15807\/revisions\/15809"}],"wp:attachment":[{"href":"https:\/\/www.24baires.com\/index.php?rest_route=%2Fwp%2Fv2%2Fmedia&parent=15807"}],"wp:term":[{"taxonomy":"category","embeddable":true,"href":"https:\/\/www.24baires.com\/index.php?rest_route=%2Fwp%2Fv2%2Fcategories&post=15807"},{"taxonomy":"post_tag","embeddable":true,"href":"https:\/\/www.24baires.com\/index.php?rest_route=%2Fwp%2Fv2%2Ftags&post=15807"}],"curies":[{"name":"wp","href":"https:\/\/api.w.org\/{rel}","templated":true}]}}